{"id":35254,"date":"2024-09-11T02:10:26","date_gmt":"2024-09-11T02:10:26","guid":{"rendered":"https:\/\/tvbrazilusa.com\/2024\/09\/11\/ong-recebe-novas-acusacoes-contra-silvio-almeida\/"},"modified":"2024-09-11T02:10:27","modified_gmt":"2024-09-11T02:10:27","slug":"ong-recebe-novas-acusacoes-contra-silvio-almeida","status":"publish","type":"post","link":"https:\/\/tvbrazilusa.com\/pt\/2024\/09\/11\/ong-recebe-novas-acusacoes-contra-silvio-almeida\/","title":{"rendered":"ONG recebe novas acusa\u00e7\u00f5es contra Silvio Almeida"},"content":{"rendered":"<p> <script async src=\"https:\/\/pagead2.googlesyndication.com\/pagead\/js\/adsbygoogle.js?client=ca-pub-8864793242727901\"\r\n     crossorigin=\"anonymous\"><\/script><br \/>\n<\/p>\n<div id=\"taboola-read-more\" style=\"display:block; width:100%\">\n<p>A ONG Me Too Brasil foi acionada recentemente por v\u00edtimas do ex-ministro dos Direitos Humanos, Silvio Almeida, para relatar den\u00fancias de ass\u00e9dio sexual. Inicialmente, quatro mulheres buscaram a entidade, conhecida por proteger mulheres que sofreram abusos sexuais, para fazer suas den\u00fancias.<\/p>\n<p>No entanto, conforme relatado pela coluna de Lauro Jardim no jornal O Globo, ap\u00f3s a repercuss\u00e3o do caso, novas v\u00edtimas de Almeida come\u00e7aram a surgir. A ONG n\u00e3o revela os nomes nem fornece detalhes espec\u00edficos sobre os casos, os quais agora est\u00e3o sob investiga\u00e7\u00e3o da Pol\u00edcia Federal e do Minist\u00e9rio P\u00fablico.<\/p>\n<h2 class=\"wp-block-heading\">Den\u00fancias de ass\u00e9dio sexual emergem contra Silvio Almeida<\/h2>\n<p>\u00a0<\/p>\n<p>Na \u00faltima quinta-feira (5), o portal Metr\u00f3poles divulgou as primeiras den\u00fancias, que foram confirmadas pela Me Too Brasil. A organiza\u00e7\u00e3o, que apoia mulheres v\u00edtimas de viol\u00eancia sexual, recebeu v\u00e1rias den\u00fancias contra o ent\u00e3o ministro. De acordo com fontes, as den\u00fancias come\u00e7aram a surgir imediatamente ap\u00f3s a amplifica\u00e7\u00e3o das acusa\u00e7\u00f5es nas m\u00eddias sociais e na imprensa.<\/p>\n<h2 class=\"wp-block-heading\">Quem s\u00e3o as v\u00edtimas e o que dizem as investiga\u00e7\u00f5es?<\/h2>\n<p>Embora a ONG Me Too Brasil mantenha sigilo absoluto sobre quem s\u00e3o as v\u00edtimas e os detalhes das den\u00fancias, sabe-se que o caso tomou grandes propor\u00e7\u00f5es. Uma das den\u00fancias mais impactantes veio da ministra da Igualdade Racial, Anielle Franco, que tamb\u00e9m se declarou v\u00edtima de Silvio Almeida. A investiga\u00e7\u00e3o est\u00e1 a cargo da Pol\u00edcia Federal e do Minist\u00e9rio P\u00fablico, entidades que agora trabalham para reunir provas e ouvir os depoimentos das v\u00edtimas.<\/p>\n<h2 class=\"wp-block-heading\">Como a repercuss\u00e3o do caso afetou a sociedade?<\/h2>\n<p>\u00a0<\/p>\n<p>O caso de Silvio Almeida causou como\u00e7\u00e3o nacional. Diversos setores da sociedade se mobilizaram em apoio \u00e0s v\u00edtimas, e o presidente Lula (PT) n\u00e3o hesitou em exonerar o ministro na sexta-feira (6). Essa atitude foi vista por muitos como um passo importante na luta contra o ass\u00e9dio sexual e um sinal de que o governo n\u00e3o tolerar\u00e1 tal comportamento.<\/p>\n<p>A repercuss\u00e3o na m\u00eddia tamb\u00e9m contribuiu para que mais v\u00edtimas se sentissem encorajadas a fazer suas den\u00fancias. Este fen\u00f4meno foi observado pela Me Too Brasil, que relatou um aumento significativo no n\u00famero de casos relatados ap\u00f3s a ampla divulga\u00e7\u00e3o inicial do caso.<\/p>\n<h2 class=\"wp-block-heading\">O que esperar a seguir?<\/h2>\n<p>\u00a0<\/p>\n<p>Para muitas pessoas, a investiga\u00e7\u00e3o \u00e9 apenas o come\u00e7o de um longo processo de justi\u00e7a e recupera\u00e7\u00e3o. A Me Too Brasil continuar\u00e1 a oferecer suporte \u00e0s v\u00edtimas, enquanto a Pol\u00edcia Federal e o Minist\u00e9rio P\u00fablico seguem com as investiga\u00e7\u00f5es. A expectativa \u00e9 que, nas pr\u00f3ximas semanas, mais detalhes venham \u00e0 tona e que medidas sejam tomadas para responsabilizar os culpados.Este caso abriu um debate importante sobre a necessidade de criar ambientes mais seguros para as mulheres, tanto no setor p\u00fablico quanto no privado. A luta est\u00e1 longe de terminar, mas cada nova den\u00fancia \u00e9 um passo crucial para a constru\u00e7\u00e3o de uma sociedade mais justa e igualit\u00e1ria.<\/p>\n<p>\u00a0<\/p>\n<p><strong>Resumo dos eventos:<\/strong><\/p>\n<ul class=\"wp-block-list\">\n<li>Quatro mulheres buscaram inicialmente a ONG Me Too Brasil para denunciar Silvio Almeida.<\/li>\n<li>Ap\u00f3s a exposi\u00e7\u00e3o do caso, outras v\u00edtimas come\u00e7aram a surgir.<\/li>\n<li>A Pol\u00edcia Federal e o Minist\u00e9rio P\u00fablico est\u00e3o investigando as den\u00fancias.<\/li>\n<li>Anielle Franco, ministra da Igualdade Racial, tamb\u00e9m se declarou v\u00edtima.<\/li>\n<li>Presidente Lula exonerou Silvio Almeida imediatamente ap\u00f3s as den\u00fancias se tornarem p\u00fablicas.<\/li>\n<\/ul>\n<p><strong>Terra Brasil Not\u00edcias\u00a0<\/strong><\/p>\n<\/p><\/div>\n<p><br \/>\n<br \/><a href=\"https:\/\/diariodobrasilnoticias.com.br\/noticia\/ong-recebe-novas-acusacoes-contra-silvio-almeida-66e0bcfa55dc5\">Source link <\/a><\/p>","protected":false},"excerpt":{"rendered":"<p>A ONG Me Too Brasil foi acionada recentemente por v\u00edtimas do ex-ministro dos Direitos Humanos, Silvio Almeida, para relatar den\u00fancias de ass\u00e9dio sexual. Inicialmente, quatro mulheres buscaram a entidade, conhecida&hellip;<\/p>","protected":false},"author":1,"featured_media":35255,"comment_status":"closed","ping_status":"open","sticky":false,"template":"","format":"standard","meta":{"content-type":"","footnotes":""},"categories":[16],"tags":[123,2448,5313,1267],"class_list":["post-35254","post","type-post","status-publish","format-standard","has-post-thumbnail","hentry","category-noticias","tag-brasil","tag-diario","tag-noticia","tag-noticias"],"_links":{"self":[{"href":"https:\/\/tvbrazilusa.com\/pt\/wp-json\/wp\/v2\/posts\/35254","targetHints":{"allow":["GET"]}}],"collection":[{"href":"https:\/\/tvbrazilusa.com\/pt\/wp-json\/wp\/v2\/posts"}],"about":[{"href":"https:\/\/tvbrazilusa.com\/pt\/wp-json\/wp\/v2\/types\/post"}],"author":[{"embeddable":true,"href":"https:\/\/tvbrazilusa.com\/pt\/wp-json\/wp\/v2\/users\/1"}],"replies":[{"embeddable":true,"href":"https:\/\/tvbrazilusa.com\/pt\/wp-json\/wp\/v2\/comments?post=35254"}],"version-history":[{"count":1,"href":"https:\/\/tvbrazilusa.com\/pt\/wp-json\/wp\/v2\/posts\/35254\/revisions"}],"predecessor-version":[{"id":35256,"href":"https:\/\/tvbrazilusa.com\/pt\/wp-json\/wp\/v2\/posts\/35254\/revisions\/35256"}],"wp:featuredmedia":[{"embeddable":true,"href":"https:\/\/tvbrazilusa.com\/pt\/wp-json\/wp\/v2\/media\/35255"}],"wp:attachment":[{"href":"https:\/\/tvbrazilusa.com\/pt\/wp-json\/wp\/v2\/media?parent=35254"}],"wp:term":[{"taxonomy":"category","embeddable":true,"href":"https:\/\/tvbrazilusa.com\/pt\/wp-json\/wp\/v2\/categories?post=35254"},{"taxonomy":"post_tag","embeddable":true,"href":"https:\/\/tvbrazilusa.com\/pt\/wp-json\/wp\/v2\/tags?post=35254"}],"curies":[{"name":"wp","href":"https:\/\/api.w.org\/{rel}","templated":true}]}}