{"id":35259,"date":"2024-09-11T02:07:09","date_gmt":"2024-09-11T02:07:09","guid":{"rendered":"https:\/\/tvbrazilusa.com\/2024\/09\/11\/pedido-de-impeachment-de-moraes-e-cadastrado-no-sistema-do-senado-paulo-figueiredo\/"},"modified":"2024-09-11T02:23:37","modified_gmt":"2024-09-11T02:23:37","slug":"pedido-de-impeachment-de-moraes-e-cadastrado-no-sistema-do-senado-paulo-figueiredo","status":"publish","type":"post","link":"https:\/\/tvbrazilusa.com\/pt\/2024\/09\/11\/pedido-de-impeachment-de-moraes-e-cadastrado-no-sistema-do-senado-paulo-figueiredo\/","title":{"rendered":"Pedido de impeachment de Moraes \u00e9 cadastrado no sistema do Senado &#8211; Paulo Figueiredo"},"content":{"rendered":"<p> <script async src=\"https:\/\/pagead2.googlesyndication.com\/pagead\/js\/adsbygoogle.js?client=ca-pub-8864793242727901\"\r\n     crossorigin=\"anonymous\"><\/script><br \/>\n<\/p>\n<div id=\"wtr-content\" data-bg=\"#FFFFFF\" data-fg=\"#006d91\" data-width=\"25\" data-mute=\"1\" data-fgopacity=\"1.00\" data-mutedopacity=\"0.5\" data-placement=\"bottom\" data-placement-offset=\"0\" data-content-offset=\"262\" data-placement-touch=\"bottom\" data-placement-offset-touch=\"0\" data-transparent=\"\" data-shadow=\"0\" data-touch=\"1\" data-non-touch=\"1\" data-comments=\"0\" data-commentsbg=\"transparent\" data-location=\"page\" data-mutedfg=\"#006d91\" data-endfg=\"#006d91\" data-rtl=\"\">\n<h3 class=\"wp-block-heading\">Documento foi entregue 1 dia antes a Pacheco; \u00e9 assinado por 152 deputados e tem o apoio de 31 senadores<\/h3>\n<p>O pedido de impeachment contra o ministro do STF (Supremo Tribunal Federal)\u00a0Alexandre de Moraes\u00a0feito pelos congressistas da oposi\u00e7\u00e3o ao presidente\u00a0Luiz In\u00e1cio Lula da Silva\u00a0(PT) chegou no sistema do Senado nesta 3\u00aa feira (10.set.2024). O requerimento foi\u00a0entregue\u00a0ao presidente do Casa Alta,\u00a0Rodrigo Pacheco\u00a0(PSD-MG), 1 dia antes.\u00a0<\/p>\n<p>O documento tem 53 p\u00e1ginas e detalha o que os integrantes da oposi\u00e7\u00e3o consideram como\u00a0<em>\u201ccrimes de responsabilidade\u201d\u00a0<\/em>do ministro. Foi assinado por 152 deputados e \u00e9 apoiado por 31 senadores.<\/p>\n<p>A oposi\u00e7\u00e3o pede a Pacheco tamb\u00e9m que seja instalada uma comiss\u00e3o especial para apurar a conduta de Moraes contra pol\u00edticos de direita.\u00a0<\/p>\n<p>Em paralelo ao requerimento, uma\u00a0<a href=\"https:\/\/www.change.org\/p\/impeachment-de-alexandre-de-moraes-pelo-bem-da-democracia\"><strong>peti\u00e7\u00e3o virtual<\/strong><\/a>\u00a0tem cerca 1,4 milh\u00e3o de assinaturas at\u00e9 a noite desta 3\u00aa feira (10.set).<\/p>\n<h3 class=\"wp-block-heading\">ENTENDA<\/h3>\n<p>O impeachment ganhou for\u00e7a entre a oposi\u00e7\u00e3o depois de vir a p\u00fablico mensagens que indicam o uso extraoficial do TSE (Tribunal Superior Eleitoral) para embasar investiga\u00e7\u00f5es contra bolsonaristas quando Moraes era presidente da Corte Eleitoral. O bloqueio do X, determinado pelo magistrado em 30 de agosto, tamb\u00e9m aumentou a press\u00e3o sob o ministro.\u00a0<\/p>\n<p>A entrega foi feita por deputados e senadores pessoalmente no gabinete de Pacheco, em um gesto pol\u00edtico.\u00a0O objetivo \u00e9 pressionar o senador mineiro a avan\u00e7ar com o pedido de destitui\u00e7\u00e3o de Moraes, j\u00e1 que a an\u00e1lise do pedido cabe \u00e0 Casa Alta.<\/p>\n<p>Ao receber o requerimento em m\u00e3os dos bolsonaristas, Pacheco disse que ter\u00e1 uma\u00a0<em>\u201cdecis\u00e3o fundamentada\u201d\u00a0<\/em>que considerar\u00e1\u00a0<em>\u201ccrit\u00e9rios t\u00e9cnicos e pol\u00edticos\u201d<\/em>.\u00a0<\/p>\n<p>O pedido \u00e9 encabe\u00e7ado pelos deputados\u00a0Bia Kicis\u00a0(PL-DF),\u00a0Carol De Toni\u00a0(PL-SC) e\u00a0Marcel Van Hattem\u00a0(Novo-RS) e o juiz Sebasti\u00e3o Coelho.<\/p>\n<p>Embora muitos deputados apoiem o impeachment de Moraes, isso tem um peso pol\u00edtico mais simb\u00f3lico do que pr\u00e1tico.<\/p>\n<p>O processo de impeachment de ministros do STF deve ser iniciado no Senado. Se Pacheco\u00a0decidir avan\u00e7ar com o processo, o julgamento ser\u00e1 exclusivamente responsabilidade dos senadores, sem a influ\u00eancia direta dos deputados.<\/p>\n<h3 class=\"wp-block-heading\"><strong>IMPEACHMENT\u00a0<\/strong><\/h3>\n<p>O rito de impeachment de um ministro do Supremo \u00e9 semelhante ao realizado no caso de presidentes da Rep\u00fablica. A situa\u00e7\u00e3o seria in\u00e9dita, uma vez que nunca um magistrado da Corte foi destitu\u00eddo.<\/p>\n<p>Uma das diferen\u00e7as \u00e9 quem d\u00e1 in\u00edcio ao processo. No caso de presidentes, o pedido deve ser aceito pelo l\u00edder da C\u00e2mara dos Deputados. J\u00e1 para ministros do STF, por quem estiver no comando do Senado. Hoje, Pacheco.<\/p>\n<p>A lei que regulamenta o processo de impeachment \u00e9 de 1950. O texto indica 5 hip\u00f3teses para que um ministro do STF seja destitu\u00eddo. S\u00e3o elas:<\/p>\n<ul class=\"wp-block-list\">\n<li>alterar, por qualquer forma, exceto por via de recurso, a decis\u00e3o ou voto j\u00e1 proferido em sess\u00e3o do Tribunal;<\/li>\n<li>proferir julgamento, quando, por lei, seja suspeito na causa;<\/li>\n<li>exercer atividade pol\u00edtico-partid\u00e1ria;<\/li>\n<li>ser patentemente desidioso (agir com neglig\u00eancia) no cumprimento dos deveres do cargo;<\/li>\n<li>proceder de modo incompat\u00edvel com a honra, dignidade e decoro de suas fun\u00e7\u00f5es.<\/li>\n<\/ul>\n<p>Caso o presidente do Senado acate o pedido, o processo de impeachment \u00e9 iniciado. \u201cRecebida a den\u00fancia pela mesa do Senado, ser\u00e1 lida no expediente da sess\u00e3o seguinte e despachada a uma comiss\u00e3o especial, eleita para opinar sobre a mesma\u201d, diz a lei.<\/p>\n<p>Essa comiss\u00e3o deve se reunir em at\u00e9 48 horas e eleger o presidente e relator. Em at\u00e9 10 dias, deve ser produzido um parecer \u201csobre se a den\u00fancia deve ser, ou n\u00e3o, julgada objeto de delibera\u00e7\u00e3o\u201d.<\/p>\n<p>Se a Casa considerar que a den\u00fancia \u00e9 procedente, o denunciado vai:<\/p>\n<ul class=\"wp-block-list\">\n<li>ficar suspenso do exerc\u00edcio das suas fun\u00e7\u00f5es at\u00e9 a senten\u00e7a final;<\/li>\n<li>ficar sujeito a acusa\u00e7\u00e3o criminal;<\/li>\n<li>perder, at\u00e9 a senten\u00e7a final, 1\/3 dos vencimentos, que lhe ser\u00e1 pago no caso de absolvi\u00e7\u00e3o.<\/li>\n<\/ul>\n<p>Depois de todo esse tr\u00e2mite, o plen\u00e1rio do Senado se re\u00fane para o julgamento do impeachment. Ser\u00e1 lido processo e, em seguida, os presentes ouvem testemunhas do caso.<\/p>\n<p><em>\u201cO acusador e o acusado, ou os seus procuradores, poder\u00e3o reinquirir as testemunhas, contest\u00e1-las sem interromp\u00ea-las e requerer a sua acarea\u00e7\u00e3o. Qualquer senador poder\u00e1 requerer sejam feitas as perguntas que julgar necess\u00e1rias\u201d<\/em>, diz a lei.<\/p>\n<p>H\u00e1 um debate oral e, na sequ\u00eancia, a vota\u00e7\u00e3o em si, que ser\u00e1 nominal. Os senadores devem responder\u00a0<em>\u201csim\u201d<\/em>\u00a0ou\u00a0<em>\u201cn\u00e3o\u201d<\/em>\u00a0\u00e0 seguinte pergunta:<em>\u00a0\u201cCometeu o acusado o crime que lhe \u00e9 imputado e deve ser condenado \u00e0 perda do seu cargo?\u201d<\/em>.<\/p>\n<p>Se a resposta afirmativa obtiver, pelo menos, 2\/3 ter\u00e7os dos votos dos senadores presentes, haver\u00e1 uma nova consulta ao plen\u00e1rio sobre o tempo durante o qual o condenado deve ficar inabilitado para o exerc\u00edcio de qualquer fun\u00e7\u00e3o p\u00fablica. Esse tempo n\u00e3o pode ultrapassar 8 anos.<\/p>\n<p><strong><a href=\"https:\/\/www.poder360.com.br\/poder-congresso\/pedido-de-impeachment-de-moraes-e-cadastrado-no-sistema-do-senado\/\">Source link<\/a><\/strong><\/p>\n<\/div>\n<p><br \/>\n<br \/><a href=\"https:\/\/paulofigueiredoshow.com\/pedido-de-impeachment-de-moraes-e-cadastrado-no-sistema-do-senado\/\">Source link <\/a><\/p>","protected":false},"excerpt":{"rendered":"<p>Documento foi entregue 1 dia antes a Pacheco; \u00e9 assinado por 152 deputados e tem o apoio de 31 senadores O pedido de impeachment contra o ministro do STF (Supremo&hellip;<\/p>","protected":false},"author":1,"featured_media":15250,"comment_status":"closed","ping_status":"open","sticky":false,"template":"","format":"standard","meta":{"content-type":"","footnotes":""},"categories":[16],"tags":[19168,425,2313,1601,295,78],"class_list":["post-35259","post","type-post","status-publish","format-standard","has-post-thumbnail","hentry","category-noticias","tag-impeachmet","tag-moraes","tag-oposicao","tag-pacheco","tag-pedido","tag-senado"],"_links":{"self":[{"href":"https:\/\/tvbrazilusa.com\/pt\/wp-json\/wp\/v2\/posts\/35259","targetHints":{"allow":["GET"]}}],"collection":[{"href":"https:\/\/tvbrazilusa.com\/pt\/wp-json\/wp\/v2\/posts"}],"about":[{"href":"https:\/\/tvbrazilusa.com\/pt\/wp-json\/wp\/v2\/types\/post"}],"author":[{"embeddable":true,"href":"https:\/\/tvbrazilusa.com\/pt\/wp-json\/wp\/v2\/users\/1"}],"replies":[{"embeddable":true,"href":"https:\/\/tvbrazilusa.com\/pt\/wp-json\/wp\/v2\/comments?post=35259"}],"version-history":[{"count":1,"href":"https:\/\/tvbrazilusa.com\/pt\/wp-json\/wp\/v2\/posts\/35259\/revisions"}],"predecessor-version":[{"id":35260,"href":"https:\/\/tvbrazilusa.com\/pt\/wp-json\/wp\/v2\/posts\/35259\/revisions\/35260"}],"wp:featuredmedia":[{"embeddable":true,"href":"https:\/\/tvbrazilusa.com\/pt\/wp-json\/wp\/v2\/media\/15250"}],"wp:attachment":[{"href":"https:\/\/tvbrazilusa.com\/pt\/wp-json\/wp\/v2\/media?parent=35259"}],"wp:term":[{"taxonomy":"category","embeddable":true,"href":"https:\/\/tvbrazilusa.com\/pt\/wp-json\/wp\/v2\/categories?post=35259"},{"taxonomy":"post_tag","embeddable":true,"href":"https:\/\/tvbrazilusa.com\/pt\/wp-json\/wp\/v2\/tags?post=35259"}],"curies":[{"name":"wp","href":"https:\/\/api.w.org\/{rel}","templated":true}]}}