{"id":35263,"date":"2024-09-11T02:35:58","date_gmt":"2024-09-11T02:35:58","guid":{"rendered":"https:\/\/tvbrazilusa.com\/2024\/09\/11\/eua-acusam-o-ira-de-fornecer-misseis-balisticos-para-a-russia\/"},"modified":"2024-09-11T02:35:59","modified_gmt":"2024-09-11T02:35:59","slug":"eua-acusam-o-ira-de-fornecer-misseis-balisticos-para-a-russia","status":"publish","type":"post","link":"https:\/\/tvbrazilusa.com\/pt\/2024\/09\/11\/eua-acusam-o-ira-de-fornecer-misseis-balisticos-para-a-russia\/","title":{"rendered":"EUA acusam o Ir\u00e3 de fornecer m\u00edsseis bal\u00edsticos para a R\u00fassia"},"content":{"rendered":"<p> <script async src=\"https:\/\/pagead2.googlesyndication.com\/pagead\/js\/adsbygoogle.js?client=ca-pub-8864793242727901\"\r\n     crossorigin=\"anonymous\"><\/script><br \/>\n<\/p>\n<div id=\"taboola-read-more\" style=\"display:block; width:100%\">\n<p>O governo dos Estados Unidos acusou o Ir\u00e3 de fornecer m\u00edsseis bal\u00edsticos para a R\u00fassia, que podem ser usados nos pr\u00f3ximos dias contra o territ\u00f3rio da Ucr\u00e2nia. A revela\u00e7\u00e3o foi feita pelo secret\u00e1rio de Estado do pa\u00eds, Antony Blinken, nesta ter\u00e7a-feira (10\/9).<\/p>\n<p>De acordo com o diplomata norte-americano, militares russos foram treinados no Ir\u00e3 para aprenderem a utilizar os m\u00edsseis de curto alcance Fath-360, de fabrica\u00e7\u00e3o iraniana.<\/p>\n<p>\u201cA R\u00fassia agora recebeu remessas desses m\u00edsseis bal\u00edsticos e provavelmente os usar\u00e1 dentro de semanas na Ucr\u00e2nia contra ucranianos\u201d, declarou Blinken durante coletiva de imprensa em Londres. \u201cA R\u00fassia tem uma s\u00e9rie de seus pr\u00f3prios m\u00edsseis bal\u00edsticos, mas o fornecimento de m\u00edsseis iranianos permite que a R\u00fassia use mais de seu arsenal para alvos que est\u00e3o mais longe da linha de frente, enquanto dedica os novos m\u00edsseis que est\u00e1 recebendo do Ir\u00e3 para alvos de menor alcance\u201d.<\/p>\n<p>Washington anunciou novas san\u00e7\u00f5es contra Moscou e Teer\u00e3 pela suposta coopera\u00e7\u00e3o militar, que beneficiaria a R\u00fassia na guerra que se estende por mais de dois anos. Ao todo, duas empresas de transporte e uma companhia a\u00e9rea foram alvos das medidas.<\/p>\n<p>O Departamento do Tesouro dos EUA ainda aplicou diversas san\u00e7\u00f5es contra cidad\u00e3os iranianos.<\/p>\n<h4>Ir\u00e3 chama acusa\u00e7\u00e3o de propaganda<\/h4>\n<p>Ap\u00f3s a acusa\u00e7\u00e3o, o governo iraniano classificou a alega\u00e7\u00e3o dos EUA como \u201cpropaganda feia\u201d.\u201cA publica\u00e7\u00e3o de relat\u00f3rios falsos e enganosos sobre a transfer\u00eancia de armas iranianas para alguns pa\u00edses \u00e9 simplesmente uma propaganda feia para esconder o grande apoio ilegal de armas dos Estados Unidos e de alguns pa\u00edses ocidentais ao genoc\u00eddio em Gaza\u201d, disse o porta-voz do Minist\u00e9rio das Rela\u00e7\u00f5es Exteriores do Ir\u00e3, Nasser Kanaani, em uma publica\u00e7\u00e3o no X citada pela ag\u00eancia russa Tass.<\/p>\n<p><strong>Metr\u00f3poles\u00a0<\/strong><\/p>\n<\/p><\/div>\n<p><br \/>\n<br \/><a href=\"https:\/\/diariodobrasilnoticias.com.br\/noticia\/eua-acusam-o-ira-de-fornecer-misseis-balisticos-para-a-russia-66e0bf593ad7b\">Source link <\/a><\/p>","protected":false},"excerpt":{"rendered":"<p>O governo dos Estados Unidos acusou o Ir\u00e3 de fornecer m\u00edsseis bal\u00edsticos para a R\u00fassia, que podem ser usados nos pr\u00f3ximos dias contra o territ\u00f3rio da Ucr\u00e2nia. A revela\u00e7\u00e3o foi&hellip;<\/p>","protected":false},"author":1,"featured_media":35264,"comment_status":"closed","ping_status":"open","sticky":false,"template":"","format":"standard","meta":{"content-type":"","footnotes":""},"categories":[16],"tags":[123,2448,5313,1267],"class_list":["post-35263","post","type-post","status-publish","format-standard","has-post-thumbnail","hentry","category-noticias","tag-brasil","tag-diario","tag-noticia","tag-noticias"],"_links":{"self":[{"href":"https:\/\/tvbrazilusa.com\/pt\/wp-json\/wp\/v2\/posts\/35263","targetHints":{"allow":["GET"]}}],"collection":[{"href":"https:\/\/tvbrazilusa.com\/pt\/wp-json\/wp\/v2\/posts"}],"about":[{"href":"https:\/\/tvbrazilusa.com\/pt\/wp-json\/wp\/v2\/types\/post"}],"author":[{"embeddable":true,"href":"https:\/\/tvbrazilusa.com\/pt\/wp-json\/wp\/v2\/users\/1"}],"replies":[{"embeddable":true,"href":"https:\/\/tvbrazilusa.com\/pt\/wp-json\/wp\/v2\/comments?post=35263"}],"version-history":[{"count":1,"href":"https:\/\/tvbrazilusa.com\/pt\/wp-json\/wp\/v2\/posts\/35263\/revisions"}],"predecessor-version":[{"id":35265,"href":"https:\/\/tvbrazilusa.com\/pt\/wp-json\/wp\/v2\/posts\/35263\/revisions\/35265"}],"wp:featuredmedia":[{"embeddable":true,"href":"https:\/\/tvbrazilusa.com\/pt\/wp-json\/wp\/v2\/media\/35264"}],"wp:attachment":[{"href":"https:\/\/tvbrazilusa.com\/pt\/wp-json\/wp\/v2\/media?parent=35263"}],"wp:term":[{"taxonomy":"category","embeddable":true,"href":"https:\/\/tvbrazilusa.com\/pt\/wp-json\/wp\/v2\/categories?post=35263"},{"taxonomy":"post_tag","embeddable":true,"href":"https:\/\/tvbrazilusa.com\/pt\/wp-json\/wp\/v2\/tags?post=35263"}],"curies":[{"name":"wp","href":"https:\/\/api.w.org\/{rel}","templated":true}]}}