{"id":35266,"date":"2024-09-11T02:50:16","date_gmt":"2024-09-11T02:50:16","guid":{"rendered":"https:\/\/tvbrazilusa.com\/2024\/09\/11\/stf-comunica-oficialmente-que-moro-e-reu-por-calunia-contra-gilmar-mendes\/"},"modified":"2024-09-11T02:50:17","modified_gmt":"2024-09-11T02:50:17","slug":"stf-comunica-oficialmente-que-moro-e-reu-por-calunia-contra-gilmar-mendes","status":"publish","type":"post","link":"https:\/\/tvbrazilusa.com\/pt\/2024\/09\/11\/stf-comunica-oficialmente-que-moro-e-reu-por-calunia-contra-gilmar-mendes\/","title":{"rendered":"STF comunica oficialmente que Moro \u00e9 r\u00e9u por cal\u00fania contra Gilmar Mendes"},"content":{"rendered":"<p> <script async src=\"https:\/\/pagead2.googlesyndication.com\/pagead\/js\/adsbygoogle.js?client=ca-pub-8864793242727901\"\r\n     crossorigin=\"anonymous\"><\/script><br \/>\n<\/p>\n<div id=\"taboola-read-more\" style=\"display:block; width:100%\">\n<p>O Senado Federal foi oficialmente informado pelo Supremo Tribunal Federal (STF) sobre a decis\u00e3o que tornou o senador Sergio Moro (Uni\u00e3o-PR) r\u00e9u por suposta pr\u00e1tica de cal\u00fania contra o ministro Gilmar Mendes. O documento foi enviado ao Senado nesta ter\u00e7a-feira (10).<\/p>\n<p>Em junho, o senador e ex-juiz respons\u00e1vel pela Lava Jato em Curitiba (PR) virou r\u00e9u ap\u00f3s a 1\u00aa Turma do STF enxergar ind\u00edcios de que ele atribuiu a Gilmar a pr\u00e1tica de corrup\u00e7\u00e3o, com o intuito de ofender a honra do magistrado.<\/p>\n<p>Em v\u00eddeo gravado em meados de 2022, Sergio Moro foi flagrado ironizando Gilmar Mendes durante uma festa. De forma jocosa, o senador disse que iria \u201ccomprar um Habeas Corpus\u201d do ministro.<\/p>\n<p>A Primeira Turma do STF \u00e9 formada pelos ministros Alexandre de Moraes, C\u00e1rmen L\u00facia, Cristiano Zanin, Fl\u00e1vio Dino e Luiz Fux.<\/p>\n<p><strong>Itatiaia<\/strong>\u00a0<\/p>\n<\/p><\/div>\n<p><br \/>\n<br \/><a href=\"https:\/\/diariodobrasilnoticias.com.br\/noticia\/stf-comunica-oficialmente-que-moro-e-reu-por-calunia-contra-gilmar-mendes-66e0be4387c0c\">Source link <\/a><\/p>","protected":false},"excerpt":{"rendered":"<p>O Senado Federal foi oficialmente informado pelo Supremo Tribunal Federal (STF) sobre a decis\u00e3o que tornou o senador Sergio Moro (Uni\u00e3o-PR) r\u00e9u por suposta pr\u00e1tica de cal\u00fania contra o ministro&hellip;<\/p>","protected":false},"author":1,"featured_media":35267,"comment_status":"closed","ping_status":"open","sticky":false,"template":"","format":"standard","meta":{"content-type":"","footnotes":""},"categories":[16],"tags":[123,2448,5313,1267],"class_list":["post-35266","post","type-post","status-publish","format-standard","has-post-thumbnail","hentry","category-noticias","tag-brasil","tag-diario","tag-noticia","tag-noticias"],"_links":{"self":[{"href":"https:\/\/tvbrazilusa.com\/pt\/wp-json\/wp\/v2\/posts\/35266","targetHints":{"allow":["GET"]}}],"collection":[{"href":"https:\/\/tvbrazilusa.com\/pt\/wp-json\/wp\/v2\/posts"}],"about":[{"href":"https:\/\/tvbrazilusa.com\/pt\/wp-json\/wp\/v2\/types\/post"}],"author":[{"embeddable":true,"href":"https:\/\/tvbrazilusa.com\/pt\/wp-json\/wp\/v2\/users\/1"}],"replies":[{"embeddable":true,"href":"https:\/\/tvbrazilusa.com\/pt\/wp-json\/wp\/v2\/comments?post=35266"}],"version-history":[{"count":1,"href":"https:\/\/tvbrazilusa.com\/pt\/wp-json\/wp\/v2\/posts\/35266\/revisions"}],"predecessor-version":[{"id":35268,"href":"https:\/\/tvbrazilusa.com\/pt\/wp-json\/wp\/v2\/posts\/35266\/revisions\/35268"}],"wp:featuredmedia":[{"embeddable":true,"href":"https:\/\/tvbrazilusa.com\/pt\/wp-json\/wp\/v2\/media\/35267"}],"wp:attachment":[{"href":"https:\/\/tvbrazilusa.com\/pt\/wp-json\/wp\/v2\/media?parent=35266"}],"wp:term":[{"taxonomy":"category","embeddable":true,"href":"https:\/\/tvbrazilusa.com\/pt\/wp-json\/wp\/v2\/categories?post=35266"},{"taxonomy":"post_tag","embeddable":true,"href":"https:\/\/tvbrazilusa.com\/pt\/wp-json\/wp\/v2\/tags?post=35266"}],"curies":[{"name":"wp","href":"https:\/\/api.w.org\/{rel}","templated":true}]}}