{"id":35299,"date":"2024-09-11T03:36:51","date_gmt":"2024-09-11T03:36:51","guid":{"rendered":"https:\/\/tvbrazilusa.com\/2024\/09\/11\/professores-de-revere-pedem-mais-apoio-apos-crescentes-brigas-na-escola\/"},"modified":"2024-09-11T03:41:11","modified_gmt":"2024-09-11T03:41:11","slug":"professores-de-revere-pedem-mais-apoio-apos-crescentes-brigas-na-escola","status":"publish","type":"post","link":"https:\/\/tvbrazilusa.com\/pt\/2024\/09\/11\/professores-de-revere-pedem-mais-apoio-apos-crescentes-brigas-na-escola\/","title":{"rendered":"Professores de Revere pedem mais apoio ap\u00f3s crescentes brigas na escola"},"content":{"rendered":"<p> <script async src=\"https:\/\/pagead2.googlesyndication.com\/pagead\/js\/adsbygoogle.js?client=ca-pub-8864793242727901\"\r\n     crossorigin=\"anonymous\"><\/script><br \/>\n<\/p>\n<div id=\"\">\n<header class=\"m-article-header m-article-header--standard\">\n\t\t\t\t\t\t\t\t\t\t\t\t<span id=\"article-header-primary-term\"><br \/>\n\t\t\t\t\t\t\t\t<a class=\"a-term a-term--primary\" href=\"https:\/\/www.boston.com\/tag\/local-news\/\"><\/p>\n<p>\t\t\t\t\t\t\t\tNot\u00edcias locais\t\t\t\t\t\t\t\t<\/a><br \/>\n\t\t\t\t\t\t\t<\/span><\/p>\n<h2 class=\"m-article-header__sub-headline\">No m\u00eas passado, um professor foi levado ao hospital ap\u00f3s se ferir durante uma &#8220;briga enorme&#8221;. O sindicato dos professores foi at\u00e9 o Conselho Municipal para pedir ajuda.<\/h2>\n<figure class=\"a-photo m-article-header__photo\"><figcaption class=\"a-photo__caption\">\n<p>\tA copresidente da RTA, Jane Chapin, fala com a imprensa antes de uma reuni\u00e3o do Conselho Municipal na segunda-feira, 9 de setembro.<em> Associa\u00e7\u00e3o de Professores de Massachusetts<\/em>\t<\/figcaption><\/figure>\n<\/header>\n<p>Os professores de Revere passaram por cima do Comit\u00ea Escolar depois que um professor se feriu durante um \u201c<a href=\"https:\/\/www.boston.com\/news\/schools\/2024\/08\/30\/massive-brawl-at-revere-high-school-allegedly-sends-administrator-to-the-hospital\/\">briga massiva<\/a>&#8221; no m\u00eas passado, levando suas preocupa\u00e7\u00f5es a uma reuni\u00e3o do Comit\u00ea Municipal na noite de segunda-feira.<\/p>\n<p>\u201cOuvi falar de incidentes relacionados \u00e0 seguran\u00e7a escolar acontecendo em todo o nosso distrito\u201d, disse a copresidente da Revere Teachers Association, Jane Chapin, uma professora de matem\u00e1tica da s\u00e9tima s\u00e9rie. \u201cEstamos em um ponto de ruptura.\u201d<\/p>\n<p>O conselho ouviu do RTA, o sindicato que representa os educadores do distrito. Os professores disseram que uma briga no terceiro dia de aula que mandou um membro da equipe para o hospital n\u00e3o \u00e9 fora do normal na Revere High School.<\/p>\n<p>Os professores descreveram que frequentemente interrompiam brigas no corredor, lidavam com interrup\u00e7\u00f5es em sala de aula e enfrentavam dificuldades com a falta de apoio adicional de pessoal, incluindo paraprofissionais, assistentes sociais e seguran\u00e7as.<\/p>\n<p>\u201cNo ano passado, vimos mais incidentes de sofrimento emocional, desregulamenta\u00e7\u00e3o estudantil e crise de sa\u00fade mental entre os alunos. Mas, estamos soando o alarme h\u00e1 anos\u201d, disse Chapin.<\/p>\n<h2 class=\"wp-block-heading\" id=\"h-city-council-may-ask-schools-to-look-into-hiring-security-staff\">C\u00e2mara Municipal pode pedir que escolas contratem pessoal de seguran\u00e7a<\/h2>\n<p>O Conselho Municipal considerou duas mo\u00e7\u00f5es para melhorar a seguran\u00e7a de professores e alunos, incluindo um estudo de viabilidade para contratar uma empresa de seguran\u00e7a privada ou adicionar mais agentes de recursos escolares, ou SROs, na Revere High School. Eles tamb\u00e9m discutiram brevemente sobre quanto custaria instalar detectores de metais.<\/p>\n<p>Depois de ouvir dezenas de professores, o conselho enviou ambas as medidas a um comit\u00ea para discuss\u00f5es mais aprofundadas.<\/p>\n<p>O presidente do Conselho Municipal, Anthony Cogliandro, disse que apoiaria a mudan\u00e7a do texto para incluir medidas de seguran\u00e7a refor\u00e7adas em todo o distrito, n\u00e3o apenas na escola secund\u00e1ria.<\/p>\n<p>\u201cVamos come\u00e7ar a prevenir brigas, vamos come\u00e7ar a prevenir drogas, vamos come\u00e7ar a prevenir o uso de cigarros eletr\u00f4nicos, vamos come\u00e7ar a prevenir tudo isso\u201d, disse ele.<\/p>\n<p>A vice-presidente do comit\u00ea escolar Jacqueline Monterroso pediu ao conselho para n\u00e3o aprovar nenhuma das medidas. Ela disse que eles t\u00eam o financiamento para SROs, mas est\u00e3o tendo dificuldade em contrat\u00e1-los.<\/p>\n<p>\u201cEm vez disso, pe\u00e7o que voc\u00ea seja um parceiro nosso e considere maneiras mais construtivas de fornecer suporte. Por exemplo, ajude-nos a encontrar financiamento para aumentar o transporte&#8230; financie o programa p\u00f3s-escola patrocinado pela cidade para fornecer mais oportunidades, torne-se um mentor para um grupo de alunos do \u00faltimo ano do ensino m\u00e9dio e calouros\u201d, disse Monterroso.<\/p>\n<p>Cogliandro disse que as quest\u00f5es escolares est\u00e3o \u201cbem dentro da al\u00e7ada do conselho\u201d. A maioria do conselho ent\u00e3o expressou seu apoio aos professores.<\/p>\n<p>\u201cEstas s\u00e3o as preocupa\u00e7\u00f5es das pessoas com quem falo: alunos, professores e pais\u201d, disse Cogliandro. \u201cQueremos trabalhar juntos com o Comit\u00ea Escolar. N\u00e3o estamos dizendo a eles o que fazer, ou vice-versa. Estamos todos nos unindo para o bem maior desta comunidade.\u201d<\/p>\n<div class=\"m-block m-generic-cta\t m-generic-cta--post-content\t m-generic-cta--dark\t m-generic-cta--homepage\t m-generic-cta--email-signup\t\t m-generic-cta-block-style--default \tt-amp__generic-cta\"><\/p>\n<div class=\"m-generic-cta__wrap\">\n<div class=\"m-generic-cta__content\">\n<h3 class=\"m-generic-cta__title\">Boston.com Hoje<\/h3>\n<p class=\"m-generic-cta__subtitle\">Inscreva-se para receber as \u00faltimas manchetes na sua caixa de entrada todas as manh\u00e3s.<\/p>\n<\/p><\/div>\n<\/p><\/div>\n<\/div><\/div>\n<p><script>\n\t\tvar consent=\"grant\";\n\t\t\/* The above code is parsing the JSON data from the local storage and storing it in a variable. *\/\n\t\t\t\t\tconst onetrustStorageConsent = JSON.parse(localStorage.getItem( 'consent_one_trust_bdc' ) );\n\t\t\tif ( ( onetrustStorageConsent !== null ) ) {\n\t\t\t\t\/* Checking to see if the user has consented to the use of cookies.\n\t\t\t\t* If they have not, it is deleting the cookie.\n\t\t\t\t* This will comment for now, until further notice.\n\t\t\t\t*\/\n\t\t\t\t\/\/if ( onetrustStorageConsent.C0002 === false ) {\n\t\t\t\t\/\/\tdocument.cookie=\"_fbp=;expires=Thu, 01 Jan 2010 00:00:00 UTC; path=\/; domain=.boston.com\";\n\t\t\t\t\/\/}\n\t\t\t\t\/* Checking if the user has given consent for the cookie C0002.\n\t\t\t\t* If the user has given consent, the variable consent will be set to 'grant'.\n\t\t\t\t* If the user has not given consent,the variable consent will be set to 'revoke'.\n\t\t\t\t* Documentation https:\/\/developers.facebook.com\/docs\/meta-pixel\/implementation\/gdpr\n\t\t\t\t*\/\n\t\t\t\tif ( onetrustStorageConsent.C0002 !== true ) {\n\t\t\t\t\tconsent=\"revoke\";\n\t\t\t\t}\n\t\t\t}\n\t\t\t\t!function(f,b,e,v,n,t,s)\n\t\t{if(f.fbq)return;n=f.fbq=function(){n.callMethod?\n\t\tn.callMethod.apply(n,arguments):n.queue.push(arguments)};\n\t\tif(!f._fbq)f._fbq=n;n.push=n;n.loaded=!0;n.version='2.0';\n\t\tn.queue=[];t=b.createElement(e);t.async=!0;\n\t\tt.src=v;s=b.getElementsByTagName(e)[0];\n\t\ts.parentNode.insertBefore(t,s)}(window, document,'script',\n\t\t'https:\/\/connect.facebook.net\/en_US\/fbevents.js');\n\t\tfbq('consent', consent);\n\t\tfbq('init', '989222871864976');\n\t\tfbq('track', 'PageView');\n\t<\/script><script type=\"module\">\n\t\tvar consent=\"grant\";\n\t\t\/* The above code is parsing the JSON data from the local storage and storing it in a variable. *\/\n\t\t\tconst onetrustStorageConsent = JSON.parse(localStorage.getItem( 'consent_one_trust_bdc' ) );\n\t\t\t\/* Checking to see if the user has consented to the use of cookies.\n\t\t\t* If they have not, it is deleting the cookie.\n\t\t\t* This will comment for now, until further notice.\n\t\t\t*\/\n\t\t\t\/\/if ( onetrustStorageConsent.C0002 === false ) {\n\t\t\t\/\/\tdocument.cookie=\"_fbp=;expires=Thu, 01 Jan 2010 00:00:00 UTC; path=\/; domain=.boston.com\";\n\t\t\t\/\/}\n\t\t\t\/* Checking if the user has given consent for the cookie C0002.\n\t\t\t* If the user has given consent, the variable consent will be set to 'grant'.\n\t\t\t* If the user has not given consent,the variable consent will be set to 'revoke'.\n\t\t\t* Documentation https:\/\/developers.facebook.com\/docs\/meta-pixel\/implementation\/gdpr\n\t\t\t*\/\n\t\t\tif ( ( onetrustStorageConsent !== null ) && (onetrustStorageConsent.C0002 !== true ) ) {\n\t\t\t\tconsent=\"revoke\";\n\t\t\t}\n\t\t\t\t!function(f,b,e,v,n,t,s){if(f.fbq)return;n=f.fbq=function()\n\t\t{n.callMethod? n.callMethod.apply(n,arguments):n.queue.push(arguments)}\n\t\t;if(!f._fbq)f._fbq=n;\n\t\tn.push=n;n.loaded=!0;n.version='2.0';n.queue=[];t=b.createElement(e);t.async=!0;\n\t\tt.src=v;s=b.getElementsByTagName(e)[0];s.parentNode.insertBefore(t,s)}(window,\n\t\tdocument,'script','https:\/\/connect.facebook.net\/en_US\/fbevents.js');\n\t\tfbq('consent', consent);\n\t\tfbq('init', '813236348753005');\n\t\tfbq('track', \"PageView\");\n\t<\/script><br \/>\n<br \/><br \/>\n<br \/><a href=\"https:\/\/www.boston.com\/news\/local-news\/2024\/09\/10\/revere-teachers-ask-for-more-support-after-escalating-school-fights\/\">Source link <\/a><\/p>","protected":false},"excerpt":{"rendered":"<p>Not\u00edcias locais No m\u00eas passado, um professor foi levado ao hospital ap\u00f3s se ferir durante uma &#8220;briga enorme&#8221;. O sindicato dos professores foi at\u00e9 o Conselho Municipal para pedir ajuda.&hellip;<\/p>","protected":false},"author":1,"featured_media":35300,"comment_status":"closed","ping_status":"open","sticky":false,"template":"","format":"standard","meta":{"content-type":"","footnotes":""},"categories":[1],"tags":[],"class_list":["post-35299","post","type-post","status-publish","format-standard","has-post-thumbnail","hentry","category-uncategorized"],"_links":{"self":[{"href":"https:\/\/tvbrazilusa.com\/pt\/wp-json\/wp\/v2\/posts\/35299","targetHints":{"allow":["GET"]}}],"collection":[{"href":"https:\/\/tvbrazilusa.com\/pt\/wp-json\/wp\/v2\/posts"}],"about":[{"href":"https:\/\/tvbrazilusa.com\/pt\/wp-json\/wp\/v2\/types\/post"}],"author":[{"embeddable":true,"href":"https:\/\/tvbrazilusa.com\/pt\/wp-json\/wp\/v2\/users\/1"}],"replies":[{"embeddable":true,"href":"https:\/\/tvbrazilusa.com\/pt\/wp-json\/wp\/v2\/comments?post=35299"}],"version-history":[{"count":1,"href":"https:\/\/tvbrazilusa.com\/pt\/wp-json\/wp\/v2\/posts\/35299\/revisions"}],"predecessor-version":[{"id":35301,"href":"https:\/\/tvbrazilusa.com\/pt\/wp-json\/wp\/v2\/posts\/35299\/revisions\/35301"}],"wp:featuredmedia":[{"embeddable":true,"href":"https:\/\/tvbrazilusa.com\/pt\/wp-json\/wp\/v2\/media\/35300"}],"wp:attachment":[{"href":"https:\/\/tvbrazilusa.com\/pt\/wp-json\/wp\/v2\/media?parent=35299"}],"wp:term":[{"taxonomy":"category","embeddable":true,"href":"https:\/\/tvbrazilusa.com\/pt\/wp-json\/wp\/v2\/categories?post=35299"},{"taxonomy":"post_tag","embeddable":true,"href":"https:\/\/tvbrazilusa.com\/pt\/wp-json\/wp\/v2\/tags?post=35299"}],"curies":[{"name":"wp","href":"https:\/\/api.w.org\/{rel}","templated":true}]}}