{"id":3530,"date":"2023-09-20T13:51:36","date_gmt":"2023-09-20T13:51:36","guid":{"rendered":"https:\/\/tvbrazilusa.com\/2023\/09\/20\/a-falencia-moral-do-brasil-fica-em-evidencia-na-onu\/"},"modified":"2023-09-20T13:51:36","modified_gmt":"2023-09-20T13:51:36","slug":"a-falencia-moral-do-brasil-fica-em-evidencia-na-onu","status":"publish","type":"post","link":"https:\/\/tvbrazilusa.com\/pt\/2023\/09\/20\/a-falencia-moral-do-brasil-fica-em-evidencia-na-onu\/","title":{"rendered":"A fal\u00eancia moral do Brasil fica em evid\u00eancia na ONU"},"content":{"rendered":"<p><iframe  width=\"580\" height=\"385\" src=\"https:\/\/www.youtube.com\/embed\/Z3GQe1wni-U?modestbranding=1\" frameborder=\"0\" allowfullscreen><\/iframe><br \/>\n<br \/>Um sujeito condenado com l\u00edder do maior esquema de corrup\u00e7\u00e3o da hist\u00f3ria, e depois descondenado, vai representar o Brasil na ONU.<\/p>\n<p>S\u00f3 isso j\u00e1 deveria ser motivo de rep\u00fadio e vergonha, mas a milit\u00e2ncia de reda\u00e7\u00e3o faz o contr\u00e1rio: exalta sua presen\u00e7a e suas falas.<\/p>\n<p>Mas o teor do discurso \u00e9 ainda pior, defendendo o socialismo, que tanta fome, mis\u00e9ria, viol\u00eancia, opress\u00e3o e morte j\u00e1 produziram no mundo.<\/p>\n<p>Na pol\u00edtica externa, mais desastres: passou pano pra R\u00fassia, defendeu a Palestina e promoveu governos totalit\u00e1rios que acabaram de entrar nos BRICS, o bloco de ditaduras que o Brasil agora lidera. Sem esquecer a defesa de Cuba, o c\u00e2ncer pol\u00edtico da Am\u00e9rica Latina que \u00e9 aliada desde sempre do petismo.<\/p>\n<p>N\u00e3o contente com tudo isso, defendeu tamb\u00e9m a censura na Internet, mascarada como &#8220;combate \u00e0 desinforma\u00e7\u00e3o e ao \u00f3dio&#8221;. Diz defender a liberdade de imprensa, dando como exemplo a pris\u00e3o de Assange, enquanto v\u00e1rios jornalistas brasileiros, cr\u00edticos ao petismo, s\u00e3o censurados, perseguidos, exilados e presos.<\/p>\n<p>N\u00e3o h\u00e1 uma \u00fanica linha do seu discurso que fique de p\u00e9. Lula mente como respira, caracter\u00edstica mais marcante de qualquer comunista.<\/p>\n<p>Lula \u00e9 o s\u00edmbolo m\u00e1ximo da fal\u00eancia moral da nossa na\u00e7\u00e3o.<br \/>\n<br \/><a href=\"https:\/\/www.youtube.com\/watch?v=Z3GQe1wni-U\">source<\/a><\/p>","protected":false},"excerpt":{"rendered":"<p>Um sujeito condenado com l\u00edder do maior esquema de corrup\u00e7\u00e3o da hist\u00f3ria, e depois descondenado, vai representar o Brasil na ONU. S\u00f3 isso j\u00e1 deveria ser motivo de rep\u00fadio e&hellip;<\/p>","protected":false},"author":1,"featured_media":3531,"comment_status":"","ping_status":"open","sticky":false,"template":"","format":"standard","meta":{"content-type":"","footnotes":""},"categories":[1],"tags":[],"class_list":["post-3530","post","type-post","status-publish","format-standard","has-post-thumbnail","hentry","category-uncategorized"],"_links":{"self":[{"href":"https:\/\/tvbrazilusa.com\/pt\/wp-json\/wp\/v2\/posts\/3530","targetHints":{"allow":["GET"]}}],"collection":[{"href":"https:\/\/tvbrazilusa.com\/pt\/wp-json\/wp\/v2\/posts"}],"about":[{"href":"https:\/\/tvbrazilusa.com\/pt\/wp-json\/wp\/v2\/types\/post"}],"author":[{"embeddable":true,"href":"https:\/\/tvbrazilusa.com\/pt\/wp-json\/wp\/v2\/users\/1"}],"replies":[{"embeddable":true,"href":"https:\/\/tvbrazilusa.com\/pt\/wp-json\/wp\/v2\/comments?post=3530"}],"version-history":[{"count":0,"href":"https:\/\/tvbrazilusa.com\/pt\/wp-json\/wp\/v2\/posts\/3530\/revisions"}],"wp:featuredmedia":[{"embeddable":true,"href":"https:\/\/tvbrazilusa.com\/pt\/wp-json\/wp\/v2\/media\/3531"}],"wp:attachment":[{"href":"https:\/\/tvbrazilusa.com\/pt\/wp-json\/wp\/v2\/media?parent=3530"}],"wp:term":[{"taxonomy":"category","embeddable":true,"href":"https:\/\/tvbrazilusa.com\/pt\/wp-json\/wp\/v2\/categories?post=3530"},{"taxonomy":"post_tag","embeddable":true,"href":"https:\/\/tvbrazilusa.com\/pt\/wp-json\/wp\/v2\/tags?post=3530"}],"curies":[{"name":"wp","href":"https:\/\/api.w.org\/{rel}","templated":true}]}}