{"id":35322,"date":"2024-09-11T04:36:42","date_gmt":"2024-09-11T04:36:42","guid":{"rendered":"https:\/\/tvbrazilusa.com\/2024\/09\/11\/luz-branca-no-semaforo-saiba-da-nova-novidade\/"},"modified":"2024-09-11T04:36:43","modified_gmt":"2024-09-11T04:36:43","slug":"luz-branca-no-semaforo-saiba-da-nova-novidade","status":"publish","type":"post","link":"https:\/\/tvbrazilusa.com\/pt\/2024\/09\/11\/luz-branca-no-semaforo-saiba-da-nova-novidade\/","title":{"rendered":"Luz branca no sem\u00e1foro? Saiba da  nova novidade"},"content":{"rendered":"<p> <script async src=\"https:\/\/pagead2.googlesyndication.com\/pagead\/js\/adsbygoogle.js?client=ca-pub-8864793242727901\"\r\n     crossorigin=\"anonymous\"><\/script><br \/>\n<\/p>\n<div id=\"taboola-read-more\" style=\"display:block; width:100%\">\n<p>Os sem\u00e1foros s\u00e3o dispositivos essenciais para a organiza\u00e7\u00e3o do tr\u00e2nsito nas cidades. Sem eles, a circula\u00e7\u00e3o de ve\u00edculos e pedestres se tornaria um caos completo. No entanto, uma proposta inovadora prev\u00ea a adi\u00e7\u00e3o de uma quarta cor ao sem\u00e1foro: o branco. Esta adi\u00e7\u00e3o visa facilitar a intera\u00e7\u00e3o entre ve\u00edculos aut\u00f4nomos e convencionais, permitindo uma condu\u00e7\u00e3o mais segura e eficiente.<\/p>\n<p>A ideia vem de pesquisadores da Universidade do Estado da Carolina do Norte, nos Estados Unidos. Eles acreditam que a luz branca nos sem\u00e1foros pode revolucionar a maneira como entendemos o tr\u00e2nsito em cruzamentos, especialmente com o aumento dos ve\u00edculos aut\u00f4nomos nas estradas.<\/p>\n<h2 class=\"wp-block-heading\">Luz Branca no Sem\u00e1foro: Como Funciona?<\/h2>\n<p>\u00a0<\/p>\n<p>A luz branca no sem\u00e1foro serviria como um sinal \u201csiga em frente\u201d. Se um carro aut\u00f4nomo detectar a luz branca, ele continuar\u00e1 seu trajeto normalmente. No entanto, se um carro aut\u00f4nomo parar, todos os motoristas de ve\u00edculos convencionais tamb\u00e9m devem parar, criando um sistema de comunica\u00e7\u00e3o harmonioso entre ve\u00edculos de diferentes tecnologias.<\/p>\n<p>Essa modifica\u00e7\u00e3o nos sem\u00e1foros poderia reduzir o tempo que os carros ficam parados em cruzamentos, otimizando assim o fluxo de tr\u00e1fego. Menos tempo parado significa viagens mais r\u00e1pidas e uma menor emiss\u00e3o de poluentes, um benef\u00edcio significativo para o meio ambiente.<\/p>\n<h2 class=\"wp-block-heading\">Onde a Luz Branca J\u00e1 Est\u00e1 em Teste?<\/h2>\n<p>\u00a0<\/p>\n<p>Alguns pa\u00edses j\u00e1 est\u00e3o testando essa nova cor de sem\u00e1foro. Em Madri, na Espanha, sem\u00e1foros com luz branca foram instalados para testes. Ainda que n\u00e3o haja previs\u00e3o para a utiliza\u00e7\u00e3o em larga escala, os resultados dos testes s\u00e3o promissores.<\/p>\n<p>Os testes em Madri demonstram a viabilidade da nova luz, apesar de ainda ser cedo para afirmar sua implementa\u00e7\u00e3o definitiva. Os motoristas est\u00e3o sendo treinados para entender o novo sinal, e os resultados iniciais s\u00e3o bastante encorajadores.<\/p>\n<h2 class=\"wp-block-heading\">Por Que Manter as Cores Atuais?<\/h2>\n<p>\u00a0<\/p>\n<p>\u00c9 importante destacar que a introdu\u00e7\u00e3o da luz branca n\u00e3o eliminar\u00e1 as cores atuais do sem\u00e1foro. As cores vermelha, amarela e verde continuar\u00e3o com seus significados tradicionais:<\/p>\n<ul class=\"wp-block-list\">\n<li><strong>Vermelho<\/strong>: Proibi\u00e7\u00e3o de ultrapassagem.<\/li>\n<li><strong>Amarelo<\/strong>: Aten\u00e7\u00e3o, prepare-se para parar.<\/li>\n<li><strong>Verde<\/strong>: Sinal de avan\u00e7o.<\/li>\n<\/ul>\n<p>Manter essas cores \u00e9 essencial para n\u00e3o confundir os motoristas acostumados aos sinais tradicionais. A nova cor se somaria a esse sistema, visando enriquecer as informa\u00e7\u00f5es dispon\u00edveis para os condutores.<\/p>\n<h2 class=\"wp-block-heading\">Quais Benef\u00edcios a Luz Branca Pode Trazer?<\/h2>\n<p>\u00a0<\/p>\n<p>A luz branca nos sem\u00e1foros traz uma s\u00e9rie de benef\u00edcios potenciais, incluindo:<\/p>\n<ol class=\"wp-block-list\">\n<li><strong>Melhor Comunica\u00e7\u00e3o<\/strong>: Facilita a intera\u00e7\u00e3o entre ve\u00edculos aut\u00f4nomos e convencionais.<\/li>\n<li><strong>Redu\u00e7\u00e3o de Tempo de Viagem<\/strong>: Menos tempo parado nos cruzamentos, resultando em viagens mais r\u00e1pidas.<\/li>\n<li><strong>Menor Emiss\u00e3o de Poluentes<\/strong>: Com menos tempo parado, h\u00e1 uma redu\u00e7\u00e3o nas emiss\u00f5es de gases poluentes.<\/li>\n<li><strong>Seguran\u00e7a Aumentada<\/strong>: Melhora a seguran\u00e7a nos cruzamentos ao reduzir a indecis\u00e3o dos motoristas.<\/li>\n<\/ol>\n<p>Em um mundo onde a tecnologia est\u00e1 rapidamente se tornando predominante, a introdu\u00e7\u00e3o da luz branca no sem\u00e1foro pode ser vista como um passo significativo para o futuro do transporte urbano. Fica claro que, com essa inova\u00e7\u00e3o, a comunica\u00e7\u00e3o entre humanos e m\u00e1quinas no tr\u00e2nsito pode se tornar muito mais eficiente e segura.<\/p>\n<p>Com essa mudan\u00e7a, a expectativa \u00e9 que tenhamos um tr\u00e2nsito mais fluido e ordenado, beneficiando n\u00e3o s\u00f3 os motoristas, mas tamb\u00e9m os pedestres e o meio ambiente.<\/p>\n<p><strong>Terra Brasil Not\u00edcias\u00a0<\/strong><\/p>\n<\/p><\/div>\n<p><br \/>\n<br \/><a href=\"https:\/\/diariodobrasilnoticias.com.br\/noticia\/luz-branca-no-semaforo-saiba-da-nova-novidade-66e0bbc5045e8\">Source link <\/a><\/p>","protected":false},"excerpt":{"rendered":"<p>Os sem\u00e1foros s\u00e3o dispositivos essenciais para a organiza\u00e7\u00e3o do tr\u00e2nsito nas cidades. Sem eles, a circula\u00e7\u00e3o de ve\u00edculos e pedestres se tornaria um caos completo. No entanto, uma proposta inovadora&hellip;<\/p>","protected":false},"author":1,"featured_media":35323,"comment_status":"closed","ping_status":"open","sticky":false,"template":"","format":"standard","meta":{"content-type":"","footnotes":""},"categories":[16],"tags":[123,2448,5313,1267],"class_list":["post-35322","post","type-post","status-publish","format-standard","has-post-thumbnail","hentry","category-noticias","tag-brasil","tag-diario","tag-noticia","tag-noticias"],"_links":{"self":[{"href":"https:\/\/tvbrazilusa.com\/pt\/wp-json\/wp\/v2\/posts\/35322","targetHints":{"allow":["GET"]}}],"collection":[{"href":"https:\/\/tvbrazilusa.com\/pt\/wp-json\/wp\/v2\/posts"}],"about":[{"href":"https:\/\/tvbrazilusa.com\/pt\/wp-json\/wp\/v2\/types\/post"}],"author":[{"embeddable":true,"href":"https:\/\/tvbrazilusa.com\/pt\/wp-json\/wp\/v2\/users\/1"}],"replies":[{"embeddable":true,"href":"https:\/\/tvbrazilusa.com\/pt\/wp-json\/wp\/v2\/comments?post=35322"}],"version-history":[{"count":1,"href":"https:\/\/tvbrazilusa.com\/pt\/wp-json\/wp\/v2\/posts\/35322\/revisions"}],"predecessor-version":[{"id":35324,"href":"https:\/\/tvbrazilusa.com\/pt\/wp-json\/wp\/v2\/posts\/35322\/revisions\/35324"}],"wp:featuredmedia":[{"embeddable":true,"href":"https:\/\/tvbrazilusa.com\/pt\/wp-json\/wp\/v2\/media\/35323"}],"wp:attachment":[{"href":"https:\/\/tvbrazilusa.com\/pt\/wp-json\/wp\/v2\/media?parent=35322"}],"wp:term":[{"taxonomy":"category","embeddable":true,"href":"https:\/\/tvbrazilusa.com\/pt\/wp-json\/wp\/v2\/categories?post=35322"},{"taxonomy":"post_tag","embeddable":true,"href":"https:\/\/tvbrazilusa.com\/pt\/wp-json\/wp\/v2\/tags?post=35322"}],"curies":[{"name":"wp","href":"https:\/\/api.w.org\/{rel}","templated":true}]}}