{"id":35390,"date":"2024-09-11T10:58:55","date_gmt":"2024-09-11T10:58:55","guid":{"rendered":"https:\/\/tvbrazilusa.com\/2024\/09\/11\/moraes-e-um-tirano-criminoso-ditador-do-brasil-lula-e-seu-cachorrinho-diz-musk\/"},"modified":"2024-09-11T10:58:57","modified_gmt":"2024-09-11T10:58:57","slug":"moraes-e-um-tirano-criminoso-ditador-do-brasil-lula-e-seu-cachorrinho-diz-musk","status":"publish","type":"post","link":"https:\/\/tvbrazilusa.com\/pt\/2024\/09\/11\/moraes-e-um-tirano-criminoso-ditador-do-brasil-lula-e-seu-cachorrinho-diz-musk\/","title":{"rendered":"&#8216;Moraes \u00e9 um tirano criminoso, ditador do Brasil; Lula \u00e9 seu cachorrinho&#8217;, diz Musk"},"content":{"rendered":"<p> <script async src=\"https:\/\/pagead2.googlesyndication.com\/pagead\/js\/adsbygoogle.js?client=ca-pub-8864793242727901\"\r\n     crossorigin=\"anonymous\"><\/script><br \/>\n<\/p>\n<div>\n<figure class=\"post-image\">\n<\/figure>\n<p><span style=\"font-size: 12px\">(Divulga\u00e7\u00e3o)<\/span><\/p>\n<div id=\"taboola-read-more\" style=\"display:block; width:100%\">\n<p>Ap\u00f3s a decis\u00e3o do ministro Alexandre de Moraes, do Supremo Tribunal Federal (STF), que determinou o bloqueio das contas financeiras da Starlink no Brasil, o bilion\u00e1rio Elon Musk usou a rede social X para se pronunciar. Em sua rea\u00e7\u00e3o \u00e0 medida, Musk questionou a legalidade da decis\u00e3o, referiu-se a Moraes como um \u201ctirano\u201d e descreveu o presidente Luiz In\u00e1cio Lula da Silva (PT) como o \u201ccachorrinho de colo\u201d do ministro.<\/p>\n<p>\u201cO tirano Alexandre de Moraes \u00e9 ditador do Brasil. Lula \u00e9 seu cachorrinho de colo\u201d, escreveu o empres\u00e1rio em seu perfil na rede social.<\/p>\n<p>Em outra publica\u00e7\u00e3o, Musk intensificou suas cr\u00edticas, afirmando: \u201cEsse cara @Alexandre \u00e9 um criminoso declarado da pior esp\u00e9cie, disfar\u00e7ado de juiz\u201d.<\/p>\n<p>A decis\u00e3o de Moraes foi tomada ap\u00f3s a amea\u00e7a de suspens\u00e3o do X no Brasil at\u00e9 a noite desta quinta-feira (29). Conforme apura\u00e7\u00e3o do G1, o bloqueio dos recursos da Starlink foi justificado pelo fato de a empresa ser tamb\u00e9m propriedade de Musk, caracterizando um \u201cgrupo econ\u00f4mico de fato\u201d que poderia garantir o pagamento das multas aplicadas pela Justi\u00e7a brasileira ao X. A plataforma est\u00e1 sem um representante legal desde a semana passada, o que motivou a intima\u00e7\u00e3o do magistrado.<\/p>\n<p>Fonte: Gazeta Brasil<\/p>\n<\/p><\/div>\n<div class=\"row mt-3\">\n<div class=\"col-sm-6\">\n<p><a href=\"https:\/\/chat.whatsapp.com\/GwURnmOyPiN1XheGYvCspN\" target=\"_blank\" rel=\"noopener\"><br \/>\n<img decoding=\"async\" src=\"https:\/\/diariodobrasilnoticias.com.br\/assets-site\/images\/bot_whatsapp.png\"\/><\/a>\n<\/div>\n<div class=\"col-sm-6\">\n<a href=\"https:\/\/t.me\/+_4gTmi5LKo03OTM5\" target=\"_blank\" rel=\"noopener\"><br \/>\n<img decoding=\"async\" src=\"https:\/\/diariodobrasilnoticias.com.br\/assets-site\/images\/bot_telegram.png\"\/><\/a>\n<\/div>\n<\/div>\n<\/div>\n<p><br \/>\n<br \/><a href=\"https:\/\/diariodobrasilnoticias.com.br\/noticia\/-moraes-e-um-tirano-criminoso-ditador-do-brasil-lula-e-seu-cachorrinho-diz-musk-66e1769c75b04\">Source link <\/a><\/p>","protected":false},"excerpt":{"rendered":"<p>(Divulga\u00e7\u00e3o) Ap\u00f3s a decis\u00e3o do ministro Alexandre de Moraes, do Supremo Tribunal Federal (STF), que determinou o bloqueio das contas financeiras da Starlink no Brasil, o bilion\u00e1rio Elon Musk usou&hellip;<\/p>","protected":false},"author":1,"featured_media":35391,"comment_status":"closed","ping_status":"open","sticky":false,"template":"","format":"standard","meta":{"content-type":"","footnotes":""},"categories":[16],"tags":[123,2448,5313,1267],"class_list":["post-35390","post","type-post","status-publish","format-standard","has-post-thumbnail","hentry","category-noticias","tag-brasil","tag-diario","tag-noticia","tag-noticias"],"_links":{"self":[{"href":"https:\/\/tvbrazilusa.com\/pt\/wp-json\/wp\/v2\/posts\/35390","targetHints":{"allow":["GET"]}}],"collection":[{"href":"https:\/\/tvbrazilusa.com\/pt\/wp-json\/wp\/v2\/posts"}],"about":[{"href":"https:\/\/tvbrazilusa.com\/pt\/wp-json\/wp\/v2\/types\/post"}],"author":[{"embeddable":true,"href":"https:\/\/tvbrazilusa.com\/pt\/wp-json\/wp\/v2\/users\/1"}],"replies":[{"embeddable":true,"href":"https:\/\/tvbrazilusa.com\/pt\/wp-json\/wp\/v2\/comments?post=35390"}],"version-history":[{"count":1,"href":"https:\/\/tvbrazilusa.com\/pt\/wp-json\/wp\/v2\/posts\/35390\/revisions"}],"predecessor-version":[{"id":35392,"href":"https:\/\/tvbrazilusa.com\/pt\/wp-json\/wp\/v2\/posts\/35390\/revisions\/35392"}],"wp:featuredmedia":[{"embeddable":true,"href":"https:\/\/tvbrazilusa.com\/pt\/wp-json\/wp\/v2\/media\/35391"}],"wp:attachment":[{"href":"https:\/\/tvbrazilusa.com\/pt\/wp-json\/wp\/v2\/media?parent=35390"}],"wp:term":[{"taxonomy":"category","embeddable":true,"href":"https:\/\/tvbrazilusa.com\/pt\/wp-json\/wp\/v2\/categories?post=35390"},{"taxonomy":"post_tag","embeddable":true,"href":"https:\/\/tvbrazilusa.com\/pt\/wp-json\/wp\/v2\/tags?post=35390"}],"curies":[{"name":"wp","href":"https:\/\/api.w.org\/{rel}","templated":true}]}}