{"id":35402,"date":"2024-09-11T11:55:41","date_gmt":"2024-09-11T11:55:41","guid":{"rendered":"https:\/\/tvbrazilusa.com\/2024\/09\/11\/bloqueio-do-x-so-sera-efetivado-apos-alexandre-de-moraes-notificar-a-anatel\/"},"modified":"2024-09-11T11:55:42","modified_gmt":"2024-09-11T11:55:42","slug":"bloqueio-do-x-so-sera-efetivado-apos-alexandre-de-moraes-notificar-a-anatel","status":"publish","type":"post","link":"https:\/\/tvbrazilusa.com\/pt\/2024\/09\/11\/bloqueio-do-x-so-sera-efetivado-apos-alexandre-de-moraes-notificar-a-anatel\/","title":{"rendered":"Bloqueio do X s\u00f3 ser\u00e1 efetivado ap\u00f3s Alexandre de Moraes notificar a Anatel"},"content":{"rendered":"<p> <script async src=\"https:\/\/pagead2.googlesyndication.com\/pagead\/js\/adsbygoogle.js?client=ca-pub-8864793242727901\"\r\n     crossorigin=\"anonymous\"><\/script><br \/>\n<\/p>\n<div id=\"taboola-read-more\" style=\"display:block; width:100%\">\n<p>O prazo de 24 horas dado pelo ministro Alexandre de Moraes, do Supremo Tribunal Federal (STF), para que a empresa X indique quem \u00e9 seu representante legal no Brasil deve vencer na noite desta quinta-feira (29) ou na madrugada da sexta-feira (30).<\/p>\n<p>Ainda n\u00e3o se sabe se a suspens\u00e3o da rede social acontecer\u00e1 \u00e0s 20h07 desta quinta ou 00h56 de sexta-feira (30). Moraes intimou Musk \u00e0s 20h07 de quarta-feira (28). No entanto, o empres\u00e1rio s\u00f3 respondeu o ministro do STF \u00e0s 00h56 desta quinta-feira (29).<\/p>\n<p>No entanto, caso o X n\u00e3o cumpra a decis\u00e3o de Alexandre de Moraes, a p\u00e1gina n\u00e3o ser\u00e1 retirada do ar automaticamente. O STF ter\u00e1 que enviar uma notifica\u00e7\u00e3o judicial \u00e0 Ag\u00eancia Nacional de Telecomunica\u00e7\u00f5es (Anatel).<\/p>\n<p>Somente depois que a Anatel receber a decis\u00e3o \u00e9 que ela encaminha para as operadoras (como Claro, TIM e Vivo, por exemplo) executarem o bloqueio.<\/p>\n<p>Na noite de quarta-feira (28), o STF do Brasil usou o seu perfil no X (antigo Twitter) para comunicar a plataforma de uma decis\u00e3o de Alexandre de Moraes. No despacho, o ministro do STF intima Musk a indicar quem \u00e9 o representante legal da empresa no Brasil em 24he amea\u00e7a suspender a rede social caso siga descumprindo decis\u00f5es judiciais.<\/p>\n<p>A conta oficial do Supremo marcou os perfis \u201c@GlobalAffairs\u201d e \u201c@elonmusk\u201d na publica\u00e7\u00e3o que dizia \u201cmandado de intima\u00e7\u00e3o\u201d e anexava a pe\u00e7a assinada pelo ministro.<\/p>\n<p>No dia 17 de agosto, Elon Musk informou que encerraria as opera\u00e7\u00f5es do X no Brasil. Em um post na pr\u00f3pria rede, o comunicado da empresa diz que a medida se deve a decis\u00f5es judiciais do ministro Alexandre de Moraes.<\/p>\n<p>O ministro do STF tinha amea\u00e7ado multar e prender a respons\u00e1vel pelo escrit\u00f3rio da companhia no Brasil, Rachel de Oliveira Villa Nova Concei\u00e7\u00e3o, por descumprimento de determina\u00e7\u00f5es judiciais.<\/p>\n<p>A empresa de Elon Musk afirma, contudo, que o servi\u00e7o continuar\u00e1 dispon\u00edvel para os usu\u00e1rios no pa\u00eds.<\/p>\n<p>Em outra investida do STF contr o X, Alexandre de Moraes bloqueou as contas da empresa Starlink Holding, do bilion\u00e1rio Elon Musk, no intuito de garantir o pagamento das multas impostas \u00e0 outra empresa.<\/p>\n<p>Fonte: Gazeta Brasil<\/p>\n<\/p><\/div>\n<p><br \/>\n<br \/><a href=\"https:\/\/diariodobrasilnoticias.com.br\/noticia\/bloqueio-do-x-so-sera-efetivado-apos-alexandre-de-moraes-notificar-a-anatel-66e174ada4030\">Source link <\/a><\/p>","protected":false},"excerpt":{"rendered":"<p>O prazo de 24 horas dado pelo ministro Alexandre de Moraes, do Supremo Tribunal Federal (STF), para que a empresa X indique quem \u00e9 seu representante legal no Brasil deve&hellip;<\/p>","protected":false},"author":1,"featured_media":35403,"comment_status":"closed","ping_status":"open","sticky":false,"template":"","format":"standard","meta":{"content-type":"","footnotes":""},"categories":[16],"tags":[123,2448,5313,1267],"class_list":["post-35402","post","type-post","status-publish","format-standard","has-post-thumbnail","hentry","category-noticias","tag-brasil","tag-diario","tag-noticia","tag-noticias"],"_links":{"self":[{"href":"https:\/\/tvbrazilusa.com\/pt\/wp-json\/wp\/v2\/posts\/35402","targetHints":{"allow":["GET"]}}],"collection":[{"href":"https:\/\/tvbrazilusa.com\/pt\/wp-json\/wp\/v2\/posts"}],"about":[{"href":"https:\/\/tvbrazilusa.com\/pt\/wp-json\/wp\/v2\/types\/post"}],"author":[{"embeddable":true,"href":"https:\/\/tvbrazilusa.com\/pt\/wp-json\/wp\/v2\/users\/1"}],"replies":[{"embeddable":true,"href":"https:\/\/tvbrazilusa.com\/pt\/wp-json\/wp\/v2\/comments?post=35402"}],"version-history":[{"count":1,"href":"https:\/\/tvbrazilusa.com\/pt\/wp-json\/wp\/v2\/posts\/35402\/revisions"}],"predecessor-version":[{"id":35404,"href":"https:\/\/tvbrazilusa.com\/pt\/wp-json\/wp\/v2\/posts\/35402\/revisions\/35404"}],"wp:featuredmedia":[{"embeddable":true,"href":"https:\/\/tvbrazilusa.com\/pt\/wp-json\/wp\/v2\/media\/35403"}],"wp:attachment":[{"href":"https:\/\/tvbrazilusa.com\/pt\/wp-json\/wp\/v2\/media?parent=35402"}],"wp:term":[{"taxonomy":"category","embeddable":true,"href":"https:\/\/tvbrazilusa.com\/pt\/wp-json\/wp\/v2\/categories?post=35402"},{"taxonomy":"post_tag","embeddable":true,"href":"https:\/\/tvbrazilusa.com\/pt\/wp-json\/wp\/v2\/tags?post=35402"}],"curies":[{"name":"wp","href":"https:\/\/api.w.org\/{rel}","templated":true}]}}