{"id":35411,"date":"2024-09-11T12:08:14","date_gmt":"2024-09-11T12:08:14","guid":{"rendered":"https:\/\/tvbrazilusa.com\/2024\/09\/11\/imigrantes-ilegais-estao-comendo-cachorros-e-gatos-diz-trump\/"},"modified":"2024-09-11T12:08:16","modified_gmt":"2024-09-11T12:08:16","slug":"imigrantes-ilegais-estao-comendo-cachorros-e-gatos-diz-trump","status":"publish","type":"post","link":"https:\/\/tvbrazilusa.com\/pt\/2024\/09\/11\/imigrantes-ilegais-estao-comendo-cachorros-e-gatos-diz-trump\/","title":{"rendered":"Imigrantes ilegais est\u00e3o comendo cachorros e gatos, diz Trump"},"content":{"rendered":"<p> <script async src=\"https:\/\/pagead2.googlesyndication.com\/pagead\/js\/adsbygoogle.js?client=ca-pub-8864793242727901\"\r\n     crossorigin=\"anonymous\"><\/script><br \/>\n<\/p>\n<div id=\"taboola-read-more\" style=\"display:block; width:100%\">\n<p>O ex-presidente Donald Trump disse nesta ter\u00e7a-feira (10), durante o debate da ABC News, que a administra\u00e7\u00e3o de Joe Biden e Kamala Harris permitiu que milhares de imigrantes entrassem nos Estados Unidos e que essas pessoas est\u00e3o \u201ccomendo cachorros e gatos\u201d.<\/p>\n<p>\u201cVeja o que est\u00e1 acontecendo com as cidades ao redor dos Estados Unidos (\u2026) Em Springfield, eles (os imigrantes) est\u00e3o comendo os cachorros, as pessoas que entraram, est\u00e3o comendo os gatos, comendo os animais de estima\u00e7\u00e3o\u201d.<\/p>\n<p>Trump disse ainda que os migrantes est\u00e3o chegando aos Estados Unidos depois de fugirem de pris\u00f5es e institui\u00e7\u00f5es psiqui\u00e1tricas.<\/p>\n<p>\u201cTemos milh\u00f5es de pessoas que chegam ao nosso pa\u00eds das pris\u00f5es e dos pres\u00eddios, das institui\u00e7\u00f5es psiqui\u00e1tricas e dos manic\u00f3mios\u201d, afirmou Trump.<\/p>\n<p>O republicano faz essa afirma\u00e7\u00e3o com frequ\u00eancia, dizendo que pris\u00f5es e institui\u00e7\u00f5es mentais est\u00e3o sendo esvaziadas deliberadamente para, de alguma forma, despejar pessoas nos EUA.<\/p>\n<p><strong>Primeira vez em que Trump e Kamala se encontram<\/strong><br \/>O debate desta ter\u00e7a-feira (10) marca a primeira vez que Donald Trump e Kamala Harris se encontram pessoalmente. As \u00faltimas pesquisas mostram uma disputa acirrada entre os candidatos.<\/p>\n<p>Este \u00e9 o s\u00e9timo debate presidencial de Trump \u2014 tr\u00eas contra Hillary Clinton e tr\u00eas contra Joe Biden.<\/p>\n<p>O confronto acontece na Pensilv\u00e2nia, um estado que pode decidir a elei\u00e7\u00e3o dos Estados Unidos.<\/p>\n<p>Kamala assumiu a candidatura democrata ap\u00f3s Joe Biden ter desistido de concorrer \u00e0 reelei\u00e7\u00e3o. O desempenho do presidente americano no Debate da CNN levantou d\u00favidas sobre sua idade e aptid\u00e3o para um novo mandato \u2014 o que gerou cr\u00edticas at\u00e9 de apoiadores.<\/p>\n<p>J\u00e1 Trump tenta voltar \u00e0 Casa Branca ap\u00f3s ter sido derrotado por Biden em 2020.<\/p>\n<p>A elei\u00e7\u00e3o presidencial nos Estados Unidos acontecer\u00e1 no dia 5 de novembro.<\/p>\n<p>Fonte: CNN Brasil<\/p>\n<\/p><\/div>\n<p><br \/>\n<br \/><a href=\"https:\/\/diariodobrasilnoticias.com.br\/noticia\/imigrantes-ilegais-estao-comendo-cachorros-e-gatos-diz-trump-66e1761458890\">Source link <\/a><\/p>","protected":false},"excerpt":{"rendered":"<p>O ex-presidente Donald Trump disse nesta ter\u00e7a-feira (10), durante o debate da ABC News, que a administra\u00e7\u00e3o de Joe Biden e Kamala Harris permitiu que milhares de imigrantes entrassem nos&hellip;<\/p>","protected":false},"author":1,"featured_media":35412,"comment_status":"closed","ping_status":"open","sticky":false,"template":"","format":"standard","meta":{"content-type":"","footnotes":""},"categories":[16],"tags":[123,2448,5313,1267],"class_list":["post-35411","post","type-post","status-publish","format-standard","has-post-thumbnail","hentry","category-noticias","tag-brasil","tag-diario","tag-noticia","tag-noticias"],"_links":{"self":[{"href":"https:\/\/tvbrazilusa.com\/pt\/wp-json\/wp\/v2\/posts\/35411","targetHints":{"allow":["GET"]}}],"collection":[{"href":"https:\/\/tvbrazilusa.com\/pt\/wp-json\/wp\/v2\/posts"}],"about":[{"href":"https:\/\/tvbrazilusa.com\/pt\/wp-json\/wp\/v2\/types\/post"}],"author":[{"embeddable":true,"href":"https:\/\/tvbrazilusa.com\/pt\/wp-json\/wp\/v2\/users\/1"}],"replies":[{"embeddable":true,"href":"https:\/\/tvbrazilusa.com\/pt\/wp-json\/wp\/v2\/comments?post=35411"}],"version-history":[{"count":1,"href":"https:\/\/tvbrazilusa.com\/pt\/wp-json\/wp\/v2\/posts\/35411\/revisions"}],"predecessor-version":[{"id":35413,"href":"https:\/\/tvbrazilusa.com\/pt\/wp-json\/wp\/v2\/posts\/35411\/revisions\/35413"}],"wp:featuredmedia":[{"embeddable":true,"href":"https:\/\/tvbrazilusa.com\/pt\/wp-json\/wp\/v2\/media\/35412"}],"wp:attachment":[{"href":"https:\/\/tvbrazilusa.com\/pt\/wp-json\/wp\/v2\/media?parent=35411"}],"wp:term":[{"taxonomy":"category","embeddable":true,"href":"https:\/\/tvbrazilusa.com\/pt\/wp-json\/wp\/v2\/categories?post=35411"},{"taxonomy":"post_tag","embeddable":true,"href":"https:\/\/tvbrazilusa.com\/pt\/wp-json\/wp\/v2\/tags?post=35411"}],"curies":[{"name":"wp","href":"https:\/\/api.w.org\/{rel}","templated":true}]}}