{"id":35437,"date":"2024-09-11T12:48:20","date_gmt":"2024-09-11T12:48:20","guid":{"rendered":"https:\/\/tvbrazilusa.com\/2024\/09\/11\/bill-belichick-tem-um-jingle-no-seu-espirito-sobre-retornar-aos-giants-diz-seu-ex-jogador\/"},"modified":"2024-09-11T12:57:03","modified_gmt":"2024-09-11T12:57:03","slug":"bill-belichick-tem-um-jingle-no-seu-espirito-sobre-retornar-aos-giants-diz-seu-ex-jogador","status":"publish","type":"post","link":"https:\/\/tvbrazilusa.com\/pt\/2024\/09\/11\/bill-belichick-tem-um-jingle-no-seu-espirito-sobre-retornar-aos-giants-diz-seu-ex-jogador\/","title":{"rendered":"Bill Belichick tem &#8216;um jingle no (seu) esp\u00edrito&#8217; sobre retornar aos Giants, diz seu ex-jogador"},"content":{"rendered":"<script async src=\"https:\/\/pagead2.googlesyndication.com\/pagead\/js\/adsbygoogle.js?client=ca-pub-8864793242727901\"\r\n     crossorigin=\"anonymous\"><\/script>\n<div>\n<p class=\"article__paragraph article__paragraph--left\" id=\"EC47GMKGAZFCZLIQVW7FPOOKLM\">Mesmo com 0-1, h\u00e1 um sentimento de fracasso em torno do New York Giants que pode eventualmente precipitar uma reformula\u00e7\u00e3o na diretoria e na comiss\u00e3o t\u00e9cnica.<\/p>\n<p class=\"article__paragraph article__paragraph--left\" id=\"XJ6GEFZU6VBTHLLKSXARR5CU6E\">Se a temporada dos Giants se transformar em outro desastre, o t\u00e9cnico Brian Daboll e o gerente geral Joe Schoen provavelmente ser\u00e3o demitidos, inaugurando uma nova era em Nova York \u2014 uma que a lenda do treinamento Bill Belichick gostaria de liderar, de acordo com seu ex-jogador.<\/p>\n<p class=\"article__paragraph article__paragraph--left\" id=\"RHC5LVJXCNHVHDMPS7DC3JWDEI\"><b>COMPRE INGRESSOS PARA O GIANTS:<\/b><b>,<\/b><b>,<\/b><\/p>\n<p class=\"article__paragraph article__paragraph--left\" id=\"3KFLM5VBIRAKPGCLUNDMSCKL44\">\u201cO mais atraente, para mim, \u00e9 se o New York Giants abrir\u201d, <a href=\"https:\/\/x.com\/TheHerd\/status\/1833592880046170503?ref_src=twsrc%5Etfw%7Ctwcamp%5Etweetembed%7Ctwterm%5E1833592880046170503%7Ctwgr%5E110f6ebfdc2dd8fa864125386381a138a9b92774%7Ctwcon%5Es1_&#038;ref_url=https%3A%2F%2Fgiantswire.usatoday.com%2F2024%2F09%2F11%2Fjulian-edelman-new-york-giants-place-bill-belichick-would-want-to-go%2F\" target=\"_blank\" rel=\"noreferrer noopener\" title=\"https:\/\/x.com\/TheHerd\/status\/1833592880046170503?ref_src=twsrc%5Etfw%7Ctwcamp%5Etweetembed%7Ctwterm%5E1833592880046170503%7Ctwgr%5E110f6ebfdc2dd8fa864125386381a138a9b92774%7Ctwcon%5Es1_&#038;ref_url=https%3A%2F%2Fgiantswire.usatoday.com%2F2024%2F09%2F11%2Fjulian-edelman-new-york-giants-place-bill-belichick-would-want-to-go%2F\">O ex-wide receiver do New England Patriots, Julian Edelman, disse na ter\u00e7a-feira <i>O rebanho<\/i><\/a>. \u201cE n\u00e3o estou pedindo o emprego de ningu\u00e9m. Eu amo (Brian) Daboll. Daboll \u00e9 meu favorito. Mas o destino do que eles colocaram em campo. \u2026 Voc\u00ea vai afundar com esse navio.\u201d<\/p>\n<p class=\"article__paragraph article__paragraph--left\" id=\"XJ23ZKTPJZDKPMJXLAOXUSFXFU\">O \u201cnavio\u201d ofensivo \u00e9 atualmente liderado pelo quarterback Daniel Jones, que completou 22 de 42 passes para 186 jardas e duas intercepta\u00e7\u00f5es na derrota da Semana 1 para o Minnesota Vikings. Seu sucesso (ou falta dele) ditar\u00e1 o sucesso dos Giants, e a amostra mais recente n\u00e3o inspira muita confian\u00e7a de que ele ser\u00e1 muito melhor do que mostrou nas \u00faltimas temporadas decepcionantes.<\/p>\n<p class=\"article__paragraph article__paragraph--left\" id=\"IBBATQQ2LBCQRBRTI5TPECAYAY\">\u201cSe esse (emprego) se abrir, eu me lembro vividamente, sempre que jog\u00e1vamos em Nova York ou contra os Giants, voc\u00ea podia ver o jingle no esp\u00edrito de Belichick porque ele adorava falar sobre aqueles antigos times dos Giants\u201d, disse Edelman. \u201cEle adorava falar sobre aquela organiza\u00e7\u00e3o.\u201d<\/p>\n<p class=\"article__paragraph article__paragraph--left\" id=\"W3M7ABP2WJF65EW6GNLDD4TZHU\">Belichick passou 12 temporadas com os Giants no in\u00edcio de sua carreira como assistente e coordenador defensivo e ganhou dois Super Bowls.<\/p>\n<p class=\"article__paragraph article__paragraph--left\" id=\"Z2ZCVWCKTVD3PD4DGSJJM4AU5E\">Edelman sabia quase melhor do que ningu\u00e9m os sentimentos de Belichick depois de passar todas as suas 11 temporadas (2009-2020) sob o comando da lenda do treinamento, com quem conquistou tr\u00eas t\u00edtulos. <\/p>\n<p class=\"article__paragraph article__paragraph--left\" id=\"YXBAP2PW6JGHFFEHLMNPMBADGA\">Por enquanto, Belichick estender\u00e1 sua experi\u00eancia \u00e0 cabine de transmiss\u00e3o da ESPN (\u201dManningCast\u201d) e da The CW Network (\u201dInside the NFL\u201d).<\/p>\n<section class=\"Stories-By-Section-Tag-module_wrapper__69Ed7 Stories-By-Section-Tag-module_nj__RFbQx\"\/>\n<p class=\"article__paragraph article__paragraph--left\" id=\"HRZUE5KIWZCMDJJHRIAYY6KHHE\"><i>Obrigado por confiar em n\u00f3s para fornecer o jornalismo em que voc\u00ea pode confiar. Por favor, considere nos apoiar com uma assinatura.<\/i><\/p>\n<\/div>\n<p><br \/>\n<br \/><a href=\"https:\/\/www.nj.com\/giants\/2024\/09\/bill-belichick-has-jingle-in-his-spirit-about-rejoining-giants-his-ex-player-says.html\">Source link <\/a><\/p>","protected":false},"excerpt":{"rendered":"<p>Mesmo com 0-1, h\u00e1 um sentimento de fracasso em torno do New York Giants que pode eventualmente precipitar uma reformula\u00e7\u00e3o na diretoria e na comiss\u00e3o t\u00e9cnica. Se a temporada dos&hellip;<\/p>","protected":false},"author":1,"featured_media":35438,"comment_status":"closed","ping_status":"open","sticky":false,"template":"","format":"standard","meta":{"content-type":"","footnotes":""},"categories":[1],"tags":[],"class_list":["post-35437","post","type-post","status-publish","format-standard","has-post-thumbnail","hentry","category-uncategorized"],"_links":{"self":[{"href":"https:\/\/tvbrazilusa.com\/pt\/wp-json\/wp\/v2\/posts\/35437","targetHints":{"allow":["GET"]}}],"collection":[{"href":"https:\/\/tvbrazilusa.com\/pt\/wp-json\/wp\/v2\/posts"}],"about":[{"href":"https:\/\/tvbrazilusa.com\/pt\/wp-json\/wp\/v2\/types\/post"}],"author":[{"embeddable":true,"href":"https:\/\/tvbrazilusa.com\/pt\/wp-json\/wp\/v2\/users\/1"}],"replies":[{"embeddable":true,"href":"https:\/\/tvbrazilusa.com\/pt\/wp-json\/wp\/v2\/comments?post=35437"}],"version-history":[{"count":1,"href":"https:\/\/tvbrazilusa.com\/pt\/wp-json\/wp\/v2\/posts\/35437\/revisions"}],"predecessor-version":[{"id":35439,"href":"https:\/\/tvbrazilusa.com\/pt\/wp-json\/wp\/v2\/posts\/35437\/revisions\/35439"}],"wp:featuredmedia":[{"embeddable":true,"href":"https:\/\/tvbrazilusa.com\/pt\/wp-json\/wp\/v2\/media\/35438"}],"wp:attachment":[{"href":"https:\/\/tvbrazilusa.com\/pt\/wp-json\/wp\/v2\/media?parent=35437"}],"wp:term":[{"taxonomy":"category","embeddable":true,"href":"https:\/\/tvbrazilusa.com\/pt\/wp-json\/wp\/v2\/categories?post=35437"},{"taxonomy":"post_tag","embeddable":true,"href":"https:\/\/tvbrazilusa.com\/pt\/wp-json\/wp\/v2\/tags?post=35437"}],"curies":[{"name":"wp","href":"https:\/\/api.w.org\/{rel}","templated":true}]}}