{"id":35443,"date":"2024-09-11T12:54:29","date_gmt":"2024-09-11T12:54:29","guid":{"rendered":"https:\/\/tvbrazilusa.com\/2024\/09\/11\/eua-comemoram-ataques-de-11-de-setembro-com-vitimas-em-foco-e-politica-em-vista-wsvn-7news-noticias-de-miami-clima-esportes-fort-lauderdale\/"},"modified":"2024-09-11T13:08:13","modified_gmt":"2024-09-11T13:08:13","slug":"eua-comemoram-ataques-de-11-de-setembro-com-vitimas-em-foco-e-politica-em-vista-wsvn-7news-noticias-de-miami-clima-esportes-fort-lauderdale","status":"publish","type":"post","link":"https:\/\/tvbrazilusa.com\/pt\/2024\/09\/11\/eua-comemoram-ataques-de-11-de-setembro-com-vitimas-em-foco-e-politica-em-vista-wsvn-7news-noticias-de-miami-clima-esportes-fort-lauderdale\/","title":{"rendered":"EUA comemoram ataques de 11 de setembro com v\u00edtimas em foco e pol\u00edtica em vista &#8211; WSVN 7News | Not\u00edcias de Miami, Clima, Esportes | Fort Lauderdale"},"content":{"rendered":"<p> <script async src=\"https:\/\/pagead2.googlesyndication.com\/pagead\/js\/adsbygoogle.js?client=ca-pub-8864793242727901\"\r\n     crossorigin=\"anonymous\"><\/script><br \/>\n<\/p>\n<div itemprop=\"articleBody\">\n<p>NOVA YORK (AP) \u2014 Os EUA est\u00e3o relembrando as vidas ceifadas e transformadas pelo 11 de setembro, marcando um anivers\u00e1rio repleto de pol\u00edtica de campanha presidencial, enquanto o presidente Joe Biden, o ex-presidente Donald Trump e a vice-presidente Kamala Harris estavam juntos na pra\u00e7a onde ficavam as torres g\u00eameas.<\/p>\n<p>O dia 11 de setembro \u2014 data em que ataques com avi\u00f5es sequestrados mataram quase 3.000 pessoas em 2001 \u2014 acontece no auge da temporada de elei\u00e7\u00f5es presidenciais a cada quatro anos, e dessa vez acontece em um momento especialmente importante.<\/p>\n<p>Logo ap\u00f3s seu primeiro debate na ter\u00e7a-feira \u00e0 noite, Harris e Trump se encontraram novamente nas comemora\u00e7\u00f5es do 11 de setembro no World Trade Center em Nova York e no Memorial Nacional do Voo 93 na Pensilv\u00e2nia.<\/p>\n<p>Trump e seu companheiro de chapa, o senador JD Vance, chegaram ao local do trade center por volta das 8h e posaram para fotos com alguns na plateia. Harris chegou com Biden cerca de meia hora depois, sob aplausos de \u201cKamala!\u201d de alguns membros da plateia.<\/p>\n<p>Biden e Trump apertaram as m\u00e3os, e ent\u00e3o o presidente e Harris ficaram a poucos metros de Trump e Vance, com o ex-prefeito de Nova York Michael Bloomberg entre eles.<\/p>\n<p>Mas o contexto pol\u00edtico n\u00e3o era a principal preocupa\u00e7\u00e3o dos parentes das v\u00edtimas, como Cathy Naughton, que foi \u00e0 cerim\u00f4nia para homenagear seu primo Michael Roberts, um das centenas de bombeiros mortos no ataque.<\/p>\n<p>Vinte e tr\u00eas anos depois, \u201cest\u00e1 t\u00e3o cru\u201d, ela disse. \u201cQueremos ter certeza de que as pessoas se lembrem sempre, e digam os nomes sempre e nunca esque\u00e7am.\u201d<\/p>\n<p>\u201cA cada ano, n\u00e3o fica mais f\u00e1cil\u201d, ela acrescentou.<\/p>\n<p>Independentemente do calend\u00e1rio de campanha, os organizadores de cerim\u00f4nias de anivers\u00e1rio h\u00e1 muito se esfor\u00e7am para tentar manter o foco nas v\u00edtimas. Por anos, os pol\u00edticos foram apenas observadores nas observ\u00e2ncias do marco zero, com o microfone indo para parentes que liam os nomes das v\u00edtimas em voz alta.<\/p>\n<p>Se os pol\u00edticos \u201cse importam com o que realmente est\u00e1 acontecendo, \u00f3timo. Estejam aqui\u201d, disse Korryn Bishop, que perdeu seu primo John F. McDowell Jr., a caminho da cerim\u00f4nia. \u201cSe eles est\u00e3o aqui apenas por influ\u00eancia pol\u00edtica, isso me chateia.\u201d<\/p>\n<p>Biden, no \u00faltimo dia 11 de setembro de seu mandato e provavelmente de sua carreira pol\u00edtica de meio s\u00e9culo, foi acompanhado por Harris para cerim\u00f4nias na Pensilv\u00e2nia e no Pent\u00e1gono, os tr\u00eas locais onde jatos comerciais ca\u00edram depois que agentes da Al-Qaeda os tomaram em 11 de setembro de 2001. Trump tamb\u00e9m deveria comparecer ao Memorial Nacional do Voo 93, perto da \u00e1rea rural de Shanksville, Pensilv\u00e2nia.<\/p>\n<p>Mais tarde, autoridades conclu\u00edram que a aeronave que caiu l\u00e1 estava indo em dire\u00e7\u00e3o a Washington. Ela caiu depois que membros da tripula\u00e7\u00e3o e passageiros tentaram arrancar o controle dos sequestradores.<\/p>\n<p>Os ataques mataram 2.977 pessoas e deixaram milhares de parentes enlutados e sobreviventes marcados. Os avi\u00f5es abriram um corte no Pent\u00e1gono, o quartel-general militar dos EUA, e derrubaram as torres g\u00eameas do centro comercial, que estavam entre os edif\u00edcios mais altos do mundo.<\/p>\n<p>A cat\u00e1strofe tamb\u00e9m alterou a pol\u00edtica externa dos EUA, as pr\u00e1ticas de seguran\u00e7a interna e a mentalidade de muitos americanos que antes n\u00e3o se sentiam vulner\u00e1veis \u200b\u200ba ataques de extremistas estrangeiros.<\/p>\n<p>Os efeitos se espalharam pelo mundo e por gera\u00e7\u00f5es, enquanto os EUA respondiam liderando uma \u201cGuerra Global contra o Terrorismo\u201d, que inclu\u00eda invas\u00f5es do Afeganist\u00e3o e do Iraque. Essas opera\u00e7\u00f5es mataram centenas de milhares de afeg\u00e3os e iraquianos e milhares de tropas americanas, e o Afeganist\u00e3o se tornou o local da guerra mais longa dos Estados Unidos.<\/p>\n<p>\u00c0 medida que o legado complexo do 11 de setembro continua a evoluir, comunidades ao redor do pa\u00eds desenvolveram tradi\u00e7\u00f5es de lembran\u00e7a que v\u00e3o desde a coloca\u00e7\u00e3o de coroas de flores at\u00e9 a exibi\u00e7\u00e3o de bandeiras, de marchas a mensagens de r\u00e1dio da pol\u00edcia. Projetos volunt\u00e1rios tamb\u00e9m marcam o anivers\u00e1rio, que o Congresso intitulou tanto Dia do Patriota quanto Dia Nacional de Servi\u00e7o e Lembran\u00e7a.<\/p>\n<p>No marco zero, presidentes e outros detentores de cargos p\u00fablicos leem poemas, partes da Declara\u00e7\u00e3o de Independ\u00eancia e outros textos durante os primeiros anivers\u00e1rios.<\/p>\n<p>Mas isso acabou depois que o National Sept. 11 Memorial and Museum decidiu em 2012 limitar a cerim\u00f4nia a parentes lendo os nomes das v\u00edtimas. Bloomberg era presidente do conselho na \u00e9poca e ainda \u00e9.<\/p>\n<p>Pol\u00edticos e candidatos ainda puderam comparecer ao evento. Muitos o fazem, especialmente nova-iorquinos que ocupavam cargos p\u00fablicos durante os ataques, como a ex-secret\u00e1ria de Estado Hillary Clinton, que era ent\u00e3o senadora dos EUA.<\/p>\n<p>Ela e Trump se encontraram na homenagem ao marco zero do 11 de setembro em 2016, e isso se tornou um cap\u00edtulo tenso na narrativa da campanha presidencial daquele ano.<\/p>\n<p>Clinton, ent\u00e3o a indicada democrata, deixou a cerim\u00f4nia abruptamente, trope\u00e7ou enquanto esperava sua comitiva e depois revelou que havia sido diagnosticada com pneumonia alguns dias antes. O epis\u00f3dio despertou nova aten\u00e7\u00e3o para sua sa\u00fade, que Trump vinha questionando h\u00e1 meses.<\/p>\n<p>Em 2008, os ent\u00e3o senadores e rivais da campanha presidencial John McCain e Barack Obama fizeram um esfor\u00e7o vis\u00edvel para deixar a pol\u00edtica de lado no anivers\u00e1rio. Eles visitaram o marco zero juntos para prestar suas homenagens e depositar flores em um espelho d&#8217;\u00e1gua no que ainda era um po\u00e7o.<\/p>\n<p>\u00c9 claro que os familiares das v\u00edtimas ocasionalmente enviam suas pr\u00f3prias mensagens pol\u00edticas na cerim\u00f4nia, onde os leitores geralmente fazem breves coment\u00e1rios depois de terminarem de citar os nomes que lhes foram atribu\u00eddos.<\/p>\n<p>Alguns parentes usaram o f\u00f3rum para lamentar as divis\u00f5es dos americanos, exortar os l\u00edderes a priorizar a seguran\u00e7a nacional, reconhecer as baixas da guerra contra o terror, reclamar que as autoridades est\u00e3o politizando o 11 de setembro e at\u00e9 mesmo criticar detentores de cargos p\u00fablicos individuais.<\/p>\n<p>Mas a maioria dos leitores se apega a homenagens e reflex\u00f5es pessoais. Cada vez mais, eles v\u00eam de crian\u00e7as e jovens adultos que nasceram depois que os ataques mataram um pai, av\u00f4, tia ou tio.<\/p>\n<p>\u201cMesmo que eu nunca tenha te conhecido, sinto como se te conhecesse para sempre\u201d, Annabella Sanchez disse no ano passado sobre seu av\u00f4, Edward Joseph Papa. \u201cN\u00f3s sempre nos lembraremos e honraremos voc\u00ea, todos os dias.<\/p>\n<p>\u201cN\u00f3s te amamos, vov\u00f4 Eddie.\u201d<\/p>\n<p><em>Copyright 2024 The Associated Press. Todos os direitos reservados. Este material n\u00e3o pode ser publicado, transmitido, reescrito ou redistribu\u00eddo.<\/em><\/p>\n<div class=\"wp-block-newsletter\">\n\t<strong class=\"wp-block-newsletter__title\">Inscreva-se em nossa Newsletter para receber as \u00faltimas not\u00edcias diretamente na sua caixa de entrada<\/strong><\/p>\n<\/div><\/div>\n<p><br \/>\n<br \/><a href=\"https:\/\/wsvn.com\/news\/us-world\/us-commemorates-9-11-attacks-with-victims-in-focus-and-politics-in-view\/\">Source link <\/a><\/p>","protected":false},"excerpt":{"rendered":"<p>NOVA YORK (AP) \u2014 Os EUA est\u00e3o relembrando as vidas ceifadas e transformadas pelo 11 de setembro, marcando um anivers\u00e1rio repleto de pol\u00edtica de campanha presidencial, enquanto o presidente Joe&hellip;<\/p>","protected":false},"author":1,"featured_media":35444,"comment_status":"closed","ping_status":"open","sticky":false,"template":"","format":"standard","meta":{"content-type":"","footnotes":""},"categories":[1],"tags":[],"class_list":["post-35443","post","type-post","status-publish","format-standard","has-post-thumbnail","hentry","category-uncategorized"],"_links":{"self":[{"href":"https:\/\/tvbrazilusa.com\/pt\/wp-json\/wp\/v2\/posts\/35443","targetHints":{"allow":["GET"]}}],"collection":[{"href":"https:\/\/tvbrazilusa.com\/pt\/wp-json\/wp\/v2\/posts"}],"about":[{"href":"https:\/\/tvbrazilusa.com\/pt\/wp-json\/wp\/v2\/types\/post"}],"author":[{"embeddable":true,"href":"https:\/\/tvbrazilusa.com\/pt\/wp-json\/wp\/v2\/users\/1"}],"replies":[{"embeddable":true,"href":"https:\/\/tvbrazilusa.com\/pt\/wp-json\/wp\/v2\/comments?post=35443"}],"version-history":[{"count":1,"href":"https:\/\/tvbrazilusa.com\/pt\/wp-json\/wp\/v2\/posts\/35443\/revisions"}],"predecessor-version":[{"id":35445,"href":"https:\/\/tvbrazilusa.com\/pt\/wp-json\/wp\/v2\/posts\/35443\/revisions\/35445"}],"wp:featuredmedia":[{"embeddable":true,"href":"https:\/\/tvbrazilusa.com\/pt\/wp-json\/wp\/v2\/media\/35444"}],"wp:attachment":[{"href":"https:\/\/tvbrazilusa.com\/pt\/wp-json\/wp\/v2\/media?parent=35443"}],"wp:term":[{"taxonomy":"category","embeddable":true,"href":"https:\/\/tvbrazilusa.com\/pt\/wp-json\/wp\/v2\/categories?post=35443"},{"taxonomy":"post_tag","embeddable":true,"href":"https:\/\/tvbrazilusa.com\/pt\/wp-json\/wp\/v2\/tags?post=35443"}],"curies":[{"name":"wp","href":"https:\/\/api.w.org\/{rel}","templated":true}]}}