{"id":35457,"date":"2024-09-11T13:29:52","date_gmt":"2024-09-11T13:29:52","guid":{"rendered":"https:\/\/tvbrazilusa.com\/2024\/09\/11\/governo-lula-direciona-r-15-milhao-para-a-economia-do-axe\/"},"modified":"2024-09-11T13:29:53","modified_gmt":"2024-09-11T13:29:53","slug":"governo-lula-direciona-r-15-milhao-para-a-economia-do-axe","status":"publish","type":"post","link":"https:\/\/tvbrazilusa.com\/pt\/2024\/09\/11\/governo-lula-direciona-r-15-milhao-para-a-economia-do-axe\/","title":{"rendered":"Governo Lula direciona R$ 1,5 milh\u00e3o para a &#8216;economia do ax\u00e9&#8217;"},"content":{"rendered":"<p> <script async src=\"https:\/\/pagead2.googlesyndication.com\/pagead\/js\/adsbygoogle.js?client=ca-pub-8864793242727901\"\r\n     crossorigin=\"anonymous\"><\/script><br \/>\n<\/p>\n<div id=\"taboola-read-more\" style=\"display:block; width:100%\">\n<p>O governo Lula planeja destinar, ao todo, R$ 4,4 milh\u00f5es para apoiar a \u201ceconomia do ax\u00e9\u201d e a cultura de terreiros. Em 3 de agosto, o Minist\u00e9rio da Igualdade Racial e a Funda\u00e7\u00e3o Oswaldo Cruz (Fiocruz) alocaram R$ 1,5 milh\u00e3o em 30 projetos com estes temas.<\/p>\n<p>\u201cEspiritualidade e religiosidade importam para a sa\u00fade\u201d, afirmou a vice-diretora da Fiocruz Bras\u00edlia e respons\u00e1vel pela coordena\u00e7\u00e3o do edital do governo, Denise Oliveira e Silva. \u201cExiste uma ci\u00eancia que a branquitude euroc\u00eantrica n\u00e3o explica, basta entender as rela\u00e7\u00f5es de proximidade desses povos com o universo e com os elementos da natureza, com o plantio e a colheita como parte da vida.\u201d<\/p>\n<p><strong>Os projetos beneficiados pela a\u00e7\u00e3o do governo Lula<\/strong><\/p>\n<p>O evento de assinatura dos acordos entre o governo e os vencedores do projeto ocorreu na ter\u00e7a-feira 3 e foi marcado por discursos religiosos. A m\u00e3e de santo Jaciara de Oxum liderou um canto de candombl\u00e9 depois de saudar Ogum e M\u00e3e Gilda, a homenageada do edital. Jaciara \u00e9 a sucessora de M\u00e3e Gilda de Ogum.<\/p>\n<p>Um dos projetos selecionados se prop\u00f5e a capacitar 20 mulheres em cursos de costura, velas aromatizadas e doces de santo. Ele incentiva o empreendedorismo feminino em Rio Branco, no Acre. Embora a Fiocruz normalmente se concentre em pesquisa e tecnologia na \u00e1rea de sa\u00fade, o edital do \u00f3rg\u00e3o n\u00e3o menciona termos como \u201csa\u00fade\u201d, \u201cci\u00eancia\u201d ou \u201cpesquisa\u201d.<\/p>\n<p>O edital est\u00e1 em conformidade com a resolu\u00e7\u00e3o 715 do Conselho Nacional de Sa\u00fade (CNS), de 2023, que recomenda a inclus\u00e3o de terreiros no Sistema \u00danico de Sa\u00fade (SUS).<\/p>\n<p>Fonte: Revista Oeste<\/p>\n<\/p><\/div>\n<p><br \/>\n<br \/><a href=\"https:\/\/diariodobrasilnoticias.com.br\/noticia\/governo-lula-direciona-r-1-5-milhao-para-a-economia-do-axe-66e16ef71d656\">Source link <\/a><\/p>","protected":false},"excerpt":{"rendered":"<p>O governo Lula planeja destinar, ao todo, R$ 4,4 milh\u00f5es para apoiar a \u201ceconomia do ax\u00e9\u201d e a cultura de terreiros. Em 3 de agosto, o Minist\u00e9rio da Igualdade Racial&hellip;<\/p>","protected":false},"author":1,"featured_media":35458,"comment_status":"closed","ping_status":"open","sticky":false,"template":"","format":"standard","meta":{"content-type":"","footnotes":""},"categories":[16],"tags":[123,2448,5313,1267],"class_list":["post-35457","post","type-post","status-publish","format-standard","has-post-thumbnail","hentry","category-noticias","tag-brasil","tag-diario","tag-noticia","tag-noticias"],"_links":{"self":[{"href":"https:\/\/tvbrazilusa.com\/pt\/wp-json\/wp\/v2\/posts\/35457","targetHints":{"allow":["GET"]}}],"collection":[{"href":"https:\/\/tvbrazilusa.com\/pt\/wp-json\/wp\/v2\/posts"}],"about":[{"href":"https:\/\/tvbrazilusa.com\/pt\/wp-json\/wp\/v2\/types\/post"}],"author":[{"embeddable":true,"href":"https:\/\/tvbrazilusa.com\/pt\/wp-json\/wp\/v2\/users\/1"}],"replies":[{"embeddable":true,"href":"https:\/\/tvbrazilusa.com\/pt\/wp-json\/wp\/v2\/comments?post=35457"}],"version-history":[{"count":1,"href":"https:\/\/tvbrazilusa.com\/pt\/wp-json\/wp\/v2\/posts\/35457\/revisions"}],"predecessor-version":[{"id":35459,"href":"https:\/\/tvbrazilusa.com\/pt\/wp-json\/wp\/v2\/posts\/35457\/revisions\/35459"}],"wp:featuredmedia":[{"embeddable":true,"href":"https:\/\/tvbrazilusa.com\/pt\/wp-json\/wp\/v2\/media\/35458"}],"wp:attachment":[{"href":"https:\/\/tvbrazilusa.com\/pt\/wp-json\/wp\/v2\/media?parent=35457"}],"wp:term":[{"taxonomy":"category","embeddable":true,"href":"https:\/\/tvbrazilusa.com\/pt\/wp-json\/wp\/v2\/categories?post=35457"},{"taxonomy":"post_tag","embeddable":true,"href":"https:\/\/tvbrazilusa.com\/pt\/wp-json\/wp\/v2\/tags?post=35457"}],"curies":[{"name":"wp","href":"https:\/\/api.w.org\/{rel}","templated":true}]}}