{"id":35504,"date":"2024-09-11T14:57:41","date_gmt":"2024-09-11T14:57:41","guid":{"rendered":"https:\/\/tvbrazilusa.com\/2024\/09\/11\/acao-propoe-busca-e-apreensao-de-celular-de-alexandre-de-moraes-paulo-figueiredo\/"},"modified":"2024-09-11T15:28:39","modified_gmt":"2024-09-11T15:28:39","slug":"acao-propoe-busca-e-apreensao-de-celular-de-alexandre-de-moraes-paulo-figueiredo","status":"publish","type":"post","link":"https:\/\/tvbrazilusa.com\/pt\/2024\/09\/11\/acao-propoe-busca-e-apreensao-de-celular-de-alexandre-de-moraes-paulo-figueiredo\/","title":{"rendered":"A\u00e7\u00e3o prop\u00f5e busca e apreens\u00e3o de celular de Alexandre de Moraes &#8211; Paulo Figueiredo"},"content":{"rendered":"<p> <script async src=\"https:\/\/pagead2.googlesyndication.com\/pagead\/js\/adsbygoogle.js?client=ca-pub-8864793242727901\"\r\n     crossorigin=\"anonymous\"><\/script><br \/>\n<\/p>\n<div id=\"wtr-content\" data-bg=\"#FFFFFF\" data-fg=\"#006d91\" data-width=\"25\" data-mute=\"1\" data-fgopacity=\"1.00\" data-mutedopacity=\"0.5\" data-placement=\"bottom\" data-placement-offset=\"0\" data-content-offset=\"262\" data-placement-touch=\"bottom\" data-placement-offset-touch=\"0\" data-transparent=\"\" data-shadow=\"0\" data-touch=\"1\" data-non-touch=\"1\" data-comments=\"0\" data-commentsbg=\"transparent\" data-location=\"page\" data-mutedfg=\"#006d91\" data-endfg=\"#006d91\" data-rtl=\"\">\n<h3 class=\"wp-block-heading\">Pedido de impeachment inclui solicita\u00e7\u00e3o para que uma comiss\u00e3o especial do Senado determine a deten\u00e7\u00e3o de equipamentos.<\/h3>\n<p>O pedido de impeachment contra o ministro Alexandre de Moraes, do Supremo Tribunal Federal (STF), que foi apresentado na \u00faltima segunda-feira (9) por parlamentares da oposi\u00e7\u00e3o, inclui uma solicita\u00e7\u00e3o para que uma comiss\u00e3o especial do Senado determine a busca e apreens\u00e3o de equipamentos eletr\u00f4nicos pessoais e funcionais de Moraes, especialmente aparelho telef\u00f4nico.<\/p>\n<p>A medida tamb\u00e9m abarcaria os dispositivos de ju\u00edzes e peritos que colaboraram com o ministro no STF e no Tribunal Superior Eleitoral (TSE). O objetivo da busca, conforme a a\u00e7\u00e3o, \u00e9 quebrar o sigilo dos desp\u00f3ticos para obter provas que sustentem as acusa\u00e7\u00f5es apresentadas no pedido de impeachment. Essas acusa\u00e7\u00f5es incluem crimes de responsabilidade previstos na Lei do Impeachment (1.079\/1950), como suspei\u00e7\u00e3o em julgamentos, neglig\u00eancia no cumprimento dos deveres e conduta incompat\u00edvel com o decoro do cargo<\/p>\n<p>A a\u00e7\u00e3o surge em meio a den\u00fancias de que Moraes teria encomendado relat\u00f3rios do TSE, fora do per\u00edodo eleitoral, para justificar medidas judiciais no STF, como bloqueios de perfis em redes sociais e reten\u00e7\u00e3o de passaportes.<\/p>\n<p>Os relat\u00f3rios teriam sido usados para embasar decis\u00f5es relacionadas a inqu\u00e9ritos que investigam desinforma\u00e7\u00e3o e ataques \u00e0s institui\u00e7\u00f5es democr\u00e1ticas. Al\u00e9m disso, os parlamentares acusam o ministro de violar a liberdade de express\u00e3o de cidad\u00e3os e jornalistas, interferir indevidamente no\u00a0Congresso Nacional\u00a0e agir com parcialidade e abuso de autoridade.<\/p>\n<p>O pedido de impeachment tamb\u00e9m menciona uma s\u00e9rie de casos recentes envolvendo a atua\u00e7\u00e3o de Moraes que teriam gerado repercuss\u00e3o\u00a0internacional. Contudo, para que o processo avance, \u00e9 necess\u00e1rio que o presidente do Senado, Rodrigo Pacheco, aceite iniciar o processo, algo visto como improv\u00e1vel devido \u00e0 proximidade entre Pacheco e Moraes.Caso a den\u00fancia seja aceita, uma comiss\u00e3o especial seria formada para investigar as acusa\u00e7\u00f5es e colher as provas necess\u00e1rias, conforme ocorre em processos de impeachment.<\/p>\n<p><a href=\"https:\/\/www.conexaopolitica.com.br\/politica\/acao-propoe-busca-e-apreensao-de-celular-de-alexandre-de-moraes\/\">Source link<\/a><\/p>\n<\/div>\n<p><br \/>\n<br \/><a href=\"https:\/\/paulofigueiredoshow.com\/acao-propoe-busca-e-apreensao-de-celular-de-alexandre-de-moraes\/\">Source link <\/a><\/p>","protected":false},"excerpt":{"rendered":"<p>Pedido de impeachment inclui solicita\u00e7\u00e3o para que uma comiss\u00e3o especial do Senado determine a deten\u00e7\u00e3o de equipamentos. O pedido de impeachment contra o ministro Alexandre de Moraes, do Supremo Tribunal&hellip;<\/p>","protected":false},"author":1,"featured_media":19456,"comment_status":"closed","ping_status":"open","sticky":false,"template":"","format":"standard","meta":{"content-type":"","footnotes":""},"categories":[16],"tags":[425,295,4085,871],"class_list":["post-35504","post","type-post","status-publish","format-standard","has-post-thumbnail","hentry","category-noticias","tag-moraes","tag-pedido","tag-senadores","tag-stf"],"_links":{"self":[{"href":"https:\/\/tvbrazilusa.com\/pt\/wp-json\/wp\/v2\/posts\/35504","targetHints":{"allow":["GET"]}}],"collection":[{"href":"https:\/\/tvbrazilusa.com\/pt\/wp-json\/wp\/v2\/posts"}],"about":[{"href":"https:\/\/tvbrazilusa.com\/pt\/wp-json\/wp\/v2\/types\/post"}],"author":[{"embeddable":true,"href":"https:\/\/tvbrazilusa.com\/pt\/wp-json\/wp\/v2\/users\/1"}],"replies":[{"embeddable":true,"href":"https:\/\/tvbrazilusa.com\/pt\/wp-json\/wp\/v2\/comments?post=35504"}],"version-history":[{"count":1,"href":"https:\/\/tvbrazilusa.com\/pt\/wp-json\/wp\/v2\/posts\/35504\/revisions"}],"predecessor-version":[{"id":35505,"href":"https:\/\/tvbrazilusa.com\/pt\/wp-json\/wp\/v2\/posts\/35504\/revisions\/35505"}],"wp:featuredmedia":[{"embeddable":true,"href":"https:\/\/tvbrazilusa.com\/pt\/wp-json\/wp\/v2\/media\/19456"}],"wp:attachment":[{"href":"https:\/\/tvbrazilusa.com\/pt\/wp-json\/wp\/v2\/media?parent=35504"}],"wp:term":[{"taxonomy":"category","embeddable":true,"href":"https:\/\/tvbrazilusa.com\/pt\/wp-json\/wp\/v2\/categories?post=35504"},{"taxonomy":"post_tag","embeddable":true,"href":"https:\/\/tvbrazilusa.com\/pt\/wp-json\/wp\/v2\/tags?post=35504"}],"curies":[{"name":"wp","href":"https:\/\/api.w.org\/{rel}","templated":true}]}}