{"id":35539,"date":"2024-09-11T16:34:27","date_gmt":"2024-09-11T16:34:27","guid":{"rendered":"https:\/\/tvbrazilusa.com\/2024\/09\/11\/vizinhos-relatam-que-a-filha-de-uma-idosa-encontrada-morta-em-casa-apos-seis-meses-afirmava-que-a-mae-havia-sido-enterrada\/"},"modified":"2024-09-11T16:34:28","modified_gmt":"2024-09-11T16:34:28","slug":"vizinhos-relatam-que-a-filha-de-uma-idosa-encontrada-morta-em-casa-apos-seis-meses-afirmava-que-a-mae-havia-sido-enterrada","status":"publish","type":"post","link":"https:\/\/tvbrazilusa.com\/pt\/2024\/09\/11\/vizinhos-relatam-que-a-filha-de-uma-idosa-encontrada-morta-em-casa-apos-seis-meses-afirmava-que-a-mae-havia-sido-enterrada\/","title":{"rendered":"Vizinhos relatam que a filha de uma idosa, encontrada morta em casa ap\u00f3s seis meses, afirmava que a m\u00e3e havia sido enterrada"},"content":{"rendered":"<p> <script async src=\"https:\/\/pagead2.googlesyndication.com\/pagead\/js\/adsbygoogle.js?client=ca-pub-8864793242727901\"\r\n     crossorigin=\"anonymous\"><\/script><br \/>\n<\/p>\n<p>O corpo de uma idosa foi encontrado por funcion\u00e1rios do Servi\u00e7o de Atendimento M\u00f3vel de Urg\u00eancia (Samu), no \u00faltimo s\u00e1bado, j\u00e1 em estado avan\u00e7ado de composi\u00e7\u00e3o dentro da pr\u00f3pria casa, na Zona Norte do Rio. A filha de Maria Auxiliadora de Andrade Santos, de 75 anos, estaria vivendo no apartamento com o cad\u00e1ver trancado no quarto havia cerca de seis meses. O GLOBO foi at\u00e9 a Rua Marco Polo, na Vila da Penha, onde fica localizada a resid\u00eancia e, segundo os relatos de vizinhos do pr\u00e9dio e de comerciantes locais, h\u00e1 tr\u00eas meses a filha teria dito que Maria Auxiliadora havida falecido e j\u00e1 tinha sido enterrada.<\/p>\n<div data-block-type=\"unstyled\" data-block-weight=\"97\">\n<p class=\"content-text__container\" data-track-category=\"Link no Texto\" data-track-links=\"data-track-links\">\u2014 Ela era uma senhora ativa, sempre passava aqui pela rua para ir \u00e0 igreja. De uns tempos para c\u00e1, ela sumiu. Outra senhora, que ia com ela ao culto toda semana, foi a primeira a perguntar e a filha disse que ela estava com uns problemas de sa\u00fade. Sempre enrolava dizendo que n\u00e3o pod\u00edamos visitar ela. Coisa de uns tr\u00eas meses, a filha disse aos vizinhos que a m\u00e3e teria falecido e a fam\u00edlia n\u00e3o teve tempo de comunicar sobre o enterro \u2014 conta um comerciante local, que trabalha na regi\u00e3o h\u00e1 mais de 20 anos.<\/p>\n<\/div>\n<div data-block-type=\"unstyled\" data-block-weight=\"42\">\n<p class=\"content-text__container\" data-track-category=\"Link no Texto\" data-track-links=\"data-track-links\">Segundo o relato de um vizinho do pr\u00e9dio, que preferiu n\u00e3o se identificar, o apartamento das duas \u00e9 t\u00e9rreo do edif\u00edcio de quatro andares e nenhum morador relatou ter sentido o mau cheiro. Apenas que a resid\u00eancia passou a estar sempre fechada.<\/p>\n<\/div>\n<div data-block-type=\"unstyled\" data-block-weight=\"66\">\n<p class=\"content-text__container\" data-track-category=\"Link no Texto\" data-track-links=\"data-track-links\">\u2014 A \u00fanica coisa que a gente percebeu \u00e9 que o apartamento passou sempre a estar fechado, mas o cheiro ruim n\u00e3o tinha. N\u00e3o senti e nem ouvi isso de ningu\u00e9m. A dona Maria Auxiliadora sempre morou aqui. Antes era com o marido, o filho e a filha, mas depois o companheiro faleceu e o filho tamb\u00e9m acabou morrendo de Covid, ent\u00e3o ficaram s\u00f3 elas duas.<\/p>\n<div class=\"mc-column content-text active-extra-styles\" data-block-type=\"unstyled\" data-block-weight=\"23\">\n<p class=\"content-text__container\" data-track-category=\"Link no Texto\" data-track-links=\"data-track-links\">Ainda segundo o vizinho do pr\u00e9dio, a filha da idosa era farmac\u00eautica e, nos \u00faltimos meses, eles perceberam uma mudan\u00e7a no comportamento dela.<\/p>\n<\/div>\n<div class=\"mc-column content-text active-extra-styles\" data-block-type=\"unstyled\" data-block-weight=\"65\">\n<p class=\"content-text__container\" data-track-category=\"Link no Texto\" data-track-links=\"data-track-links\">\u2014 Ela andava com uma fei\u00e7\u00e3o meio estranha, o comportamento tamb\u00e9m mudou, n\u00e3o parecia estar bem e nem se comportar como a conhec\u00edamos, mas nada que a gente pudesse imaginar que estaria acontecendo uma coisa dessa. Ela era farmac\u00eautica e, pelo que vimos e soubemos nos coment\u00e1rios aqui da rua no s\u00e1bado, ela estaria manipulando rem\u00e9dios e formol para manter o corpo com menos cheiro.<\/p>\n<\/div>\n<div class=\"mc-column content-text active-extra-styles\" data-block-type=\"unstyled\" data-block-weight=\"17\">\n<p class=\"content-text__container\" data-track-category=\"Link no Texto\" data-track-links=\"data-track-links\">Outro morador da regi\u00e3o relatou que quem teria chamado o Samu foi a neta de Maria Auxiliadora.<\/p>\n<\/div>\n<div class=\"mc-column content-text active-extra-styles\" data-block-type=\"unstyled\" data-block-weight=\"59\">\n<p class=\"content-text__container\" data-track-category=\"Link no Texto\" data-track-links=\"data-track-links\">\u2014 O que ficamos sabendo aqui foi que ela se sentiu mal e pediu ajuda para a filha, de 22 anos, a m\u00e3e j\u00e1 beira os 50 anos de idade. A filha dela ligou para o Samu, que foi quando os m\u00e9dicos vieram e acabaram descobrindo tudo. Foi uma surpresa para a gente, um caso assustador, ningu\u00e9m imaginava isso.<\/p>\n<div class=\"mc-column content-text active-extra-styles\" data-block-type=\"unstyled\" data-block-weight=\"70\">\n<p class=\"content-text__container\" data-track-category=\"Link no Texto\" data-track-links=\"data-track-links\">De acordo com o RJTV, quando os socorristas entraram no apartamento, encontraram a filha da idosa deitada no sof\u00e1. Ap\u00f3s uma an\u00e1lise cl\u00ednica, viram que ela estava bem, mas sentiram um cheiro forte. A mulher ainda teria tentado desconversar e dispensar os m\u00e9dicos, mas um deles insistiu e resolveu arrombar a porta do quarto e descobriu o cad\u00e1ver. O corpo da idosa foi removido para o Instituto M\u00e9dico-Legal do Centro.<\/p>\n<\/div>\n<div data-track-category=\"multicontent\" data-track-action=\"ultimo chunk conteudo\" data-track-noninteraction=\"false\" data-track-scroll=\"view\">\n<div class=\"mc-column content-text active-extra-styles\" data-block-type=\"unstyled\" data-block-weight=\"39\">\n<p class=\"content-text__container\" data-track-category=\"Link no Texto\" data-track-links=\"data-track-links\">O caso segue sendo investigado pela 27\u00aa DP (Vicente de Carvalho), as causas e as circunst\u00e2ncias da morte est\u00e3o sendo apuradas. Uma per\u00edcia foi realizada no cad\u00e1ver e a filha foi ouvida e liberada no mesmo dia da ocorr\u00eancia.<\/p>\n<p class=\"content-text__container\" data-track-category=\"Link no Texto\" data-track-links=\"data-track-links\">\u00a0<\/p>\n<p class=\"content-text__container\" data-track-category=\"Link no Texto\" data-track-links=\"data-track-links\">Fonte: O Globo<\/p>\n<\/div>\n<\/div>\n<\/div>\n<\/div>\n<p><br \/>\n<br \/><a href=\"https:\/\/diariodobrasilnoticias.com.br\/noticia\/vizinhos-relatam-que-a-filha-de-uma-idosa-encontrada-morta-em-casa-apos-seis-meses-afirmava-que-a-mae-havia-sido-enterrada-66e1a99bb19de\">Source link <\/a><\/p>","protected":false},"excerpt":{"rendered":"<p>O corpo de uma idosa foi encontrado por funcion\u00e1rios do Servi\u00e7o de Atendimento M\u00f3vel de Urg\u00eancia (Samu), no \u00faltimo s\u00e1bado, j\u00e1 em estado avan\u00e7ado de composi\u00e7\u00e3o dentro da pr\u00f3pria casa,&hellip;<\/p>","protected":false},"author":1,"featured_media":35540,"comment_status":"closed","ping_status":"open","sticky":false,"template":"","format":"standard","meta":{"content-type":"","footnotes":""},"categories":[16],"tags":[123,2448,5313,1267],"class_list":["post-35539","post","type-post","status-publish","format-standard","has-post-thumbnail","hentry","category-noticias","tag-brasil","tag-diario","tag-noticia","tag-noticias"],"_links":{"self":[{"href":"https:\/\/tvbrazilusa.com\/pt\/wp-json\/wp\/v2\/posts\/35539","targetHints":{"allow":["GET"]}}],"collection":[{"href":"https:\/\/tvbrazilusa.com\/pt\/wp-json\/wp\/v2\/posts"}],"about":[{"href":"https:\/\/tvbrazilusa.com\/pt\/wp-json\/wp\/v2\/types\/post"}],"author":[{"embeddable":true,"href":"https:\/\/tvbrazilusa.com\/pt\/wp-json\/wp\/v2\/users\/1"}],"replies":[{"embeddable":true,"href":"https:\/\/tvbrazilusa.com\/pt\/wp-json\/wp\/v2\/comments?post=35539"}],"version-history":[{"count":1,"href":"https:\/\/tvbrazilusa.com\/pt\/wp-json\/wp\/v2\/posts\/35539\/revisions"}],"predecessor-version":[{"id":35541,"href":"https:\/\/tvbrazilusa.com\/pt\/wp-json\/wp\/v2\/posts\/35539\/revisions\/35541"}],"wp:featuredmedia":[{"embeddable":true,"href":"https:\/\/tvbrazilusa.com\/pt\/wp-json\/wp\/v2\/media\/35540"}],"wp:attachment":[{"href":"https:\/\/tvbrazilusa.com\/pt\/wp-json\/wp\/v2\/media?parent=35539"}],"wp:term":[{"taxonomy":"category","embeddable":true,"href":"https:\/\/tvbrazilusa.com\/pt\/wp-json\/wp\/v2\/categories?post=35539"},{"taxonomy":"post_tag","embeddable":true,"href":"https:\/\/tvbrazilusa.com\/pt\/wp-json\/wp\/v2\/tags?post=35539"}],"curies":[{"name":"wp","href":"https:\/\/api.w.org\/{rel}","templated":true}]}}