{"id":35542,"date":"2024-09-11T16:32:27","date_gmt":"2024-09-11T16:32:27","guid":{"rendered":"https:\/\/tvbrazilusa.com\/2024\/09\/11\/prefeita-daniella-levine-cava-responde-apos-mdpd-divulgar-imagens-de-camera-corporal-da-altercacao-em-tyreek-hill-wsvn-7news-noticias-de-miami-clima-esportes-fort-lauderdale\/"},"modified":"2024-09-11T16:39:06","modified_gmt":"2024-09-11T16:39:06","slug":"prefeita-daniella-levine-cava-responde-apos-mdpd-divulgar-imagens-de-camera-corporal-da-altercacao-em-tyreek-hill-wsvn-7news-noticias-de-miami-clima-esportes-fort-lauderdale","status":"publish","type":"post","link":"https:\/\/tvbrazilusa.com\/pt\/2024\/09\/11\/prefeita-daniella-levine-cava-responde-apos-mdpd-divulgar-imagens-de-camera-corporal-da-altercacao-em-tyreek-hill-wsvn-7news-noticias-de-miami-clima-esportes-fort-lauderdale\/","title":{"rendered":"Prefeita Daniella Levine Cava responde ap\u00f3s MDPD divulgar imagens de c\u00e2mera corporal da alterca\u00e7\u00e3o em Tyreek Hill &#8211; WSVN 7News | Not\u00edcias de Miami, Clima, Esportes | Fort Lauderdale"},"content":{"rendered":"<p> <script async src=\"https:\/\/pagead2.googlesyndication.com\/pagead\/js\/adsbygoogle.js?client=ca-pub-8864793242727901\"\r\n     crossorigin=\"anonymous\"><\/script><br \/>\n<\/p>\n<div itemprop=\"articleBody\">\n<p>SUDOESTE DE MIAMI-DADE, FL\u00d3RIDA (WSVN) &#8211; A prefeita de Miami-Dade, Daniella Levine Cava, compartilhou seus pensamentos depois que a pol\u00edcia de Miami-Dade divulgou imagens de uma c\u00e2mera corporal de uma alterca\u00e7\u00e3o envolvendo <a href=\"https:\/\/wsvn.com\/sports\/miami-dolphins\/video-shows-that-officers-dragged-tyreek-hill-out-of-his-car-after-he-put-his-window-back-up\/\" data-type=\"link\" data-id=\"https:\/\/wsvn.com\/sports\/miami-dolphins\/video-shows-that-officers-dragged-tyreek-hill-out-of-his-car-after-he-put-his-window-back-up\/\" target=\"_blank\" rel=\"noreferrer noopener\">oficiais e o wide receiver do Miami Dolphins, Tyreek Hill.<\/a><\/p>\n<p>Levine Cava falou com a 7News durante uma homenagem ao 11 de setembro realizada no Tropical Park, no sudoeste de Miami-Dade, na manh\u00e3 de quarta-feira. <\/p>\n<p>\u201cEstou em total acordo com o que o departamento de pol\u00edcia e o que nosso Chefe de Seguran\u00e7a P\u00fablica est\u00e3o fazendo\u201d, ela disse. \u201cDecidimos que era realmente importante para o p\u00fablico ver a filmagem. Sabemos que a situa\u00e7\u00e3o n\u00e3o era uma que desejamos que se repita.\u201d<\/p>\n<p>Tamb\u00e9m na homenagem ao 11 de setembro estava a diretora do MDPD, Stephanie Daniels, que n\u00e3o quis falar com a 7News. <\/p>\n<p>\u201cSem coment\u00e1rios\u201d, disse Daniels. <\/p>\n<p>Ap\u00f3s a alterca\u00e7\u00e3o, o MDPD identificou <a href=\"https:\/\/wsvn.com\/sports\/miami-dolphins\/mdpd-identify-officer-on-administrative-duty-after-traffic-stop-incident-with-tyreek-hill\/\" data-type=\"link\" data-id=\"https:\/\/wsvn.com\/sports\/miami-dolphins\/mdpd-identify-officer-on-administrative-duty-after-traffic-stop-incident-with-tyreek-hill\/\" target=\"_blank\" rel=\"noreferrer noopener\">Danny Torres,<\/a> um veterano de 27 anos, como um dos policiais envolvidos no incidente. <\/p>\n<p>Nas imagens da c\u00e2mera corporal, Torres foi visto colocando o joelho nas costas de Hill depois que ele foi retirado do ve\u00edculo, levado ao ch\u00e3o e algemado. <\/p>\n<p>A colina era<a href=\"https:\/\/x.com\/DCohenNEWS\/status\/1833589879957295535\"> citado por viola\u00e7\u00e3o do cinto de seguran\u00e7a e dire\u00e7\u00e3o descuidada<\/a>. A pol\u00edcia disse que ele foi visto em alta velocidade a 60 mph em uma \u00e1rea de pedestres e ve\u00edculos e sem cinto de seguran\u00e7a.<\/p>\n<p>Hill e sua equipe agora pedem a demiss\u00e3o de Torres e tamb\u00e9m buscam entrar com uma a\u00e7\u00e3o judicial.<\/p>\n<p>O advogado de Torres, por outro lado, disse que afastar seu cliente foi prematuro e que ele deveria ser reintegrado imediatamente. <\/p>\n<p><em>Copyright 2024 Sunbeam Television Corp. Todos os direitos reservados. Este material n\u00e3o pode ser publicado, transmitido, reescrito ou redistribu\u00eddo.<\/em><\/p>\n<div class=\"wp-block-newsletter\">\n\t<strong class=\"wp-block-newsletter__title\">Inscreva-se em nossa Newsletter para receber as \u00faltimas not\u00edcias diretamente na sua caixa de entrada<\/strong><\/p>\n<\/div><\/div>\n<p><br \/>\n<br \/><a href=\"https:\/\/wsvn.com\/news\/local\/miami-dade\/mayor-daniella-levine-cava-responds-after-mdpd-released-bodycam-footage-of-tyreek-hill-altercation\/\">Source link <\/a><\/p>","protected":false},"excerpt":{"rendered":"<p>SUDOESTE DE MIAMI-DADE, FL\u00d3RIDA (WSVN) &#8211; A prefeita de Miami-Dade, Daniella Levine Cava, compartilhou seus pensamentos depois que a pol\u00edcia de Miami-Dade divulgou imagens de uma c\u00e2mera corporal de uma&hellip;<\/p>","protected":false},"author":1,"featured_media":35543,"comment_status":"closed","ping_status":"open","sticky":false,"template":"","format":"standard","meta":{"content-type":"","footnotes":""},"categories":[1],"tags":[],"class_list":["post-35542","post","type-post","status-publish","format-standard","has-post-thumbnail","hentry","category-uncategorized"],"_links":{"self":[{"href":"https:\/\/tvbrazilusa.com\/pt\/wp-json\/wp\/v2\/posts\/35542","targetHints":{"allow":["GET"]}}],"collection":[{"href":"https:\/\/tvbrazilusa.com\/pt\/wp-json\/wp\/v2\/posts"}],"about":[{"href":"https:\/\/tvbrazilusa.com\/pt\/wp-json\/wp\/v2\/types\/post"}],"author":[{"embeddable":true,"href":"https:\/\/tvbrazilusa.com\/pt\/wp-json\/wp\/v2\/users\/1"}],"replies":[{"embeddable":true,"href":"https:\/\/tvbrazilusa.com\/pt\/wp-json\/wp\/v2\/comments?post=35542"}],"version-history":[{"count":1,"href":"https:\/\/tvbrazilusa.com\/pt\/wp-json\/wp\/v2\/posts\/35542\/revisions"}],"predecessor-version":[{"id":35544,"href":"https:\/\/tvbrazilusa.com\/pt\/wp-json\/wp\/v2\/posts\/35542\/revisions\/35544"}],"wp:featuredmedia":[{"embeddable":true,"href":"https:\/\/tvbrazilusa.com\/pt\/wp-json\/wp\/v2\/media\/35543"}],"wp:attachment":[{"href":"https:\/\/tvbrazilusa.com\/pt\/wp-json\/wp\/v2\/media?parent=35542"}],"wp:term":[{"taxonomy":"category","embeddable":true,"href":"https:\/\/tvbrazilusa.com\/pt\/wp-json\/wp\/v2\/categories?post=35542"},{"taxonomy":"post_tag","embeddable":true,"href":"https:\/\/tvbrazilusa.com\/pt\/wp-json\/wp\/v2\/tags?post=35542"}],"curies":[{"name":"wp","href":"https:\/\/api.w.org\/{rel}","templated":true}]}}