{"id":35545,"date":"2024-09-11T16:36:23","date_gmt":"2024-09-11T16:36:23","guid":{"rendered":"https:\/\/tvbrazilusa.com\/2024\/09\/11\/a-maioria-dos-leitores-diz-que-este-candidato-venceu-o-debate\/"},"modified":"2024-09-11T16:40:14","modified_gmt":"2024-09-11T16:40:14","slug":"a-maioria-dos-leitores-diz-que-este-candidato-venceu-o-debate","status":"publish","type":"post","link":"https:\/\/tvbrazilusa.com\/pt\/2024\/09\/11\/a-maioria-dos-leitores-diz-que-este-candidato-venceu-o-debate\/","title":{"rendered":"A maioria dos leitores diz que este candidato venceu o debate"},"content":{"rendered":"<p> <script async src=\"https:\/\/pagead2.googlesyndication.com\/pagead\/js\/adsbygoogle.js?client=ca-pub-8864793242727901\"\r\n     crossorigin=\"anonymous\"><\/script><br \/>\n<\/p>\n<div id=\"\">\n<header class=\"m-article-header m-article-header--standard\">\n\t\t\t\t\t\t\t\t\t\t\t\t<span id=\"article-header-primary-term\"><br \/>\n\t\t\t\t\t\t\t\t<a class=\"a-term a-term--primary\" href=\"https:\/\/www.boston.com\/tag\/politics\/\"><\/p>\n<p>\t\t\t\t\t\t\t\tPol\u00edtica\t\t\t\t\t\t\t\t<\/a><br \/>\n\t\t\t\t\t\t\t<\/span><\/p>\n<h2 class=\"m-article-header__sub-headline\">E apenas 26% responderam &#8220;sim&#8221; \u00e0 pergunta &#8220;Algum dos candidatos influenciou seu voto?&#8221;<\/h2>\n<figure class=\"a-photo m-article-header__photo\"><figcaption class=\"a-photo__caption\">\n<p>\tO candidato presidencial republicano, ex-presidente Donald Trump, e a candidata presidencial democrata, vice-presidente Kamala Harris, participam de um debate presidencial da ABC News no National Constitution Center, na Filad\u00e9lfia, ter\u00e7a-feira, 10 de setembro de 2024. <em> Foto AP\/Alex Brandon<\/em>\t<\/figcaption><\/figure>\n<\/header>\n<p>Milh\u00f5es de telespectadores assistiram ao acalorado debate de 90 minutos na ter\u00e7a-feira \u00e0 noite entre o vice-presidente <a href=\"https:\/\/www.boston.com\/tag\/kamala-harris\/\">Kamala Harris<\/a> e ex-presidente <a href=\"https:\/\/www.boston.com\/tag\/donald-trump\/\">Donald Trump<\/a>. E entre quase 3.000 leitores do Boston.com que participaram, houve um claro vencedor.<\/p>\n<p>O confronto come\u00e7ou com um aperto de m\u00e3o iniciado por Harris.<\/p>\n<p>\u201cKamala Harris,\u201d disse a candidata democrata \u00e0 presid\u00eancia enquanto se aproximava do p\u00f3dio de Trump para apertar sua m\u00e3o. \u201cVamos ter um bom debate.\u201d<\/p>\n<p>\u201c\u00c9 bom ver voc\u00ea, divirta-se\u201d, respondeu Trump.<\/p>\n<figure class=\"wp-block-embed is-type-video is-provider-youtube wp-block-embed-youtube wp-embed-aspect-16-9 wp-has-aspect-ratio\">\n<p>\n<iframe title=\"Kamala Harris, Donald Trump shake hands at start of presidential debate\" width=\"1170\" height=\"658\" src=\"https:\/\/www.youtube.com\/embed\/FRF8xxVaV6Y?feature=oembed\" frameborder=\"0\" allow=\"accelerometer; autoplay; clipboard-write; encrypted-media; gyroscope; picture-in-picture; web-share\" referrerpolicy=\"strict-origin-when-cross-origin\" allowfullscreen><\/iframe>\n<\/p>\n<\/figure>\n<p>O primeiro e potencialmente \u00fanico debate, que ocorreu \u00e0s 21h EST no National Constitution Center, na Filad\u00e9lfia, n\u00e3o teve p\u00fablico e os microfones dos candidatos ficaram mudos at\u00e9 chegar a vez deles de falar.<\/p>\n<p>Os moderadores da ABC, David Muir e <a href=\"https:\/\/www.boston.com\/news\/media\/2024\/09\/10\/abcs-linsey-davis-will-take-center-stage-at-trump-harris-debate\/\">Linsey Davis pressionou<\/a> os candidatos em uma s\u00e9rie de quest\u00f5es, incluindo economia, aborto, imigra\u00e7\u00e3o e pol\u00edtica externa e, em alguns casos <a href=\"https:\/\/abcnews.go.com\/Politics\/fact-checking-kamala-harris-donald-trumps-1st-presidential\/story?id=113567997&#038;cid=social_twitter_abcn\">verificaram suas respostas ao vivo<\/a>.<\/p>\n<p>Alguns analistas pol\u00edticos disseram que Harris prejudicou o desempenho de Trump no debate ao <a href=\"https:\/\/www.newyorker.com\/news\/the-lede\/donald-trump-had-a-really-really-bad-debate\">provocando-o propositalmente durante a noite<\/a>inclusive sobre sua suposta obsess\u00e3o por com\u00edcios e tamanhos de multid\u00e3o.<\/p>\n<p>\u201cVou convid\u00e1-lo para comparecer a um dos com\u00edcios de Donald Trump porque \u00e9 algo realmente interessante de assistir\u201d, disse Harris. \u201cA \u00fanica coisa sobre a qual voc\u00ea n\u00e3o o ouvir\u00e1 falar \u00e9 voc\u00ea.\u201d<\/p>\n<blockquote class=\"twitter-tweet\">\n<p lang=\"en\" dir=\"ltr\">VP Harris: \u201cAs pessoas come\u00e7am a sair cedo dos seus com\u00edcios por cansa\u00e7o e t\u00e9dio.\u201d<\/p>\n<p>Ex-presidente Trump: \u201cAs pessoas n\u00e3o v\u00e3o aos com\u00edcios dela\u2026 as pessoas n\u00e3o saem dos meus com\u00edcios. Temos os maiores com\u00edcios, os com\u00edcios mais incr\u00edveis da hist\u00f3ria da pol\u00edtica.\u201d <a href=\"https:\/\/t.co\/MbUWFmTA21\">foto.twitter.com\/MbUWFmTA21<\/a><\/p>\n<p>\u2014 CSPAN (@cspan) <a href=\"https:\/\/twitter.com\/cspan\/status\/1833681793255436767?ref_src=twsrc%5Etfw\">11 de setembro de 2024<\/a><\/p><\/blockquote>\n<p>Trump respondeu rapidamente.<\/p>\n<p>\u201cEla disse que as pessoas come\u00e7am a ir embora. As pessoas n\u00e3o v\u00e3o aos com\u00edcios dela\u201d, ele disse. \u201cEnt\u00e3o ela n\u00e3o pode falar sobre isso. As pessoas n\u00e3o v\u00e3o embora dos meus com\u00edcios.\u201d<\/p>\n<p>O debate Harris-Trump acontece depois que o presidente Joe Biden <a href=\"https:\/\/www.boston.com\/news\/politics\/2024\/07\/21\/president-joe-biden-drops-out-of-the-2024-race-after-disastrous-debate-inflamed-age-concerns\/\">desistiu da corrida<\/a> depois <a href=\"https:\/\/www.boston.com\/news\/politics\/2024\/06\/28\/bidens-debate-performance-spurs-democratic-panic-about-his-ability-to-lead-party-against-trump\/\">funcion\u00e1rios eleitos levantaram preocupa\u00e7\u00f5es<\/a> sobre seu desempenho no debate em junho. Depois daquele debate, <a href=\"https:\/\/www.boston.com\/community\/readers-say\/2024\/07\/08\/president-joe-biden-should-drop-his-reelection-bid\/\">85% dos leitores do Boston.com<\/a> que responderam concordaram que Biden deveria se afastar. <\/p>\n<div class=\"m-block t-amp__list-container m-article-list-container m-article-list-container--frame-border a-border-frame  a-list-header__headline--red m-article-list--alternative--default  m-article-list--full\">\n<ul class=\"t-amp__list a-list--no-style m-article-list m-article-list--recirculation m-article-list--has-images\">\n<li class=\"m-article-list__item\">\n\t\t\t\t<a class=\"m-article-list__link-wrapper\" href=\"https:\/\/www.boston.com\/community\/readers-say\/2024\/07\/08\/president-joe-biden-should-drop-his-reelection-bid\/\" data-p1=\"article_recirc_inline_feature\"><br \/>\n\t\t\t\t<img loading=\"lazy\" decoding=\"async\" width=\"768\" height=\"432\" src=\"https:\/\/bdc2020.o0bc.com\/wp-content\/uploads\/2024\/07\/https___assets.bwbx_.io_images_users_iqjWHBFdfxIU_idl83PHyPo7Y_v1_piFq5T3pJF0qzS8rF9LjsWaQ_-1x-1-668c28fc3fdfa-768x432.jpg\" class=\"t-amp__list-image m-article-list__image\" alt=\"\" aria-hidden=\"true\" srcset=\"https:\/\/bdc2020.o0bc.com\/wp-content\/uploads\/2024\/07\/https___assets.bwbx_.io_images_users_iqjWHBFdfxIU_idl83PHyPo7Y_v1_piFq5T3pJF0qzS8rF9LjsWaQ_-1x-1-668c28fc3fdfa-768x432.jpg?width=200 200w, https:\/\/bdc2020.o0bc.com\/wp-content\/uploads\/2024\/07\/https___assets.bwbx_.io_images_users_iqjWHBFdfxIU_idl83PHyPo7Y_v1_piFq5T3pJF0qzS8rF9LjsWaQ_-1x-1-668c28fc3fdfa-768x432.jpg?width=300 300w, https:\/\/bdc2020.o0bc.com\/wp-content\/uploads\/2024\/07\/https___assets.bwbx_.io_images_users_iqjWHBFdfxIU_idl83PHyPo7Y_v1_piFq5T3pJF0qzS8rF9LjsWaQ_-1x-1-668c28fc3fdfa-768x432.jpg?width=400 400w, https:\/\/bdc2020.o0bc.com\/wp-content\/uploads\/2024\/07\/https___assets.bwbx_.io_images_users_iqjWHBFdfxIU_idl83PHyPo7Y_v1_piFq5T3pJF0qzS8rF9LjsWaQ_-1x-1-668c28fc3fdfa-768x432.jpg?width=500 500w, https:\/\/bdc2020.o0bc.com\/wp-content\/uploads\/2024\/07\/https___assets.bwbx_.io_images_users_iqjWHBFdfxIU_idl83PHyPo7Y_v1_piFq5T3pJF0qzS8rF9LjsWaQ_-1x-1-668c28fc3fdfa-768x432.jpg?width=600 600w, https:\/\/bdc2020.o0bc.com\/wp-content\/uploads\/2024\/07\/https___assets.bwbx_.io_images_users_iqjWHBFdfxIU_idl83PHyPo7Y_v1_piFq5T3pJF0qzS8rF9LjsWaQ_-1x-1-668c28fc3fdfa-768x432.jpg?width=700 700w, https:\/\/bdc2020.o0bc.com\/wp-content\/uploads\/2024\/07\/https___assets.bwbx_.io_images_users_iqjWHBFdfxIU_idl83PHyPo7Y_v1_piFq5T3pJF0qzS8rF9LjsWaQ_-1x-1-668c28fc3fdfa-768x432.jpg?width=800 800w, https:\/\/bdc2020.o0bc.com\/wp-content\/uploads\/2024\/07\/https___assets.bwbx_.io_images_users_iqjWHBFdfxIU_idl83PHyPo7Y_v1_piFq5T3pJF0qzS8rF9LjsWaQ_-1x-1-668c28fc3fdfa-768x432.jpg?width=900 900w\" sizes=\"auto, (max-width: 768px) 100vw, 768px\"\/>\t\t\t\t\t<\/p>\n<div class=\"m-article-list__content\">\n<h4 class=\"m-article-list__headline t-amp__list-headline\">\n\t\t\t\t\t\t\t<span class=\"m-article-list__link a-link a-link--inline a-link--text-link a-link--text-link-dark\"><\/p>\n<p>\t\t\t\t\t\t\tLeitores dizem que o presidente Joe Biden deveria desistir de sua candidatura \u00e0 reelei\u00e7\u00e3o. Eis o porqu\u00ea.\t\t\t\t\t\t\t<\/span><br \/>\n\t\t\t\t\t\t<\/h4>\n<\/p><\/div>\n<p>\t\t\t\t<\/a>\n\t\t\t<\/li>\n<\/ul>\n<\/div>\n<p>Com Harris mais novo na corrida, um <a href=\"https:\/\/www.nytimes.com\/interactive\/2024\/09\/08\/us\/politics\/times-siena-poll-likely-electorate-crosstabs.html\">Pesquisa do New York Times\/Siena College<\/a> dos prov\u00e1veis \u200b\u200beleitores descobriram na semana passada que 28%, em compara\u00e7\u00e3o com os 9% de Trump, sentiam que ainda precisavam saber mais sobre ela.<\/p>\n<p>Ap\u00f3s o debate, <a href=\"https:\/\/www.boston.com\/news\/politics\/2024\/09\/11\/tell-us-who-do-you-think-won-the-presidential-debate\/\">perguntamos aos leitores do Boston.com<\/a> para compartilhar seus pensamentos, perguntando quem venceu o debate presidencial e se algum dos candidatos influenciou seu voto. <\/p>\n<p>Vinte e seis por cento dos entrevistados responderam \u201csim\u201d \u00e0 pergunta: \u201cAlgum dos candidatos influenciou seu voto?\u201d<\/p>\n<p>E a maioria dos leitores do Boston.com \u2014 70% \u2014 disse que Harris venceu, semelhante aos resultados do <a href=\"https:\/\/www.cnn.com\/2024\/09\/11\/politics\/election-poll-trump-harris-debate\/index.html\">Enquete Flash da CNN<\/a> que descobriu que Harris superou Trump em 63% a 37%.<\/p>\n<div class=\"gform_wrapper m-gforms-poll-block gravity-theme gform-theme--no-framework\">\n<div class=\"gpoll_container\">\n<div class=\"gpoll_field\">\n<div class=\"gpoll_field_label_container\">\n<p>Harris vs. Trump: Quem voc\u00ea acha que ganhou o debate presidencial?<\/p>\n<\/div>\n<p><!-- .gpoll_choice_wrapper --><!-- .gpoll_choice_wrapper --><\/div>\n<p><!-- .gpoll_field --><\/p>\n<div class=\"gpoll_field\">\n<div class=\"gpoll_field_label_container\">\n<p>Algum dos candidatos influenciou seu voto?<\/p>\n<\/div>\n<p><!-- .gpoll_choice_wrapper --><\/p>\n<div class=\"gpoll_choice_wrapper\">\n<p>N\u00e3o, j\u00e1 me decidi<\/p>\n<\/div>\n<p><!-- .gpoll_choice_wrapper --><\/div>\n<p><!-- .gpoll_field --><\/div>\n<\/div>\n<h2 class=\"wp-block-heading\" id=\"h-here-s-what-some-readers-had-to-say\">Aqui est\u00e1 o que alguns leitores disseram<\/h2>\n<p>Como a maioria dos leitores, David M. de Boston disse que Harris venceu o debate. <\/p>\n<p>\u201cTrump subestimou Kamala e isso ficou evidente\u201d, ele escreveu. \u201cEla se preparou brilhantemente e fez uma \u00f3tima apresenta\u00e7\u00e3o.\u201d<\/p>\n<p>Darryl de Charlestown, um apoiador de Harris, disse: \u201cHarris parecia presidencial e Trump parecia um velho raivoso\u201d.<\/p>\n<p>Outro que disse que Harris venceu chamou Trump de \u201cincoerente\u201d.<\/p>\n<p>\u201cA idade de Trump \u00e9 um problema agora\u201d, escreveu Magnus M. de Milton. \u201cSe ele n\u00e3o consegue ficar calmo, sua compostura com legisladores e l\u00edderes estrangeiros deve ser questionada.\u201d<\/p>\n<p>Ryan, da Union, que disse que Trump venceu, disse que Harris parecia \u201cn\u00e3o aut\u00eantica e perform\u00e1tica\u201d.<\/p>\n<p>\u201cTrump parecia se concentrar em apenas dois pontos, mas estava autenticamente louco\u201d, disse ele.<\/p>\n<p>Alguns acharam que o debate foi conduzido de forma injusta, escrevendo que os moderadores e as verifica\u00e7\u00f5es de fatos foram tendenciosos.<\/p>\n<p>\u201cA melhor pergunta \u00e9 o que as pessoas acham do desempenho dos moderadores\u201d, escreveu Nick de Easton.<\/p>\n<p>\u201cAcho que a ABC foi injusta com ambos os candidatos\u201d, disse outro leitor.<\/p>\n<p>Outros tiveram rea\u00e7\u00f5es mais variadas.<\/p>\n<p>\u201cAcho que a vota\u00e7\u00e3o foi um empate pr\u00f3ximo entre eles\u201d, escreveu Paul G. de Westminster e South Orleans. \u201cEla se saiu muito melhor do que eu pensava que ela se sairia e ele n\u00e3o se saiu t\u00e3o bem quanto costumava.\u201d<\/p>\n<p>Um leitor disse que inicialmente pensou que o desempenho do debate seria semelhante ao confronto entre Biden e Trump em junho.<\/p>\n<p>\u201cIndo para l\u00e1, parecia que talvez Trump parecesse velho e confuso, como Biden no primeiro debate, e Harris triunfaria na compara\u00e7\u00e3o\u201d, disse Michael de Concord, que achava que Trump tinha vencido. \u201cMas eu n\u00e3o vi isso.\u201d<\/p>\n<p>Um eleitor an\u00f4nimo indeciso disse que Trump venceu o debate.<\/p>\n<p>\u201cEu queria mais subst\u00e2ncia de Harris, mas sa\u00ed com mais perguntas do que respostas\u201d, eles escreveram. \u201cContinuo indeciso.\u201d<\/p>\n<div class=\"m-block m-generic-cta\t m-generic-cta--post-content\t m-generic-cta--dark\t m-generic-cta--homepage\t m-generic-cta--email-signup\t\t m-generic-cta-block-style--default \tt-amp__generic-cta\"><\/p>\n<div class=\"m-generic-cta__wrap\">\n<div class=\"m-generic-cta__content\">\n<h3 class=\"m-generic-cta__title\">Boston.com Hoje<\/h3>\n<p class=\"m-generic-cta__subtitle\">Inscreva-se para receber as \u00faltimas manchetes na sua caixa de entrada todas as manh\u00e3s.<\/p>\n<\/p><\/div>\n<\/p><\/div>\n<\/div><\/div>\n<p><script async src=\"\/\/platform.twitter.com\/widgets.js\" charset=\"utf-8\"><\/script><script>\n\t\tvar consent=\"grant\";\n\t\t\/* The above code is parsing the JSON data from the local storage and storing it in a variable. *\/\n\t\t\t\t\tconst onetrustStorageConsent = JSON.parse(localStorage.getItem( 'consent_one_trust_bdc' ) );\n\t\t\tif ( ( onetrustStorageConsent !== null ) ) {\n\t\t\t\t\/* Checking to see if the user has consented to the use of cookies.\n\t\t\t\t* If they have not, it is deleting the cookie.\n\t\t\t\t* This will comment for now, until further notice.\n\t\t\t\t*\/\n\t\t\t\t\/\/if ( onetrustStorageConsent.C0002 === false ) {\n\t\t\t\t\/\/\tdocument.cookie=\"_fbp=;expires=Thu, 01 Jan 2010 00:00:00 UTC; path=\/; domain=.boston.com\";\n\t\t\t\t\/\/}\n\t\t\t\t\/* Checking if the user has given consent for the cookie C0002.\n\t\t\t\t* If the user has given consent, the variable consent will be set to 'grant'.\n\t\t\t\t* If the user has not given consent,the variable consent will be set to 'revoke'.\n\t\t\t\t* Documentation https:\/\/developers.facebook.com\/docs\/meta-pixel\/implementation\/gdpr\n\t\t\t\t*\/\n\t\t\t\tif ( onetrustStorageConsent.C0002 !== true ) {\n\t\t\t\t\tconsent=\"revoke\";\n\t\t\t\t}\n\t\t\t}\n\t\t\t\t!function(f,b,e,v,n,t,s)\n\t\t{if(f.fbq)return;n=f.fbq=function(){n.callMethod?\n\t\tn.callMethod.apply(n,arguments):n.queue.push(arguments)};\n\t\tif(!f._fbq)f._fbq=n;n.push=n;n.loaded=!0;n.version='2.0';\n\t\tn.queue=[];t=b.createElement(e);t.async=!0;\n\t\tt.src=v;s=b.getElementsByTagName(e)[0];\n\t\ts.parentNode.insertBefore(t,s)}(window, document,'script',\n\t\t'https:\/\/connect.facebook.net\/en_US\/fbevents.js');\n\t\tfbq('consent', consent);\n\t\tfbq('init', '989222871864976');\n\t\tfbq('track', 'PageView');\n\t<\/script><script type=\"module\">\n\t\tvar consent=\"grant\";\n\t\t\/* The above code is parsing the JSON data from the local storage and storing it in a variable. *\/\n\t\t\tconst onetrustStorageConsent = JSON.parse(localStorage.getItem( 'consent_one_trust_bdc' ) );\n\t\t\t\/* Checking to see if the user has consented to the use of cookies.\n\t\t\t* If they have not, it is deleting the cookie.\n\t\t\t* This will comment for now, until further notice.\n\t\t\t*\/\n\t\t\t\/\/if ( onetrustStorageConsent.C0002 === false ) {\n\t\t\t\/\/\tdocument.cookie=\"_fbp=;expires=Thu, 01 Jan 2010 00:00:00 UTC; path=\/; domain=.boston.com\";\n\t\t\t\/\/}\n\t\t\t\/* Checking if the user has given consent for the cookie C0002.\n\t\t\t* If the user has given consent, the variable consent will be set to 'grant'.\n\t\t\t* If the user has not given consent,the variable consent will be set to 'revoke'.\n\t\t\t* Documentation https:\/\/developers.facebook.com\/docs\/meta-pixel\/implementation\/gdpr\n\t\t\t*\/\n\t\t\tif ( ( onetrustStorageConsent !== null ) && (onetrustStorageConsent.C0002 !== true ) ) {\n\t\t\t\tconsent=\"revoke\";\n\t\t\t}\n\t\t\t\t!function(f,b,e,v,n,t,s){if(f.fbq)return;n=f.fbq=function()\n\t\t{n.callMethod? n.callMethod.apply(n,arguments):n.queue.push(arguments)}\n\t\t;if(!f._fbq)f._fbq=n;\n\t\tn.push=n;n.loaded=!0;n.version='2.0';n.queue=[];t=b.createElement(e);t.async=!0;\n\t\tt.src=v;s=b.getElementsByTagName(e)[0];s.parentNode.insertBefore(t,s)}(window,\n\t\tdocument,'script','https:\/\/connect.facebook.net\/en_US\/fbevents.js');\n\t\tfbq('consent', consent);\n\t\tfbq('init', '813236348753005');\n\t\tfbq('track', \"PageView\");\n\t<\/script><br \/>\n<br \/><br \/>\n<br \/><a href=\"https:\/\/www.boston.com\/news\/politics\/2024\/09\/11\/a-majority-of-readers-say-this-candidate-won-the-debate\/\">Source link <\/a><\/p>","protected":false},"excerpt":{"rendered":"<p>Pol\u00edtica E apenas 26% responderam &#8220;sim&#8221; \u00e0 pergunta &#8220;Algum dos candidatos influenciou seu voto?&#8221; O candidato presidencial republicano, ex-presidente Donald Trump, e a candidata presidencial democrata, vice-presidente Kamala Harris, participam&hellip;<\/p>","protected":false},"author":1,"featured_media":35546,"comment_status":"closed","ping_status":"open","sticky":false,"template":"","format":"standard","meta":{"content-type":"","footnotes":""},"categories":[1],"tags":[],"class_list":["post-35545","post","type-post","status-publish","format-standard","has-post-thumbnail","hentry","category-uncategorized"],"_links":{"self":[{"href":"https:\/\/tvbrazilusa.com\/pt\/wp-json\/wp\/v2\/posts\/35545","targetHints":{"allow":["GET"]}}],"collection":[{"href":"https:\/\/tvbrazilusa.com\/pt\/wp-json\/wp\/v2\/posts"}],"about":[{"href":"https:\/\/tvbrazilusa.com\/pt\/wp-json\/wp\/v2\/types\/post"}],"author":[{"embeddable":true,"href":"https:\/\/tvbrazilusa.com\/pt\/wp-json\/wp\/v2\/users\/1"}],"replies":[{"embeddable":true,"href":"https:\/\/tvbrazilusa.com\/pt\/wp-json\/wp\/v2\/comments?post=35545"}],"version-history":[{"count":1,"href":"https:\/\/tvbrazilusa.com\/pt\/wp-json\/wp\/v2\/posts\/35545\/revisions"}],"predecessor-version":[{"id":35547,"href":"https:\/\/tvbrazilusa.com\/pt\/wp-json\/wp\/v2\/posts\/35545\/revisions\/35547"}],"wp:featuredmedia":[{"embeddable":true,"href":"https:\/\/tvbrazilusa.com\/pt\/wp-json\/wp\/v2\/media\/35546"}],"wp:attachment":[{"href":"https:\/\/tvbrazilusa.com\/pt\/wp-json\/wp\/v2\/media?parent=35545"}],"wp:term":[{"taxonomy":"category","embeddable":true,"href":"https:\/\/tvbrazilusa.com\/pt\/wp-json\/wp\/v2\/categories?post=35545"},{"taxonomy":"post_tag","embeddable":true,"href":"https:\/\/tvbrazilusa.com\/pt\/wp-json\/wp\/v2\/tags?post=35545"}],"curies":[{"name":"wp","href":"https:\/\/api.w.org\/{rel}","templated":true}]}}