{"id":35550,"date":"2024-09-11T16:47:53","date_gmt":"2024-09-11T16:47:53","guid":{"rendered":"https:\/\/tvbrazilusa.com\/2024\/09\/11\/relator-se-posiciona-a-favor-da-anistia-para-envolvidos-nos-eventos-de-8-de-janeiro\/"},"modified":"2024-09-11T16:47:53","modified_gmt":"2024-09-11T16:47:53","slug":"relator-se-posiciona-a-favor-da-anistia-para-envolvidos-nos-eventos-de-8-de-janeiro","status":"publish","type":"post","link":"https:\/\/tvbrazilusa.com\/pt\/2024\/09\/11\/relator-se-posiciona-a-favor-da-anistia-para-envolvidos-nos-eventos-de-8-de-janeiro\/","title":{"rendered":"Relator se posiciona a favor da anistia para envolvidos nos eventos de 8 de janeiro."},"content":{"rendered":"<p> <script async src=\"https:\/\/pagead2.googlesyndication.com\/pagead\/js\/adsbygoogle.js?client=ca-pub-8864793242727901\"\r\n     crossorigin=\"anonymous\"><\/script><br \/>\n<\/p>\n<div id=\"taboola-read-more\" style=\"display:block; width:100%\">\n<p>O deputado Rodrigo Valadares (Uni\u00e3o-SE) apresentou nesta ter\u00e7a-feira (10) \u00e0 Comiss\u00e3o de Constitui\u00e7\u00e3o e Justi\u00e7a e de Cidadania (CCJ) da C\u00e2mara dos Deputados parecer favor\u00e1vel a projeto de lei que concede anistia aos envolvidos nos atos antidemocr\u00e1ticos de 8 de janeiro de 2023. A an\u00e1lise do texto, no entanto, ficou prejudicada pelo in\u00edcio da <span id=\"4065\" class=\"termoGlossario\" title=\"\" contenteditable=\"false\" data-toggle=\"tooltip\" data-placement=\"top\" data-original-title=\"Fase da sess\u00e3o plen\u00e1ria destinada \u00e0 discuss\u00e3o e vota\u00e7\u00e3o de projetos.\">Ordem do Dia<\/span> do Plen\u00e1rio.<\/p>\n<p>O <span id=\"4098\" class=\"termoGlossario\" title=\"\" contenteditable=\"false\" data-toggle=\"tooltip\" data-placement=\"top\" data-original-title=\"Nome que se d\u00e1 ao texto que altera substancialmente o conte\u00fado original da proposta. O substitutivo \u00e9 apresentado pelo relator e tem prefer\u00eancia na vota\u00e7\u00e3o sobre o projeto original.\">substitutivo<\/span> proposto por Valadares ao Projeto de Lei 2858\/22, do ex-deputado Major Victor Hugo (GO), e outros seis <span id=\"4069\" class=\"termoGlossario\" title=\"\" contenteditable=\"false\" data-toggle=\"tooltip\" data-placement=\"top\" data-original-title=\"Projeto que tramita em conjunto com outro que trate de mat\u00e9ria semelhante. O relator deve analisar todas as proposi\u00e7\u00f5es apensadas, que dever\u00e3o constar do seu parecer.\">apensados<\/span>, prev\u00ea que ser\u00e3o anistiados todos aqueles que participaram de atos com motiva\u00e7\u00e3o pol\u00edtica ou eleitoral, ou que os apoiaram com doa\u00e7\u00f5es, apoio log\u00edstico, presta\u00e7\u00e3o de servi\u00e7os ou publica\u00e7\u00f5es em m\u00eddias sociais entre 8 de janeiro de 2023 e a data de vig\u00eancia da futura lei.<\/p>\n<p>A medida beneficia, por exemplo, o ex-presidente, Jair Bolsonaro, que \u00e9 investigado pelo Supremo Tribunal Federal (STF) por incitar os atos em v\u00eddeo publicado nas redes sociais.<\/p>\n<p>O texto tamb\u00e9m perdoa os crimes praticados pelos extremistas inconformados com o resultado das elei\u00e7\u00f5es de 2022 que depredaram os pal\u00e1cios do Congresso Nacional, do Supremo Tribunal Federal e do Planalto em uma tentativa de perturbar a ordem p\u00fablica.<\/p>\n<p>\u201cA depreda\u00e7\u00e3o de patrim\u00f4nios p\u00fablicos, al\u00e9m da destrui\u00e7\u00e3o de diversos patrim\u00f4nios hist\u00f3ricos e culturais como obras de arte, est\u00e1tuas e monumentos entristecem a todos n\u00f3s\u201d, afirma Valadares no parecer.<\/p>\n<p>\u201cNo entanto, as pris\u00f5es desrespeitaram princ\u00edpios jur\u00eddicos basilares como a presun\u00e7\u00e3o de inoc\u00eancia, a individualiza\u00e7\u00e3o das condutas e o direito ao contradit\u00f3rio\u201d, acrescenta o relator.<\/p>\n<p><strong>O que ser\u00e1 anistiado<\/strong><br \/>A anistia garante aos envolvidos:<br \/>\u2022 perd\u00e3o por crimes previstos no C\u00f3digo Penal relacionados \u00e0s manifesta\u00e7\u00f5es;<br \/>\u2022 o cancelamento de multas aplicadas pela Justi\u00e7a;<br \/>\u2022 a manuten\u00e7\u00e3o dos direitos pol\u00edticos;<br \/>\u2022 a revoga\u00e7\u00e3o de medidas, transitadas em julgado ou n\u00e3o, que limitem a liberdade de express\u00e3o dos envolvidos em meios de comunica\u00e7\u00e3o social e em redes sociais.<\/p>\n<p>As medidas se aplicam a todos que participaram de eventos antes ou depois do 8 de janeiro, desde que mantenham correla\u00e7\u00e3o com os fatos.<\/p>\n<p>Por fim, o substitutivo define como abuso de autoridade a instaura\u00e7\u00e3o de procedimento investigat\u00f3rio relacionado aos atos amparados pela anistia.<\/p>\n<p>Fonte: Ag\u00eancia C\u00e2mara de Not\u00edcias<\/p>\n<\/p><\/div>\n<p><br \/>\n<br \/><a href=\"https:\/\/diariodobrasilnoticias.com.br\/noticia\/relator-se-posiciona-a-favor-da-anistia-para-envolvidos-nos-eventos-de-8-de-janeiro-66e1ad20eb052\">Source link <\/a><\/p>","protected":false},"excerpt":{"rendered":"<p>O deputado Rodrigo Valadares (Uni\u00e3o-SE) apresentou nesta ter\u00e7a-feira (10) \u00e0 Comiss\u00e3o de Constitui\u00e7\u00e3o e Justi\u00e7a e de Cidadania (CCJ) da C\u00e2mara dos Deputados parecer favor\u00e1vel a projeto de lei que&hellip;<\/p>","protected":false},"author":1,"featured_media":35551,"comment_status":"closed","ping_status":"open","sticky":false,"template":"","format":"standard","meta":{"content-type":"","footnotes":""},"categories":[16],"tags":[123,2448,5313,1267],"class_list":["post-35550","post","type-post","status-publish","format-standard","has-post-thumbnail","hentry","category-noticias","tag-brasil","tag-diario","tag-noticia","tag-noticias"],"_links":{"self":[{"href":"https:\/\/tvbrazilusa.com\/pt\/wp-json\/wp\/v2\/posts\/35550","targetHints":{"allow":["GET"]}}],"collection":[{"href":"https:\/\/tvbrazilusa.com\/pt\/wp-json\/wp\/v2\/posts"}],"about":[{"href":"https:\/\/tvbrazilusa.com\/pt\/wp-json\/wp\/v2\/types\/post"}],"author":[{"embeddable":true,"href":"https:\/\/tvbrazilusa.com\/pt\/wp-json\/wp\/v2\/users\/1"}],"replies":[{"embeddable":true,"href":"https:\/\/tvbrazilusa.com\/pt\/wp-json\/wp\/v2\/comments?post=35550"}],"version-history":[{"count":1,"href":"https:\/\/tvbrazilusa.com\/pt\/wp-json\/wp\/v2\/posts\/35550\/revisions"}],"predecessor-version":[{"id":35552,"href":"https:\/\/tvbrazilusa.com\/pt\/wp-json\/wp\/v2\/posts\/35550\/revisions\/35552"}],"wp:featuredmedia":[{"embeddable":true,"href":"https:\/\/tvbrazilusa.com\/pt\/wp-json\/wp\/v2\/media\/35551"}],"wp:attachment":[{"href":"https:\/\/tvbrazilusa.com\/pt\/wp-json\/wp\/v2\/media?parent=35550"}],"wp:term":[{"taxonomy":"category","embeddable":true,"href":"https:\/\/tvbrazilusa.com\/pt\/wp-json\/wp\/v2\/categories?post=35550"},{"taxonomy":"post_tag","embeddable":true,"href":"https:\/\/tvbrazilusa.com\/pt\/wp-json\/wp\/v2\/tags?post=35550"}],"curies":[{"name":"wp","href":"https:\/\/api.w.org\/{rel}","templated":true}]}}