{"id":35556,"date":"2024-09-11T16:52:20","date_gmt":"2024-09-11T16:52:20","guid":{"rendered":"https:\/\/tvbrazilusa.com\/2024\/09\/11\/candidata-do-partido-verde-jill-stein-de-lexington-lidera-entre-os-eleitores-muculmanos-em-estados-chave-segundo-pesquisa\/"},"modified":"2024-09-11T16:53:18","modified_gmt":"2024-09-11T16:53:18","slug":"candidata-do-partido-verde-jill-stein-de-lexington-lidera-entre-os-eleitores-muculmanos-em-estados-chave-segundo-pesquisa","status":"publish","type":"post","link":"https:\/\/tvbrazilusa.com\/pt\/2024\/09\/11\/candidata-do-partido-verde-jill-stein-de-lexington-lidera-entre-os-eleitores-muculmanos-em-estados-chave-segundo-pesquisa\/","title":{"rendered":"Candidata do Partido Verde, Jill Stein, de Lexington, lidera entre os eleitores mu\u00e7ulmanos em estados-chave, segundo pesquisa"},"content":{"rendered":"<p> <script async src=\"https:\/\/pagead2.googlesyndication.com\/pagead\/js\/adsbygoogle.js?client=ca-pub-8864793242727901\"\r\n     crossorigin=\"anonymous\"><\/script><br \/>\n<\/p>\n<div id=\"\">\n<header class=\"m-article-header m-article-header--standard\">\n\t\t\t\t\t\t\t\t\t\t\t\t<span id=\"article-header-primary-term\"><br \/>\n\t\t\t\t\t\t\t\t<a class=\"a-term a-term--primary\" href=\"https:\/\/www.boston.com\/tag\/politics\/\"><\/p>\n<p>\t\t\t\t\t\t\t\tPol\u00edtica\t\t\t\t\t\t\t\t<\/a><br \/>\n\t\t\t\t\t\t\t<\/span><\/p>\n<h2 class=\"m-article-header__sub-headline\">Stein atacou repetidamente o governo Biden-Harris por n\u00e3o conseguir evitar a perda de vidas palestinas em Gaza.<\/h2>\n<figure class=\"a-photo m-article-header__photo\"><figcaption class=\"a-photo__caption\">\n<p>\tA candidata presidencial do Partido Verde, Jill Stein, discursa durante um com\u00edcio em Chicago em agosto de 2024. <em> Alex Brandon\/AP<\/em>\t<\/figcaption><\/figure>\n<\/header>\n<p>Jill Stein, candidata presidencial do Partido Verde e moradora de Lexington, est\u00e1 ganhando for\u00e7a entre os eleitores mu\u00e7ulmanos em estados-chave, de acordo com um novo relat\u00f3rio. <a href=\"https:\/\/www.cair.com\/press_releases\/cair-swing-state-data-shows-muslim-voters-hold-diverse-preferences-still-up-for-grabs-in-2024\/\">relat\u00f3rio<\/a>. <\/p>\n<p>Stein lidera a vice-presidente Kamala Harris e o ex-presidente Donald Trump entre os eleitores mu\u00e7ulmanos no Arizona, Michigan e Wisconsin, de acordo com pesquisa do Council on American-Islamic Relations. Ela tem o apoio de 35% dos eleitores mu\u00e7ulmanos no Arizona, 40% em Michigan e 44% em Wisconsin. <\/p>\n<p>Harris est\u00e1 liderando entre os eleitores mu\u00e7ulmanos na Ge\u00f3rgia e Pensilv\u00e2nia, com 43% e 37%, respectivamente. Trump lidera em apoio aos eleitores mu\u00e7ulmanos em Nevada, com 27%, de acordo com o relat\u00f3rio. <\/p>\n<p>No geral, a maioria dos eleitores mu\u00e7ulmanos parece dividida igualmente entre Harris e Stein. A pesquisa descobriu que 29,4% dos eleitores mu\u00e7ulmanos apoiam Harris, enquanto 29,1% apoiam Stein. Trump obteve 11,2%, e 16,5% disseram que estavam indecisos. <\/p>\n<p>Por g\u00eanero, Harris lidera entre os eleitores mu\u00e7ulmanos do sexo masculino com 29%. Stein lidera entre as eleitoras mu\u00e7ulmanas do sexo feminino com 34%. <\/p>\n<p>\u201cCandidatos concorrendo a cargos p\u00fablicos n\u00e3o podem se dar ao luxo de ignorar as quest\u00f5es que mais importam para os mu\u00e7ulmanos americanos. Ignorar essa comunidade ou tomar seus votos como garantidos pode ser um erro caro, particularmente em estados indecisos como Michigan, Pensilv\u00e2nia, Ge\u00f3rgia, Arizona, Nevada e Wisconsin, onde as elei\u00e7\u00f5es s\u00e3o frequentemente vencidas por margens estreitas. \u00c9 hora de candidatos em todos os n\u00edveis de governo investirem mais tempo e recursos para entender as preocupa\u00e7\u00f5es dos eleitores mu\u00e7ulmanos\u201d, disse o diretor de rela\u00e7\u00f5es governamentais do CAIR, Robert McCaw, em uma declara\u00e7\u00e3o. <\/p>\n<p>Enquanto o ex\u00e9rcito israelita continua a devastar Gaza com <a href=\"https:\/\/www.nytimes.com\/2024\/09\/10\/world\/middleeast\/israel-strike-mawasi-bombs.html\">muni\u00e7\u00f5es poderosas<\/a> lan\u00e7ado em zonas humanit\u00e1rias, Stein tem sido um defensor ferrenho dos direitos palestinos e um cr\u00edtico severo da cont\u00ednua venda de armas dos Estados Unidos para Israel. <\/p>\n<p>Durante o <a href=\"https:\/\/www.boston.com\/news\/politics\/2024\/09\/11\/10-takeaways-harris-trump-presidential-debate-2024-election\/\">debate <\/a>Ter\u00e7a-feira entre Harris e Trump, Stein foi \u00e0s redes sociais para criticar ambos os candidatos em uma variedade de quest\u00f5es. Sobre o t\u00f3pico de Gaza, Stein culpou a administra\u00e7\u00e3o Biden-Harris por permitir que Israel cometesse crimes de guerra.<\/p>\n<figure class=\"wp-block-embed is-type-rich is-provider-twitter wp-block-embed-twitter\">\n<div class=\"wp-block-embed__wrapper\">\n<blockquote class=\"twitter-tweet\" data-width=\"500\" data-dnt=\"true\">\n<p lang=\"en\" dir=\"ltr\">O respeito pelo estado de direito inclui o direito internacional. Em vez disso, Biden e Harris t\u00eam financiado os crimes de guerra genocidas de Israel por quase um ano e interferido nas negocia\u00e7\u00f5es de paz entre a Ucr\u00e2nia e a R\u00fassia. <a href=\"https:\/\/twitter.com\/hashtag\/Debate2024?src=hash&#038;ref_src=twsrc%5Etfw\">#Debate2024<\/a><\/p>\n<p>\u2014 Dra. Jill Stein\ud83c\udf3b (@DrJillStein) <a href=\"https:\/\/twitter.com\/DrJillStein\/status\/1833684781579567195?ref_src=twsrc%5Etfw\">11 de setembro de 2024<\/a><\/p><\/blockquote>\n<\/div>\n<\/figure>\n<p>Quando questionado sobre a guerra em Gaza durante o debate, <a href=\"https:\/\/www.youtube.com\/watch?v=lvqWrry4wzg\">Harris disse<\/a> que, embora Israel tenha o direito de se defender, o n\u00famero de vidas inocentes perdidas em Gaza \u00e9 inaceit\u00e1vel. Ela pediu que a guerra acabasse imediatamente com um acordo de cessar-fogo que libertasse os ref\u00e9ns israelenses restantes e pressionou por uma solu\u00e7\u00e3o de dois estados, onde israelenses e palestinos tenham acesso igual \u00e0 seguran\u00e7a e \u00e0 estabilidade. <\/p>\n<p>Stein disse que Harris estava sendo hip\u00f3crita.<\/p>\n<figure class=\"wp-block-embed is-type-rich is-provider-twitter wp-block-embed-twitter\">\n<div class=\"wp-block-embed__wrapper\">\n<blockquote class=\"twitter-tweet\" data-width=\"500\" data-dnt=\"true\">\n<p lang=\"en\" dir=\"ltr\">Kamala Harris fingindo que quer um cessar-fogo enquanto, na realidade, seu governo envia armas para Israel o tempo todo para alimentar o genoc\u00eddio em Gaza \u00e9 um gaslighting repugnante. <a href=\"https:\/\/twitter.com\/hashtag\/Debate2024?src=hash&#038;ref_src=twsrc%5Etfw\">#Debate2024<\/a><\/p>\n<p>\u2014 Dra. Jill Stein\ud83c\udf3b (@DrJillStein) <a href=\"https:\/\/twitter.com\/DrJillStein\/status\/1833688338152259663?ref_src=twsrc%5Etfw\">11 de setembro de 2024<\/a><\/p><\/blockquote>\n<\/div>\n<\/figure>\n<p>Pedra <a href=\"https:\/\/time.com\/7017339\/not-serious-jill-stein-aoc-green-party-election-democrats-war\/\">entraram em confronto p\u00fablico<\/a> com outro democrata de alto perfil recentemente. Enquanto filmava um v\u00eddeo no Instagram, a deputada Alexandria Ocasio-Cortez criticou Stein por montar campanhas presidenciais quixotescas ao longo dos anos sem trabalhar para aumentar a proemin\u00eancia do Partido Verde por meio de ganhos eleitorais nas c\u00e9dulas. Ocasio-Cortez chamou as a\u00e7\u00f5es de Stein de &#8220;predat\u00f3rias&#8221;. Stein respondeu dizendo que os democratas est\u00e3o &#8220;assustados&#8221; porque os eleitores n\u00e3o querem apoiar um genoc\u00eddio. <\/p>\n<div class=\"m-block m-generic-cta\t m-generic-cta--post-content\t m-generic-cta--dark\t m-generic-cta--homepage\t m-generic-cta--email-signup\t\t m-generic-cta-block-style--default \tt-amp__generic-cta\"><\/p>\n<div class=\"m-generic-cta__wrap\">\n<div class=\"m-generic-cta__content\">\n<h3 class=\"m-generic-cta__title\">Boston.com Hoje<\/h3>\n<p class=\"m-generic-cta__subtitle\">Inscreva-se para receber as \u00faltimas manchetes na sua caixa de entrada todas as manh\u00e3s.<\/p>\n<\/p><\/div>\n<\/p><\/div>\n<\/div><\/div>\n<p><script async src=\"\/\/platform.twitter.com\/widgets.js\" charset=\"utf-8\"><\/script><script>\n\t\tvar consent=\"grant\";\n\t\t\/* The above code is parsing the JSON data from the local storage and storing it in a variable. *\/\n\t\t\t\t\tconst onetrustStorageConsent = JSON.parse(localStorage.getItem( 'consent_one_trust_bdc' ) );\n\t\t\tif ( ( onetrustStorageConsent !== null ) ) {\n\t\t\t\t\/* Checking to see if the user has consented to the use of cookies.\n\t\t\t\t* If they have not, it is deleting the cookie.\n\t\t\t\t* This will comment for now, until further notice.\n\t\t\t\t*\/\n\t\t\t\t\/\/if ( onetrustStorageConsent.C0002 === false ) {\n\t\t\t\t\/\/\tdocument.cookie=\"_fbp=;expires=Thu, 01 Jan 2010 00:00:00 UTC; path=\/; domain=.boston.com\";\n\t\t\t\t\/\/}\n\t\t\t\t\/* Checking if the user has given consent for the cookie C0002.\n\t\t\t\t* If the user has given consent, the variable consent will be set to 'grant'.\n\t\t\t\t* If the user has not given consent,the variable consent will be set to 'revoke'.\n\t\t\t\t* Documentation https:\/\/developers.facebook.com\/docs\/meta-pixel\/implementation\/gdpr\n\t\t\t\t*\/\n\t\t\t\tif ( onetrustStorageConsent.C0002 !== true ) {\n\t\t\t\t\tconsent=\"revoke\";\n\t\t\t\t}\n\t\t\t}\n\t\t\t\t!function(f,b,e,v,n,t,s)\n\t\t{if(f.fbq)return;n=f.fbq=function(){n.callMethod?\n\t\tn.callMethod.apply(n,arguments):n.queue.push(arguments)};\n\t\tif(!f._fbq)f._fbq=n;n.push=n;n.loaded=!0;n.version='2.0';\n\t\tn.queue=[];t=b.createElement(e);t.async=!0;\n\t\tt.src=v;s=b.getElementsByTagName(e)[0];\n\t\ts.parentNode.insertBefore(t,s)}(window, document,'script',\n\t\t'https:\/\/connect.facebook.net\/en_US\/fbevents.js');\n\t\tfbq('consent', consent);\n\t\tfbq('init', '989222871864976');\n\t\tfbq('track', 'PageView');\n\t<\/script><script type=\"module\">\n\t\tvar consent=\"grant\";\n\t\t\/* The above code is parsing the JSON data from the local storage and storing it in a variable. *\/\n\t\t\tconst onetrustStorageConsent = JSON.parse(localStorage.getItem( 'consent_one_trust_bdc' ) );\n\t\t\t\/* Checking to see if the user has consented to the use of cookies.\n\t\t\t* If they have not, it is deleting the cookie.\n\t\t\t* This will comment for now, until further notice.\n\t\t\t*\/\n\t\t\t\/\/if ( onetrustStorageConsent.C0002 === false ) {\n\t\t\t\/\/\tdocument.cookie=\"_fbp=;expires=Thu, 01 Jan 2010 00:00:00 UTC; path=\/; domain=.boston.com\";\n\t\t\t\/\/}\n\t\t\t\/* Checking if the user has given consent for the cookie C0002.\n\t\t\t* If the user has given consent, the variable consent will be set to 'grant'.\n\t\t\t* If the user has not given consent,the variable consent will be set to 'revoke'.\n\t\t\t* Documentation https:\/\/developers.facebook.com\/docs\/meta-pixel\/implementation\/gdpr\n\t\t\t*\/\n\t\t\tif ( ( onetrustStorageConsent !== null ) && (onetrustStorageConsent.C0002 !== true ) ) {\n\t\t\t\tconsent=\"revoke\";\n\t\t\t}\n\t\t\t\t!function(f,b,e,v,n,t,s){if(f.fbq)return;n=f.fbq=function()\n\t\t{n.callMethod? n.callMethod.apply(n,arguments):n.queue.push(arguments)}\n\t\t;if(!f._fbq)f._fbq=n;\n\t\tn.push=n;n.loaded=!0;n.version='2.0';n.queue=[];t=b.createElement(e);t.async=!0;\n\t\tt.src=v;s=b.getElementsByTagName(e)[0];s.parentNode.insertBefore(t,s)}(window,\n\t\tdocument,'script','https:\/\/connect.facebook.net\/en_US\/fbevents.js');\n\t\tfbq('consent', consent);\n\t\tfbq('init', '813236348753005');\n\t\tfbq('track', \"PageView\");\n\t<\/script><br \/>\n<br \/><br \/>\n<br \/><a href=\"https:\/\/www.boston.com\/news\/politics\/2024\/09\/11\/green-party-candidate-jill-stein-of-lexington-leads-among-muslim-voters-in-key-swing-states-survey-finds\/\">Source link <\/a><\/p>","protected":false},"excerpt":{"rendered":"<p>Pol\u00edtica Stein atacou repetidamente o governo Biden-Harris por n\u00e3o conseguir evitar a perda de vidas palestinas em Gaza. A candidata presidencial do Partido Verde, Jill Stein, discursa durante um com\u00edcio&hellip;<\/p>","protected":false},"author":1,"featured_media":35557,"comment_status":"closed","ping_status":"open","sticky":false,"template":"","format":"standard","meta":{"content-type":"","footnotes":""},"categories":[1],"tags":[],"class_list":["post-35556","post","type-post","status-publish","format-standard","has-post-thumbnail","hentry","category-uncategorized"],"_links":{"self":[{"href":"https:\/\/tvbrazilusa.com\/pt\/wp-json\/wp\/v2\/posts\/35556","targetHints":{"allow":["GET"]}}],"collection":[{"href":"https:\/\/tvbrazilusa.com\/pt\/wp-json\/wp\/v2\/posts"}],"about":[{"href":"https:\/\/tvbrazilusa.com\/pt\/wp-json\/wp\/v2\/types\/post"}],"author":[{"embeddable":true,"href":"https:\/\/tvbrazilusa.com\/pt\/wp-json\/wp\/v2\/users\/1"}],"replies":[{"embeddable":true,"href":"https:\/\/tvbrazilusa.com\/pt\/wp-json\/wp\/v2\/comments?post=35556"}],"version-history":[{"count":1,"href":"https:\/\/tvbrazilusa.com\/pt\/wp-json\/wp\/v2\/posts\/35556\/revisions"}],"predecessor-version":[{"id":35558,"href":"https:\/\/tvbrazilusa.com\/pt\/wp-json\/wp\/v2\/posts\/35556\/revisions\/35558"}],"wp:featuredmedia":[{"embeddable":true,"href":"https:\/\/tvbrazilusa.com\/pt\/wp-json\/wp\/v2\/media\/35557"}],"wp:attachment":[{"href":"https:\/\/tvbrazilusa.com\/pt\/wp-json\/wp\/v2\/media?parent=35556"}],"wp:term":[{"taxonomy":"category","embeddable":true,"href":"https:\/\/tvbrazilusa.com\/pt\/wp-json\/wp\/v2\/categories?post=35556"},{"taxonomy":"post_tag","embeddable":true,"href":"https:\/\/tvbrazilusa.com\/pt\/wp-json\/wp\/v2\/tags?post=35556"}],"curies":[{"name":"wp","href":"https:\/\/api.w.org\/{rel}","templated":true}]}}