{"id":35573,"date":"2024-09-11T17:00:02","date_gmt":"2024-09-11T17:00:02","guid":{"rendered":"https:\/\/tvbrazilusa.com\/2024\/09\/11\/homem-de-boston-cujas-condenacoes-por-trafico-sexual-foram-anuladas-pelo-sjc-agora-enfrenta-novas-acusacoes-de-estupro\/"},"modified":"2024-09-11T17:19:27","modified_gmt":"2024-09-11T17:19:27","slug":"homem-de-boston-cujas-condenacoes-por-trafico-sexual-foram-anuladas-pelo-sjc-agora-enfrenta-novas-acusacoes-de-estupro","status":"publish","type":"post","link":"https:\/\/tvbrazilusa.com\/pt\/2024\/09\/11\/homem-de-boston-cujas-condenacoes-por-trafico-sexual-foram-anuladas-pelo-sjc-agora-enfrenta-novas-acusacoes-de-estupro\/","title":{"rendered":"Homem de Boston cujas condena\u00e7\u00f5es por tr\u00e1fico sexual foram anuladas pelo SJC agora enfrenta novas acusa\u00e7\u00f5es de estupro"},"content":{"rendered":"<p> <script async src=\"https:\/\/pagead2.googlesyndication.com\/pagead\/js\/adsbygoogle.js?client=ca-pub-8864793242727901\"\r\n     crossorigin=\"anonymous\"><\/script><br \/>\n<\/p>\n<div id=\"\">\n<header class=\"m-article-header m-article-header--standard\">\n\t\t\t\t\t\t\t\t\t\t\t\t<span id=\"article-header-primary-term\"><br \/>\n\t\t\t\t\t\t\t\t<a class=\"a-term a-term--primary\" href=\"https:\/\/www.boston.com\/tag\/local-news\/\"><\/p>\n<p>\t\t\t\t\t\t\t\tNot\u00edcias locais\t\t\t\t\t\t\t\t<\/a><br \/>\n\t\t\t\t\t\t\t<\/span><\/p>\n<h2 class=\"m-article-header__sub-headline\">O homem foi acusado no Dorchester BMC de uma acusa\u00e7\u00e3o de estupro agravado.<\/h2>\n<figure class=\"a-photo m-article-header__photo\"><figcaption class=\"a-photo__caption\">\n\t<em> <\/em>\t<\/figcaption><\/figure>\n<\/header>\n<p>Um homem de Dorchester que j\u00e1 havia se declarado culpado de diversas acusa\u00e7\u00f5es de tr\u00e1fico de pessoas est\u00e1 detido aguardando uma audi\u00eancia de periculosidade ap\u00f3s supostamente agredir uma mulher no fim de semana, dizem as autoridades.<\/p>\n<p>Anthony Dew, 42, declarou-se culpado de in\u00fameras acusa\u00e7\u00f5es de tr\u00e1fico sexual, agress\u00e3o e drogas em 2016, e teve suas condena\u00e7\u00f5es anuladas devido a \u201cadvogado ineficaz\u201d um m\u00eas depois de ser libertado da pris\u00e3o em 2023. <a href=\"https:\/\/www.suffolkdistrictattorney.com\/press-releases\/items\/2024\/9\/10\/nbspboston-man-who-had-sex-trafficking-convictions-vacated-by-the-sjc-is-now-facing-dangerousness-hearing-for-new-rape\">segundo nota do Minist\u00e9rio P\u00fablico<\/a>. <\/p>\n<p>\u00c0s 2h12 da manh\u00e3 de domingo, a pol\u00edcia respondeu a uma confus\u00e3o na Evelyn Street, onde ouviu gritos ao chegar, disseram as autoridades.<\/p>\n<p>\u201cOs policiais observaram uma mulher na passarela com seus jeans abaixados at\u00e9 os tornozelos e uma camiseta encharcada no que pareceu aos policiais ser sangue, puxada para cima\u201d, disse a declara\u00e7\u00e3o. \u201cOs policiais observaram que o rosto da v\u00edtima estava coberto de sangue e que a v\u00edtima estava cuspindo co\u00e1gulos de sangue.\u201d<\/p>\n<p>Os policiais disseram que a v\u00edtima gritou &#8220;ele me estuprou&#8221; enquanto apontava para um apartamento onde Dew morava. <\/p>\n<p>O orvalho a atingiu enquanto ela &#8220;perdia e recuperava a consci\u00eancia&#8221;, disse a mulher \u00e0 pol\u00edcia.<\/p>\n<p>A v\u00edtima foi levada a um hospital local para tratamento dos ferimentos sofridos na agress\u00e3o, incluindo \u201cincha\u00e7o e hematomas na boca, mand\u00edbula e ambos os olhos\u201d, disse o comunicado.<\/p>\n<p>Dew, que tinha v\u00e1rios arranh\u00f5es na m\u00e3o e no rosto, estava &#8220;verbalmente combativo&#8221; com os policiais, segundo o comunicado, quando chegou enquanto os primeiros socorristas processavam a cena.<\/p>\n<p>Os policiais prenderam Dew, disse o escrit\u00f3rio. Ele foi acusado em Dorchester BMC com uma acusa\u00e7\u00e3o de estupro agravado e ordenado a ficar preso sem fian\u00e7a, aguardando uma audi\u00eancia de periculosidade na sexta-feira.<\/p>\n<p>\u201cEste foi um ataque terr\u00edvel e violento, e provavelmente ter\u00e1 impactos emocionais e f\u00edsicos duradouros na v\u00edtima\u201d, disse o promotor p\u00fablico de Suffolk, Kevin Hayden, na declara\u00e7\u00e3o. \u201cFaremos tudo o que pudermos para ajud\u00e1-la agora e conforme o caso avan\u00e7a.\u201d<\/p>\n<p><iframe src=\"https:\/\/www.google.com\/maps\/embed?pb=!1m18!1m12!1m3!1d2951.9591445748156!2d-71.09397452434045!3d42.279395471200544!2m3!1f0!2f0!3f0!3m2!1i1024!2i768!4f13.1!3m3!1m2!1s0x89e37c06d4d98ab3%3A0x4ab884482277901a!2sEvelyn%20St%2C%20Boston%2C%20MA%2002126!5e0!3m2!1sen!2sus!4v1726070799834!5m2!1sen!2sus\" width=\"600\" height=\"450\" style=\"border:0;\" allowfullscreen=\"\" loading=\"lazy\" referrerpolicy=\"no-referrer-when-downgrade\"><\/iframe><\/p>\n<div class=\"m-block m-generic-cta\t m-generic-cta--post-content\t m-generic-cta--dark\t m-generic-cta--homepage\t m-generic-cta--email-signup\t\t m-generic-cta-block-style--default \tt-amp__generic-cta\"><\/p>\n<div class=\"m-generic-cta__wrap\">\n<div class=\"m-generic-cta__content\">\n<h3 class=\"m-generic-cta__title\">Boston.com Hoje<\/h3>\n<p class=\"m-generic-cta__subtitle\">Inscreva-se para receber as \u00faltimas manchetes na sua caixa de entrada todas as manh\u00e3s.<\/p>\n<\/p><\/div>\n<\/p><\/div>\n<\/div><\/div>\n<p><script>\n\t\tvar consent=\"grant\";\n\t\t\/* The above code is parsing the JSON data from the local storage and storing it in a variable. *\/\n\t\t\t\t\tconst onetrustStorageConsent = JSON.parse(localStorage.getItem( 'consent_one_trust_bdc' ) );\n\t\t\tif ( ( onetrustStorageConsent !== null ) ) {\n\t\t\t\t\/* Checking to see if the user has consented to the use of cookies.\n\t\t\t\t* If they have not, it is deleting the cookie.\n\t\t\t\t* This will comment for now, until further notice.\n\t\t\t\t*\/\n\t\t\t\t\/\/if ( onetrustStorageConsent.C0002 === false ) {\n\t\t\t\t\/\/\tdocument.cookie=\"_fbp=;expires=Thu, 01 Jan 2010 00:00:00 UTC; path=\/; domain=.boston.com\";\n\t\t\t\t\/\/}\n\t\t\t\t\/* Checking if the user has given consent for the cookie C0002.\n\t\t\t\t* If the user has given consent, the variable consent will be set to 'grant'.\n\t\t\t\t* If the user has not given consent,the variable consent will be set to 'revoke'.\n\t\t\t\t* Documentation https:\/\/developers.facebook.com\/docs\/meta-pixel\/implementation\/gdpr\n\t\t\t\t*\/\n\t\t\t\tif ( onetrustStorageConsent.C0002 !== true ) {\n\t\t\t\t\tconsent=\"revoke\";\n\t\t\t\t}\n\t\t\t}\n\t\t\t\t!function(f,b,e,v,n,t,s)\n\t\t{if(f.fbq)return;n=f.fbq=function(){n.callMethod?\n\t\tn.callMethod.apply(n,arguments):n.queue.push(arguments)};\n\t\tif(!f._fbq)f._fbq=n;n.push=n;n.loaded=!0;n.version='2.0';\n\t\tn.queue=[];t=b.createElement(e);t.async=!0;\n\t\tt.src=v;s=b.getElementsByTagName(e)[0];\n\t\ts.parentNode.insertBefore(t,s)}(window, document,'script',\n\t\t'https:\/\/connect.facebook.net\/en_US\/fbevents.js');\n\t\tfbq('consent', consent);\n\t\tfbq('init', '989222871864976');\n\t\tfbq('track', 'PageView');\n\t<\/script><script type=\"module\">\n\t\tvar consent=\"grant\";\n\t\t\/* The above code is parsing the JSON data from the local storage and storing it in a variable. *\/\n\t\t\tconst onetrustStorageConsent = JSON.parse(localStorage.getItem( 'consent_one_trust_bdc' ) );\n\t\t\t\/* Checking to see if the user has consented to the use of cookies.\n\t\t\t* If they have not, it is deleting the cookie.\n\t\t\t* This will comment for now, until further notice.\n\t\t\t*\/\n\t\t\t\/\/if ( onetrustStorageConsent.C0002 === false ) {\n\t\t\t\/\/\tdocument.cookie=\"_fbp=;expires=Thu, 01 Jan 2010 00:00:00 UTC; path=\/; domain=.boston.com\";\n\t\t\t\/\/}\n\t\t\t\/* Checking if the user has given consent for the cookie C0002.\n\t\t\t* If the user has given consent, the variable consent will be set to 'grant'.\n\t\t\t* If the user has not given consent,the variable consent will be set to 'revoke'.\n\t\t\t* Documentation https:\/\/developers.facebook.com\/docs\/meta-pixel\/implementation\/gdpr\n\t\t\t*\/\n\t\t\tif ( ( onetrustStorageConsent !== null ) && (onetrustStorageConsent.C0002 !== true ) ) {\n\t\t\t\tconsent=\"revoke\";\n\t\t\t}\n\t\t\t\t!function(f,b,e,v,n,t,s){if(f.fbq)return;n=f.fbq=function()\n\t\t{n.callMethod? n.callMethod.apply(n,arguments):n.queue.push(arguments)}\n\t\t;if(!f._fbq)f._fbq=n;\n\t\tn.push=n;n.loaded=!0;n.version='2.0';n.queue=[];t=b.createElement(e);t.async=!0;\n\t\tt.src=v;s=b.getElementsByTagName(e)[0];s.parentNode.insertBefore(t,s)}(window,\n\t\tdocument,'script','https:\/\/connect.facebook.net\/en_US\/fbevents.js');\n\t\tfbq('consent', consent);\n\t\tfbq('init', '813236348753005');\n\t\tfbq('track', \"PageView\");\n\t<\/script><br \/>\n<br \/><br \/>\n<br \/><a href=\"https:\/\/www.boston.com\/news\/local-news\/2024\/09\/11\/boston-man-whose-sex-trafficking-convictions-were-vacated-by-the-sjc-is-now-facing-new-rape-charges\/\">Source link <\/a><\/p>","protected":false},"excerpt":{"rendered":"<p>Not\u00edcias locais O homem foi acusado no Dorchester BMC de uma acusa\u00e7\u00e3o de estupro agravado. Um homem de Dorchester que j\u00e1 havia se declarado culpado de diversas acusa\u00e7\u00f5es de tr\u00e1fico&hellip;<\/p>","protected":false},"author":1,"featured_media":35574,"comment_status":"closed","ping_status":"open","sticky":false,"template":"","format":"standard","meta":{"content-type":"","footnotes":""},"categories":[1],"tags":[],"class_list":["post-35573","post","type-post","status-publish","format-standard","has-post-thumbnail","hentry","category-uncategorized"],"_links":{"self":[{"href":"https:\/\/tvbrazilusa.com\/pt\/wp-json\/wp\/v2\/posts\/35573","targetHints":{"allow":["GET"]}}],"collection":[{"href":"https:\/\/tvbrazilusa.com\/pt\/wp-json\/wp\/v2\/posts"}],"about":[{"href":"https:\/\/tvbrazilusa.com\/pt\/wp-json\/wp\/v2\/types\/post"}],"author":[{"embeddable":true,"href":"https:\/\/tvbrazilusa.com\/pt\/wp-json\/wp\/v2\/users\/1"}],"replies":[{"embeddable":true,"href":"https:\/\/tvbrazilusa.com\/pt\/wp-json\/wp\/v2\/comments?post=35573"}],"version-history":[{"count":1,"href":"https:\/\/tvbrazilusa.com\/pt\/wp-json\/wp\/v2\/posts\/35573\/revisions"}],"predecessor-version":[{"id":35575,"href":"https:\/\/tvbrazilusa.com\/pt\/wp-json\/wp\/v2\/posts\/35573\/revisions\/35575"}],"wp:featuredmedia":[{"embeddable":true,"href":"https:\/\/tvbrazilusa.com\/pt\/wp-json\/wp\/v2\/media\/35574"}],"wp:attachment":[{"href":"https:\/\/tvbrazilusa.com\/pt\/wp-json\/wp\/v2\/media?parent=35573"}],"wp:term":[{"taxonomy":"category","embeddable":true,"href":"https:\/\/tvbrazilusa.com\/pt\/wp-json\/wp\/v2\/categories?post=35573"},{"taxonomy":"post_tag","embeddable":true,"href":"https:\/\/tvbrazilusa.com\/pt\/wp-json\/wp\/v2\/tags?post=35573"}],"curies":[{"name":"wp","href":"https:\/\/api.w.org\/{rel}","templated":true}]}}