{"id":35623,"date":"2024-09-11T18:18:29","date_gmt":"2024-09-11T18:18:29","guid":{"rendered":"https:\/\/tvbrazilusa.com\/2024\/09\/11\/a-oposicao-recua-e-a-ccj-adia-a-votacao-do-projeto-de-lei-da-anistia\/"},"modified":"2024-09-11T18:18:30","modified_gmt":"2024-09-11T18:18:30","slug":"a-oposicao-recua-e-a-ccj-adia-a-votacao-do-projeto-de-lei-da-anistia","status":"publish","type":"post","link":"https:\/\/tvbrazilusa.com\/pt\/2024\/09\/11\/a-oposicao-recua-e-a-ccj-adia-a-votacao-do-projeto-de-lei-da-anistia\/","title":{"rendered":"A oposi\u00e7\u00e3o recua, e a CCJ adia a vota\u00e7\u00e3o do projeto de lei da anistia"},"content":{"rendered":"<p> <script async src=\"https:\/\/pagead2.googlesyndication.com\/pagead\/js\/adsbygoogle.js?client=ca-pub-8864793242727901\"\r\n     crossorigin=\"anonymous\"><\/script><br \/>\n<\/p>\n<div id=\"taboola-read-more\" style=\"display:block; width:100%\">\n<p>Por decis\u00e3o da presidente da Comiss\u00e3o de Constitui\u00e7\u00e3o e Justi\u00e7a, Caroline de Toni (PL-SC), o projeto de lei que anistia os presos do 8 de janeiro ser\u00e1 deliberada ap\u00f3s as elei\u00e7\u00f5es. A avalia\u00e7\u00e3o feita pelos deputados de oposi\u00e7\u00e3o que defendem o avan\u00e7o da propositura \u00e9 que n\u00e3o h\u00e1 votos para aprovar o pleito.<\/p>\n<p>Ainda na \u00faltima ter\u00e7a-feira,10, o deputado Marcel Van Hattem (Novo-RS) disse a O Antagonista que a oposi\u00e7\u00e3o contava votos para decidir de avan\u00e7aria com a proposta em pauta. A decis\u00e3o agora de arriscar uma derrota no plen\u00e1rio da CCJ foi oficializada.<\/p>\n<p><strong>Quebra de Protocolo<\/strong><\/p>\n<p>O projeto de lei que anistia presos do 8 de janeiro movimentou o ambiente de polariza\u00e7\u00e3o pol\u00edtica na C\u00e2mara dos Deputados desde a ter\u00e7a-feira, 10. A primeira tentativa de vota\u00e7\u00e3o da mat\u00e9ria por parte dos integrantes da oposi\u00e7\u00e3o resultou em momentos acalorados de discuss\u00e3o entre base governista e membros da oposi\u00e7\u00e3o. At\u00e9 a presidente da CCJ \u2018quebrou o protocolo\u2019 para defender a propositura.<\/p>\n<p>Em resposta \u00e0 petista Erika Kokay (PT-DF), que tentou apressar a inclus\u00e3o de um projeto de lei extrapauta, ela argumentou: \u201cVamos aguardar o qu\u00f3rum qualificado, deputada Erika. Sabemos da estrat\u00e9gia para derrubar a reuni\u00e3o. E o povo clama por anistia\u201c.<\/p>\n<p>A inten\u00e7\u00e3o da base do governo era substituir o projeto de lei de anistia aos presos do 8 de janeiro pela mat\u00e9ria, que aumenta penas para crimes ambientais. Depois, membros da base governista obtiveram apoio da mesa diretora da C\u00e2mara para abrir a ordem do dia no plen\u00e1rio da Casa de Leis, impedindo o avan\u00e7o da reuni\u00e3o no colegiado.<\/p>\n<p><strong>Estrat\u00e9gia governista<\/strong><br \/>Ap\u00f3s perder na articula\u00e7\u00e3o de requerimentos de inclus\u00e3o extrapauta, integrantes do governo Lula pressionaram o presidente da C\u00e2mara, Arthur Lira, pela abertura da ordem do dia da C\u00e2mara dos Deputados para paralisar os trabalhos da Comiss\u00e3o de Constitui\u00e7\u00e3o e Justi\u00e7a (CCJ) que apreciava o projeto de lei que anistia presos do 8 de janeiro, na \u00faltima ter\u00e7a-feira, 9.<\/p>\n<p>O regimento interno da C\u00e2mara n\u00e3o autoriza o funcionamento de uma comiss\u00e3o enquanto a pauta do plen\u00e1rio est\u00e1 em andamento. Ap\u00f3s o in\u00edcio da sess\u00e3o plen\u00e1ria, a presidente da CCJ, Caroline de Toni (PL-SC), foi obrigada a encerrar a reuni\u00e3o do colegiado. O relat\u00f3rio da proposta sequer foi lido.<\/p>\n<p>Fonte: Pleno News<\/p>\n<\/p><\/div>\n<p><br \/>\n<br \/><a href=\"https:\/\/diariodobrasilnoticias.com.br\/noticia\/a-oposicao-recua-e-a-ccj-adia-a-votacao-do-projeto-de-lei-da-anistia-66e1b82d1dbc7\">Source link <\/a><\/p>","protected":false},"excerpt":{"rendered":"<p>Por decis\u00e3o da presidente da Comiss\u00e3o de Constitui\u00e7\u00e3o e Justi\u00e7a, Caroline de Toni (PL-SC), o projeto de lei que anistia os presos do 8 de janeiro ser\u00e1 deliberada ap\u00f3s as&hellip;<\/p>","protected":false},"author":1,"featured_media":35624,"comment_status":"closed","ping_status":"open","sticky":false,"template":"","format":"standard","meta":{"content-type":"","footnotes":""},"categories":[16],"tags":[123,2448,5313,1267],"class_list":["post-35623","post","type-post","status-publish","format-standard","has-post-thumbnail","hentry","category-noticias","tag-brasil","tag-diario","tag-noticia","tag-noticias"],"_links":{"self":[{"href":"https:\/\/tvbrazilusa.com\/pt\/wp-json\/wp\/v2\/posts\/35623","targetHints":{"allow":["GET"]}}],"collection":[{"href":"https:\/\/tvbrazilusa.com\/pt\/wp-json\/wp\/v2\/posts"}],"about":[{"href":"https:\/\/tvbrazilusa.com\/pt\/wp-json\/wp\/v2\/types\/post"}],"author":[{"embeddable":true,"href":"https:\/\/tvbrazilusa.com\/pt\/wp-json\/wp\/v2\/users\/1"}],"replies":[{"embeddable":true,"href":"https:\/\/tvbrazilusa.com\/pt\/wp-json\/wp\/v2\/comments?post=35623"}],"version-history":[{"count":1,"href":"https:\/\/tvbrazilusa.com\/pt\/wp-json\/wp\/v2\/posts\/35623\/revisions"}],"predecessor-version":[{"id":35625,"href":"https:\/\/tvbrazilusa.com\/pt\/wp-json\/wp\/v2\/posts\/35623\/revisions\/35625"}],"wp:featuredmedia":[{"embeddable":true,"href":"https:\/\/tvbrazilusa.com\/pt\/wp-json\/wp\/v2\/media\/35624"}],"wp:attachment":[{"href":"https:\/\/tvbrazilusa.com\/pt\/wp-json\/wp\/v2\/media?parent=35623"}],"wp:term":[{"taxonomy":"category","embeddable":true,"href":"https:\/\/tvbrazilusa.com\/pt\/wp-json\/wp\/v2\/categories?post=35623"},{"taxonomy":"post_tag","embeddable":true,"href":"https:\/\/tvbrazilusa.com\/pt\/wp-json\/wp\/v2\/tags?post=35623"}],"curies":[{"name":"wp","href":"https:\/\/api.w.org\/{rel}","templated":true}]}}