{"id":35641,"date":"2024-09-11T18:06:56","date_gmt":"2024-09-11T18:06:56","guid":{"rendered":"https:\/\/tvbrazilusa.com\/2024\/09\/11\/julian-edelman-preve-que-bill-belichick-acabara-treinando-este-time-da-nfl\/"},"modified":"2024-09-11T19:18:54","modified_gmt":"2024-09-11T19:18:54","slug":"julian-edelman-preve-que-bill-belichick-acabara-treinando-este-time-da-nfl","status":"publish","type":"post","link":"https:\/\/tvbrazilusa.com\/pt\/2024\/09\/11\/julian-edelman-preve-que-bill-belichick-acabara-treinando-este-time-da-nfl\/","title":{"rendered":"Julian Edelman prev\u00ea que Bill Belichick acabar\u00e1 treinando este time da NFL"},"content":{"rendered":"<p> <script async src=\"https:\/\/pagead2.googlesyndication.com\/pagead\/js\/adsbygoogle.js?client=ca-pub-8864793242727901\"\r\n     crossorigin=\"anonymous\"><\/script><br \/>\n<\/p>\n<div id=\"\">\n<header class=\"m-article-header m-article-header--standard\">\n\t\t\t\t\t\t\t\t\t\t\t\t<span id=\"article-header-primary-term\"><br \/>\n\t\t\t\t\t\t\t\t<a class=\"a-term a-term--primary\" href=\"https:\/\/www.boston.com\/tag\/new-england-patriots\/\"><\/p>\n<p>\t\t\t\t\t\t\t\tPatriotas\t\t\t\t\t\t\t\t<\/a><br \/>\n\t\t\t\t\t\t\t<\/span><\/p>\n<h2 class=\"m-article-header__sub-headline\">&#8220;Voc\u00ea podia ver um pouco de entusiasmo no esp\u00edrito de Belichick porque ele adorava falar sobre aqueles antigos times dos Giants.&#8221;<\/h2>\n<figure class=\"a-photo m-article-header__photo\"><figcaption class=\"a-photo__caption\">\n<p>\tJulian Edelman espera que Bill Belichick volte a treinar em 2025. <em> (Foto AP\/Matt Slocum, Arquivo)<\/em>\t<\/figcaption><\/figure>\n<\/header>\n<p>Bill Belichick permaneceu ativo no futebol depois de n\u00e3o conseguir um cargo de treinador principal na NFL nesta temporada \u2014 aparecendo em v\u00e1rias transmiss\u00f5es de TV, podcasts, programas online e<a href=\"https:\/\/www.boston.com\/sports\/new-england-patriots\/2024\/09\/04\/bill-belichick-instagram-instaface-social-media-nfl-football-espn\/\"> sim, at\u00e9 mesmo entrando no Instagram. <\/a><\/p>\n<p>Mas, embora o treinador seis vezes vencedor do Super Bowl esteja prestes a se tornar um rosto conhecido em diversas m\u00eddias em 2024, Belichick n\u00e3o est\u00e1 apenas querendo ficar longe das laterais do campo e lucrar com v\u00e1rios acordos lucrativos de TV. <\/p>\n<p><a target=\"_blank\" href=\"https:\/\/www.espn.com\/nfl\/story\/_\/id\/41164020\/sources-bill-belichick-return-coaching-2025\" rel=\"noreferrer noopener\">De acordo com Adam Schefter da ESPN<\/a>Belichick gostaria de voltar a treinar em 2025, mas fontes observaram que o ex-t\u00e9cnico dos Patriots deve ser &#8220;exigente&#8221; quando se trata de assumir as r\u00e9deas de uma nova organiza\u00e7\u00e3o da NFL. <\/p>\n<p>\u201cBelichick poder\u00e1 ficar de olho na liga por meio de seus projetos de m\u00eddia, monitorando seus jogadores e se preparando para treinar novamente\u201d, escreveu Schefter. <\/p>\n<p>Ainda n\u00e3o se sabe quantas vagas de treinador surgir\u00e3o na pr\u00f3xima offseason, mas o ex-wide receiver dos Patriots, Julian Edelman, acredita que uma vaga em particular seria interessante para Belichick enquanto ele tenta retornar ao time de treinadores.<\/p>\n<p>\u201cO mais atraente, para mim, \u00e9 se o New York Giants abrir\u201d, disse Edelman durante uma apari\u00e7\u00e3o no \u201cThe Herd\u201d da FOX na ter\u00e7a-feira. \u201cE eu n\u00e3o estou pedindo o emprego de ningu\u00e9m. Eu amo [Giants head coach Brian] Daboll. Daboll \u00e9 meu favorito. Mas o destino do que eles colocaram em campo\u2026 Voc\u00ea vai afundar com esse navio.\u201d<\/p>\n<figure class=\"wp-block-embed is-type-rich is-provider-twitter wp-block-embed-twitter\"\/>\n<p>Belichick tem muita afinidade com os Giants, j\u00e1 que ganhou dois Super Bowls em Nova York enquanto atuava como coordenador defensivo do time sob o comando do t\u00e9cnico Bill Parcells.<\/p>\n<p>Apesar de ganhar as honras de Treinador do Ano da AP NFL em 2022 ap\u00f3s liderar os Giants para um recorde de 9-7, Daboll pode estar na berlinda em 2024 com outra temporada sem brilho potencialmente em jogo. O New York montou um recorde decepcionante de 6-11 na temporada passada, e foi derrotado por Sam Darnold e os Vikings, 28-6, na Semana 1 no domingo. <\/p>\n<p>Embora a maioria dos problemas de Nova York possa estar enraizada no fraco desempenho do QB Daniel Jones, Daboll pode ser uma baixa esperada do t\u00e9cnico se os Giants ca\u00edrem novamente na classifica\u00e7\u00e3o \u2014 potencialmente abrindo caminho para Belichick entrar em campo. <\/p>\n<p>\u201cSe isso se abrir \u2014 eu me lembro vividamente de qualquer momento em que jogamos em Nova York ou jogamos contra os Giants, voc\u00ea podia ver um pequeno jingle no esp\u00edrito de Belichick porque ele adorava falar sobre aqueles antigos times dos Giants\u201d, acrescentou Edelman. \u201cE ele adorava falar sobre aquela organiza\u00e7\u00e3o. Voc\u00ea podia dizer que ele amava o New York Football Giants. Ele simplesmente ama os Giants. Ent\u00e3o, eu acho, esse provavelmente seria o lugar para onde ele gostaria de ir.\u201d<\/p>\n<p>\u00c9 verdade que uma reconstru\u00e7\u00e3o do time dos Giants pode n\u00e3o ser o objetivo de Belichick nesta fase de sua carreira, especialmente com o futuro membro do Hall da Fama a apenas 15 vit\u00f3rias de ultrapassar Don Shula e ganhar o maior n\u00famero de vit\u00f3rias como treinador na hist\u00f3ria da NFL. <\/p>\n<p>Ainda assim, a aprecia\u00e7\u00e3o de Belichick por seu antigo time pode ser boa demais para deixar passar se ele estiver decidido a voltar a treinar em 2025 e depois. <\/p>\n<div class=\"m-block m-generic-cta\t m-generic-cta--post-content\t m-generic-cta--dark\t m-generic-cta--homepage\t m-generic-cta--email-signup\t\t m-generic-cta-block-style--default \tt-amp__generic-cta\"><\/p>\n<div class=\"m-generic-cta__wrap\">\n<div class=\"m-generic-cta__content\">\n<h3 class=\"m-generic-cta__title\">Inscreva-se para receber atualiza\u00e7\u00f5es dos Patriots\ud83c\udfc8<\/h3>\n<p class=\"m-generic-cta__subtitle\">Receba not\u00edcias de \u00faltima hora e an\u00e1lises na sua caixa de entrada durante a temporada de futebol.<\/p>\n<\/p><\/div>\n<\/p><\/div>\n<\/div><\/div>\n<p><script>\n\t\tvar consent=\"grant\";\n\t\t\/* The above code is parsing the JSON data from the local storage and storing it in a variable. *\/\n\t\t\t\t\tconst onetrustStorageConsent = JSON.parse(localStorage.getItem( 'consent_one_trust_bdc' ) );\n\t\t\tif ( ( onetrustStorageConsent !== null ) ) {\n\t\t\t\t\/* Checking to see if the user has consented to the use of cookies.\n\t\t\t\t* If they have not, it is deleting the cookie.\n\t\t\t\t* This will comment for now, until further notice.\n\t\t\t\t*\/\n\t\t\t\t\/\/if ( onetrustStorageConsent.C0002 === false ) {\n\t\t\t\t\/\/\tdocument.cookie=\"_fbp=;expires=Thu, 01 Jan 2010 00:00:00 UTC; path=\/; domain=.boston.com\";\n\t\t\t\t\/\/}\n\t\t\t\t\/* Checking if the user has given consent for the cookie C0002.\n\t\t\t\t* If the user has given consent, the variable consent will be set to 'grant'.\n\t\t\t\t* If the user has not given consent,the variable consent will be set to 'revoke'.\n\t\t\t\t* Documentation https:\/\/developers.facebook.com\/docs\/meta-pixel\/implementation\/gdpr\n\t\t\t\t*\/\n\t\t\t\tif ( onetrustStorageConsent.C0002 !== true ) {\n\t\t\t\t\tconsent=\"revoke\";\n\t\t\t\t}\n\t\t\t}\n\t\t\t\t!function(f,b,e,v,n,t,s)\n\t\t{if(f.fbq)return;n=f.fbq=function(){n.callMethod?\n\t\tn.callMethod.apply(n,arguments):n.queue.push(arguments)};\n\t\tif(!f._fbq)f._fbq=n;n.push=n;n.loaded=!0;n.version='2.0';\n\t\tn.queue=[];t=b.createElement(e);t.async=!0;\n\t\tt.src=v;s=b.getElementsByTagName(e)[0];\n\t\ts.parentNode.insertBefore(t,s)}(window, document,'script',\n\t\t'https:\/\/connect.facebook.net\/en_US\/fbevents.js');\n\t\tfbq('consent', consent);\n\t\tfbq('init', '989222871864976');\n\t\tfbq('track', 'PageView');\n\t<\/script><script type=\"module\">\n\t\tvar consent=\"grant\";\n\t\t\/* The above code is parsing the JSON data from the local storage and storing it in a variable. *\/\n\t\t\tconst onetrustStorageConsent = JSON.parse(localStorage.getItem( 'consent_one_trust_bdc' ) );\n\t\t\t\/* Checking to see if the user has consented to the use of cookies.\n\t\t\t* If they have not, it is deleting the cookie.\n\t\t\t* This will comment for now, until further notice.\n\t\t\t*\/\n\t\t\t\/\/if ( onetrustStorageConsent.C0002 === false ) {\n\t\t\t\/\/\tdocument.cookie=\"_fbp=;expires=Thu, 01 Jan 2010 00:00:00 UTC; path=\/; domain=.boston.com\";\n\t\t\t\/\/}\n\t\t\t\/* Checking if the user has given consent for the cookie C0002.\n\t\t\t* If the user has given consent, the variable consent will be set to 'grant'.\n\t\t\t* If the user has not given consent,the variable consent will be set to 'revoke'.\n\t\t\t* Documentation https:\/\/developers.facebook.com\/docs\/meta-pixel\/implementation\/gdpr\n\t\t\t*\/\n\t\t\tif ( ( onetrustStorageConsent !== null ) && (onetrustStorageConsent.C0002 !== true ) ) {\n\t\t\t\tconsent=\"revoke\";\n\t\t\t}\n\t\t\t\t!function(f,b,e,v,n,t,s){if(f.fbq)return;n=f.fbq=function()\n\t\t{n.callMethod? n.callMethod.apply(n,arguments):n.queue.push(arguments)}\n\t\t;if(!f._fbq)f._fbq=n;\n\t\tn.push=n;n.loaded=!0;n.version='2.0';n.queue=[];t=b.createElement(e);t.async=!0;\n\t\tt.src=v;s=b.getElementsByTagName(e)[0];s.parentNode.insertBefore(t,s)}(window,\n\t\tdocument,'script','https:\/\/connect.facebook.net\/en_US\/fbevents.js');\n\t\tfbq('consent', consent);\n\t\tfbq('init', '813236348753005');\n\t\tfbq('track', \"PageView\");\n\t<\/script><br \/>\n<br \/><br \/>\n<br \/><a href=\"https:\/\/www.boston.com\/sports\/new-england-patriots\/2024\/09\/11\/julian-edelman-bill-belichick-nfl-football-new-york-giants-brian-daboll\/\">Source link <\/a><\/p>","protected":false},"excerpt":{"rendered":"<p>Patriotas &#8220;Voc\u00ea podia ver um pouco de entusiasmo no esp\u00edrito de Belichick porque ele adorava falar sobre aqueles antigos times dos Giants.&#8221; Julian Edelman espera que Bill Belichick volte a&hellip;<\/p>","protected":false},"author":1,"featured_media":35642,"comment_status":"closed","ping_status":"open","sticky":false,"template":"","format":"standard","meta":{"content-type":"","footnotes":""},"categories":[1],"tags":[],"class_list":["post-35641","post","type-post","status-publish","format-standard","has-post-thumbnail","hentry","category-uncategorized"],"_links":{"self":[{"href":"https:\/\/tvbrazilusa.com\/pt\/wp-json\/wp\/v2\/posts\/35641","targetHints":{"allow":["GET"]}}],"collection":[{"href":"https:\/\/tvbrazilusa.com\/pt\/wp-json\/wp\/v2\/posts"}],"about":[{"href":"https:\/\/tvbrazilusa.com\/pt\/wp-json\/wp\/v2\/types\/post"}],"author":[{"embeddable":true,"href":"https:\/\/tvbrazilusa.com\/pt\/wp-json\/wp\/v2\/users\/1"}],"replies":[{"embeddable":true,"href":"https:\/\/tvbrazilusa.com\/pt\/wp-json\/wp\/v2\/comments?post=35641"}],"version-history":[{"count":1,"href":"https:\/\/tvbrazilusa.com\/pt\/wp-json\/wp\/v2\/posts\/35641\/revisions"}],"predecessor-version":[{"id":35643,"href":"https:\/\/tvbrazilusa.com\/pt\/wp-json\/wp\/v2\/posts\/35641\/revisions\/35643"}],"wp:featuredmedia":[{"embeddable":true,"href":"https:\/\/tvbrazilusa.com\/pt\/wp-json\/wp\/v2\/media\/35642"}],"wp:attachment":[{"href":"https:\/\/tvbrazilusa.com\/pt\/wp-json\/wp\/v2\/media?parent=35641"}],"wp:term":[{"taxonomy":"category","embeddable":true,"href":"https:\/\/tvbrazilusa.com\/pt\/wp-json\/wp\/v2\/categories?post=35641"},{"taxonomy":"post_tag","embeddable":true,"href":"https:\/\/tvbrazilusa.com\/pt\/wp-json\/wp\/v2\/tags?post=35641"}],"curies":[{"name":"wp","href":"https:\/\/api.w.org\/{rel}","templated":true}]}}