{"id":35647,"date":"2024-09-11T19:29:12","date_gmt":"2024-09-11T19:29:12","guid":{"rendered":"https:\/\/tvbrazilusa.com\/2024\/09\/11\/5-estudantes-de-duval-presos-por-ameacar-escolas-o-mais-novo-com-11-anos-jacksonville-today\/"},"modified":"2024-09-11T19:34:06","modified_gmt":"2024-09-11T19:34:06","slug":"5-estudantes-de-duval-presos-por-ameacar-escolas-o-mais-novo-com-11-anos-jacksonville-today","status":"publish","type":"post","link":"https:\/\/tvbrazilusa.com\/pt\/2024\/09\/11\/5-estudantes-de-duval-presos-por-ameacar-escolas-o-mais-novo-com-11-anos-jacksonville-today\/","title":{"rendered":"5 estudantes de Duval presos por amea\u00e7ar escolas, o mais novo com 11 anos &#8211; Jacksonville Today"},"content":{"rendered":"<p> <script async src=\"https:\/\/pagead2.googlesyndication.com\/pagead\/js\/adsbygoogle.js?client=ca-pub-8864793242727901\"\r\n     crossorigin=\"anonymous\"><\/script><br \/>\n<\/p>\n<div>\n<p>Cinco estudantes de Jacksonville foram presos por fazer amea\u00e7as de danos contra escolas p\u00fablicas desde o in\u00edcio das aulas no m\u00eas passado, anunciou o xerife TK Waters na quarta-feira. <\/p>\n<p>Tr\u00eas dos presos t\u00eam apenas 11, 12 e 13 anos, disse a pol\u00edcia.<\/p>\n<p>O garoto de 11 anos disse aos colegas da River City Science Academy em um chat em grupo para n\u00e3o irem \u00e0 escola em 23 de agosto, &#8220;a menos que voc\u00eas queiram 15 libras de chumbo adicionadas a voc\u00eas em uma taxa extremamente r\u00e1pida&#8221;, disse Waters. Ele \u00e9 acusado de amea\u00e7a escrita de causar dano.<\/p>\n<p>O garoto de 12 anos \u00e9 aluno da escola charter IDEA River Bluff, pr\u00f3xima \u00e0 Universidade de Jacksonville. Ele postou no Instagram em 9 de setembro que iria \u201catirar na escola\u201d, disse Waters. Ele foi acusado de enviar uma amea\u00e7a por escrito para cometer um tiroteio em massa. <\/p>\n<p>E uma menina de 13 anos que frequenta a escola charter IDEA Bassett no Northside fez uma amea\u00e7a no Instagram: &#8220;N\u00e3o venha para a escola amanh\u00e3 se quiser viver&#8221;. Ela \u00e9 acusada de enviar uma amea\u00e7a escrita de morte, disse Waters.<\/p>\n<p>\u201cEu n\u00e3o fa\u00e7o isso levianamente. Isso n\u00e3o \u00e9 algo leve para mim. Voc\u00ea ouviu as idades das crian\u00e7as\u201d, disse Waters. \u201cN\u00e3o, sob nenhuma circunst\u00e2ncia, em nenhuma escola, escola charter, online, fa\u00e7a uma amea\u00e7a de atirar em nossas escolas. N\u00e3o vamos ficar sentados e permitir que voc\u00ea fa\u00e7a essa amea\u00e7a. Vamos agir sobre isso.\u201d<\/p>\n<p>Dois alunos de escolas p\u00fablicas n\u00e3o charter tamb\u00e9m foram presos na ter\u00e7a-feira pela pol\u00edcia do distrito escolar sob acusa\u00e7\u00f5es de fazer amea\u00e7as contra suas escolas, disse o superintendente Chris Bernier. Nenhum detalhe sobre eles foi divulgado inicialmente, e perguntas enviadas por e-mail a um porta-voz do distrito n\u00e3o foram imediatamente retornadas. <\/p>\n<p>O superintendente pediu aos pais que tivessem \u201cconversas dif\u00edceis\u201d com seus filhos.<\/p>\n<p>\u201cH\u00e1 certas coisas que voc\u00ea nunca deve dizer em um aeroporto ao se aproximar da seguran\u00e7a\u201d, ele disse. \u201cE, da mesma forma, voc\u00ea nunca deve escrever ou declarar uma amea\u00e7a de prejudicar uma escola, aluno ou pessoa em nossa comunidade.\u201d  <\/p>\n<figure class=\"wp-block-image size-large\"><figcaption class=\"wp-element-caption\">O superintendente do condado de Duval, Chris Bernier, fala sobre as pris\u00f5es de estudantes em 11 de setembro de 2024. | News4Jax<\/figcaption><\/figure>\n<p>V\u00e1rias amea\u00e7as foram feitas contra escolas em todo o pa\u00eds na semana ap\u00f3s o tiroteio em massa de 4 de setembro na Apalachee High School, no Condado de Barrow, Ge\u00f3rgia, nos arredores de Atlanta.<\/p>\n<p>Colt Gray, 14, foi acusado pelas mortes de dois estudantes e dois professores e tiroteios de v\u00e1rios outros l\u00e1. Seu pai, Colin Gray, tamb\u00e9m enfrenta acusa\u00e7\u00f5es de homic\u00eddio de segundo grau por fornecer ao filho um rifle semiautom\u00e1tico, disse a pol\u00edcia.<\/p>\n<p>Um dia ap\u00f3s o tiroteio em massa no Condado de Barrow, um adolescente da Fl\u00f3rida foi acusado ap\u00f3s uma amea\u00e7a de atirar em uma escola, o que foi relatado \u00e0 linha de emerg\u00eancia e preven\u00e7\u00e3o de suic\u00eddio da National Alliance on Mental Illness. A equipe da linha direta contatou o Gabinete do Xerife de Jacksonville, e uma investiga\u00e7\u00e3o levou \u00e0 George Jenkins High School do Condado de Polk, em Lakeland. Foi l\u00e1 que os delegados encontraram um jogador de futebol americano de 16 anos levantando pesos na escola, o prenderam e o acusaram de fazer um relat\u00f3rio falso sobre o uso de uma arma de fogo.<\/p>\n<p>Waters disse que n\u00e3o acredita que as amea\u00e7as do Condado de Duval sejam c\u00f3pias de quaisquer outros incidentes, mas a pol\u00edcia est\u00e1 &#8220;prestando muita aten\u00e7\u00e3o&#8221; ao fato de que os cinco aconteceram em um curto espa\u00e7o de tempo.<\/p>\n<p>\u201cAs pessoas entendem que voc\u00ea n\u00e3o deve fazer isso. Estamos deixando que elas saibam que n\u00e3o vamos ficar de bra\u00e7os cruzados, n\u00e3o vamos aceitar isso\u201d, disse Waters. \u201cVemos o que acontece em todo o pa\u00eds e o que acabou de acontecer na Ge\u00f3rgia. N\u00e3o queremos que isso aconte\u00e7a em Jacksonville.\u201d<\/p>\n<p>Waters disse que seu departamento tem uma pol\u00edtica de toler\u00e2ncia zero para aqueles que fazem amea\u00e7as contra escolas e ir\u00e1 prender &#8220;n\u00e3o importa se o perpetrador tem 90 ou 10 anos&#8221;. E ele disse que n\u00e3o importa se as amea\u00e7as foram feitas online ou em papel, em voz alta ou por mensagem de texto.<\/p>\n<p>E se uma amea\u00e7a atingir o n\u00edvel de um crime, Bernier disse que o distrito escolar \u201cir\u00e1 absolutamente buscar consequ\u00eancias criminais tamb\u00e9m\u201d.<\/p>\n<p>\u201cEssas consequ\u00eancias mudam vidas, mas s\u00e3o necess\u00e1rias para proteger a sa\u00fade e a seguran\u00e7a de todos os nossos funcion\u00e1rios e de todos os nossos alunos\u201d, disse Bernier. \u201cAcademia \u00e9 sempre nosso objetivo principal, mas os alunos n\u00e3o podem aprender se n\u00e3o se sentirem seguros.\u201d <\/p>\n<p>Waters e Bernier foram acompanhados pelo procurador-geral adjunto do Estado, Adair Newman, e pelo chefe de pol\u00edcia escolar, Jackson Short, para anunciar as recentes pris\u00f5es. <\/p>\n<p>\u201cFazer amea\u00e7as, mesmo que seja de brincadeira, pode ter consequ\u00eancias s\u00e9rias\u201d, afirma o Departamento de Justi\u00e7a Juvenil da Fl\u00f3rida. \u201cJovens, pais e professores tamb\u00e9m s\u00e3o encorajados a relatar toda e qualquer amea\u00e7a que vejam ou ou\u00e7am. Eles podem notificar a pol\u00edcia ou relatar uma amea\u00e7a anonimamente por meio do Florida&#8217;s <a href=\"https:\/\/www.getfortifyfl.com\/\" rel=\"nofollow noopener\" target=\"_blank\">Aplicativo FortifyFL<\/a>.\u201d<\/p>\n<\/div>\n<p><br \/>\n<br \/><a href=\"https:\/\/jaxtoday.org\/2024\/09\/11\/5-duval-students-arrested-for-threatening-schools-the-youngest-11-years-old\/\">Source link <\/a><\/p>","protected":false},"excerpt":{"rendered":"<p>Cinco estudantes de Jacksonville foram presos por fazer amea\u00e7as de danos contra escolas p\u00fablicas desde o in\u00edcio das aulas no m\u00eas passado, anunciou o xerife TK Waters na quarta-feira. Tr\u00eas&hellip;<\/p>","protected":false},"author":1,"featured_media":35648,"comment_status":"closed","ping_status":"open","sticky":false,"template":"","format":"standard","meta":{"content-type":"","footnotes":""},"categories":[1],"tags":[],"class_list":["post-35647","post","type-post","status-publish","format-standard","has-post-thumbnail","hentry","category-uncategorized"],"_links":{"self":[{"href":"https:\/\/tvbrazilusa.com\/pt\/wp-json\/wp\/v2\/posts\/35647","targetHints":{"allow":["GET"]}}],"collection":[{"href":"https:\/\/tvbrazilusa.com\/pt\/wp-json\/wp\/v2\/posts"}],"about":[{"href":"https:\/\/tvbrazilusa.com\/pt\/wp-json\/wp\/v2\/types\/post"}],"author":[{"embeddable":true,"href":"https:\/\/tvbrazilusa.com\/pt\/wp-json\/wp\/v2\/users\/1"}],"replies":[{"embeddable":true,"href":"https:\/\/tvbrazilusa.com\/pt\/wp-json\/wp\/v2\/comments?post=35647"}],"version-history":[{"count":1,"href":"https:\/\/tvbrazilusa.com\/pt\/wp-json\/wp\/v2\/posts\/35647\/revisions"}],"predecessor-version":[{"id":35649,"href":"https:\/\/tvbrazilusa.com\/pt\/wp-json\/wp\/v2\/posts\/35647\/revisions\/35649"}],"wp:featuredmedia":[{"embeddable":true,"href":"https:\/\/tvbrazilusa.com\/pt\/wp-json\/wp\/v2\/media\/35648"}],"wp:attachment":[{"href":"https:\/\/tvbrazilusa.com\/pt\/wp-json\/wp\/v2\/media?parent=35647"}],"wp:term":[{"taxonomy":"category","embeddable":true,"href":"https:\/\/tvbrazilusa.com\/pt\/wp-json\/wp\/v2\/categories?post=35647"},{"taxonomy":"post_tag","embeddable":true,"href":"https:\/\/tvbrazilusa.com\/pt\/wp-json\/wp\/v2\/tags?post=35647"}],"curies":[{"name":"wp","href":"https:\/\/api.w.org\/{rel}","templated":true}]}}