{"id":3566,"date":"2024-07-06T02:49:37","date_gmt":"2024-07-06T02:49:37","guid":{"rendered":"https:\/\/tvbrazilusa.com\/2024\/07\/06\/revista-de-portugal-detona-o-evento-gilmarpalooza-veja-paulo-figueiredo\/"},"modified":"2024-07-18T20:55:26","modified_gmt":"2024-07-18T20:55:26","slug":"revista-de-portugal-detona-o-evento-gilmarpalooza-veja-paulo-figueiredo","status":"publish","type":"post","link":"https:\/\/tvbrazilusa.com\/pt\/2024\/07\/06\/revista-de-portugal-detona-o-evento-gilmarpalooza-veja-paulo-figueiredo\/","title":{"rendered":"Revista de Portugal detona o evento \u2018Gilmarpalooza\u2019; veja &#8211; Paulo Figueiredo"},"content":{"rendered":"<p> <script async src=\"https:\/\/pagead2.googlesyndication.com\/pagead\/js\/adsbygoogle.js?client=ca-pub-8864793242727901\"\r\n     crossorigin=\"anonymous\"><\/script><br \/>\n<\/p>\n<div>\n<p>O F\u00f3rum de Lisboa, tamb\u00e9m conhecido como \u201cGilmarpalooza\u201d, tem sido alvo de cr\u00edticas nos \u00faltimos dias, inclusive por alguns ministros do Supremo Tribunal Federal. O colunista Jo\u00e3o Paulo Batalha, consultor de pol\u00edticas anticorrup\u00e7\u00e3o e licenciado em Hist\u00f3ria, publicou um artigo intitulado \u201cO Festival do Arranjinho\u201d no portal da revista S\u00e1bado, sediada na capital portuguesa.<\/p>\n<p>Segundo informa\u00e7\u00f5es de O Antagonista, Batalha descreve o evento como uma \u201corgia de promiscuidade\u201d e aponta para a transum\u00e2ncia de lobbies brasileiros para Lisboa durante a 12\u00aa edi\u00e7\u00e3o do Gilmarpalooza, realizada na semana passada.<\/p>\n<p><em>\u201cTodos os anos, Lisboa acolhe um encontro de que nunca ouviu falar, mas que \u00e9 uma aut\u00eantica parada de poderes prom\u00edscuos. Que diria de um juiz que andasse em almo\u00e7os, jantares e eventos de charme com empres\u00e1rios que t\u00eam processos pendentes junto desse mesmo juiz? Diria provavelmente que \u00e9 corrupto ou que, no m\u00ednimo, estava a violar o seu mais elementar dever de reserva e recato, expondo-se a um conflito de interesses que p\u00f5e em causa o seu julgamento. E se esse encontro de confraterniza\u00e7\u00e3o e palmadinhas nas costas acontecesse \u00e0s claras, com datas marcadas e site na Internet, disfar\u00e7ado apenas pelo v\u00e9u (ali\u00e1s, muito transparente) de um evento acad\u00e9mico? (\u2026) Bem-vindo ao \u2018F\u00f3rum de Lisboa\u2019.\u201d<\/em><\/p>\n<p>Nesse encontro, 12 empresas com processos perante o Supremo brasileiro estiveram representadas, incluindo um empres\u00e1rio beneficiado por uma decis\u00e3o favor\u00e1vel do juiz Gilmar Mendes no \u00e2mbito da Lava Jato. Al\u00e9m disso, seis dos 11 ju\u00edzes do Supremo brasileiro participaram, assim como o diretor da Pol\u00edcia Federal, Andrei Rodrigues, cuja viagem foi paga pela Funda\u00e7\u00e3o Get\u00falio Vargas, recentemente investigada pela pr\u00f3pria Pol\u00edcia Federal.<\/p>\n<p>O F\u00f3rum de Lisboa, segundo Batalha, \u00e9 um pal\u00e1cio de ver\u00e3o para a elite brasileira, onde ju\u00edzes, advogados, governantes e empres\u00e1rios se misturam. O evento, que ocorre a milhares de quil\u00f4metros do escrut\u00ednio p\u00fablico, envolve festas privadas, jantares e cocktails, enquanto os participantes discutem os avan\u00e7os e recuos da globaliza\u00e7\u00e3o.<\/p>\n<p>O colunista critica a presen\u00e7a de personalidades portuguesas, alertando que muitas delas participam \u201cao engano\u201d, sem perceber que est\u00e3o envolvidas em um lobby descarado. Ele tamb\u00e9m questiona a Faculdade de Direito de Lisboa, parceira local do evento, por acolher essa \u201cobscenidade\u201d.<\/p>\n<p>Gilmar, por sua vez, alega que o F\u00f3rum de Lisboa \u00e9 o \u201cBrasil que d\u00e1 certo\u201d, mas Batalha ironiza essa afirma\u00e7\u00e3o, destacando que o evento funciona bem apenas para \u201ctodos amigos\u201d.<\/p>\n<p>\u201cCom agenda p\u00fablica (e outra, privada, inconfess\u00e1vel), a festa do arranjinho brasileiro em Lisboa \u00e9 a institucionaliza\u00e7\u00e3o da promiscuidade e o triunfo do poder total, em que dinheiro, pol\u00edtica e lei se misturam na mesma agenda.\u201d<\/p>\n<\/div>\n<p><br \/>\n<br \/><a href=\"https:\/\/paulofigueiredoshow.com\/revista-de-portugal-detona-o-evento-gilmarpalooza-veja\/#comment-1655\">Source link <\/a><\/p>","protected":false},"excerpt":{"rendered":"<p>O F\u00f3rum de Lisboa, tamb\u00e9m conhecido como \u201cGilmarpalooza\u201d, tem sido alvo de cr\u00edticas nos \u00faltimos dias, inclusive por alguns ministros do Supremo Tribunal Federal. O colunista Jo\u00e3o Paulo Batalha, consultor&hellip;<\/p>","protected":false},"author":1,"featured_media":3567,"comment_status":"closed","ping_status":"open","sticky":false,"template":"","format":"standard","meta":{"content-type":"","footnotes":""},"categories":[16],"tags":[],"class_list":["post-3566","post","type-post","status-publish","format-standard","has-post-thumbnail","hentry","category-noticias"],"_links":{"self":[{"href":"https:\/\/tvbrazilusa.com\/pt\/wp-json\/wp\/v2\/posts\/3566","targetHints":{"allow":["GET"]}}],"collection":[{"href":"https:\/\/tvbrazilusa.com\/pt\/wp-json\/wp\/v2\/posts"}],"about":[{"href":"https:\/\/tvbrazilusa.com\/pt\/wp-json\/wp\/v2\/types\/post"}],"author":[{"embeddable":true,"href":"https:\/\/tvbrazilusa.com\/pt\/wp-json\/wp\/v2\/users\/1"}],"replies":[{"embeddable":true,"href":"https:\/\/tvbrazilusa.com\/pt\/wp-json\/wp\/v2\/comments?post=3566"}],"version-history":[{"count":1,"href":"https:\/\/tvbrazilusa.com\/pt\/wp-json\/wp\/v2\/posts\/3566\/revisions"}],"predecessor-version":[{"id":3568,"href":"https:\/\/tvbrazilusa.com\/pt\/wp-json\/wp\/v2\/posts\/3566\/revisions\/3568"}],"wp:featuredmedia":[{"embeddable":true,"href":"https:\/\/tvbrazilusa.com\/pt\/wp-json\/wp\/v2\/media\/3567"}],"wp:attachment":[{"href":"https:\/\/tvbrazilusa.com\/pt\/wp-json\/wp\/v2\/media?parent=3566"}],"wp:term":[{"taxonomy":"category","embeddable":true,"href":"https:\/\/tvbrazilusa.com\/pt\/wp-json\/wp\/v2\/categories?post=3566"},{"taxonomy":"post_tag","embeddable":true,"href":"https:\/\/tvbrazilusa.com\/pt\/wp-json\/wp\/v2\/tags?post=3566"}],"curies":[{"name":"wp","href":"https:\/\/api.w.org\/{rel}","templated":true}]}}