{"id":35667,"date":"2024-09-11T19:23:30","date_gmt":"2024-09-11T19:23:30","guid":{"rendered":"https:\/\/tvbrazilusa.com\/2024\/09\/11\/qual-e-o-seu-negocio-hispanico-favorito-na-grande-boston\/"},"modified":"2024-09-11T20:04:01","modified_gmt":"2024-09-11T20:04:01","slug":"qual-e-o-seu-negocio-hispanico-favorito-na-grande-boston","status":"publish","type":"post","link":"https:\/\/tvbrazilusa.com\/pt\/2024\/09\/11\/qual-e-o-seu-negocio-hispanico-favorito-na-grande-boston\/","title":{"rendered":"Qual \u00e9 o seu neg\u00f3cio hisp\u00e2nico favorito na Grande Boston?"},"content":{"rendered":"<p> <script async src=\"https:\/\/pagead2.googlesyndication.com\/pagead\/js\/adsbygoogle.js?client=ca-pub-8864793242727901\"\r\n     crossorigin=\"anonymous\"><\/script><br \/>\n<\/p>\n<div id=\"\">\n<header class=\"m-article-header m-article-header--standard\">\n\t\t\t\t\t\t\t\t\t\t\t\t<span id=\"article-header-primary-term\"><br \/>\n\t\t\t\t\t\t\t\t<a class=\"a-term a-term--primary\" href=\"https:\/\/www.boston.com\/tag\/tell-us\/\"><\/p>\n<p>\t\t\t\t\t\t\t\tDiga-nos\t\t\t\t\t\t\t\t<\/a><br \/>\n\t\t\t\t\t\t\t<\/span><\/p>\n<h2 class=\"m-article-header__sub-headline\">Compartilhe os restaurantes, empresas, organiza\u00e7\u00f5es sem fins lucrativos e organiza\u00e7\u00f5es que voc\u00ea ama.<\/h2>\n<figure class=\"a-photo m-article-header__photo\"><figcaption class=\"a-photo__caption\">\n<p>\tArtistas do Aqua Sol Serano, da Hyde Square Task Force Youth in Action, dan\u00e7am ao som de Jorge Arce e seus m\u00fasicos em Boston para a Fiesta en la Plaza em 17 de setembro de 2023. <em> Pat Greenhouse\/Equipe Globe<\/em>\t<\/figcaption><\/figure>\n<\/header>\n<p>Em 15 de setembro, artistas latinos est\u00e3o trazendo a Am\u00e9rica Central e do Sul para a City Hall Plaza de Boston para <a href=\"https:\/\/www.bostonglobe.com\/2024\/09\/11\/arts\/sound-check-city-hall-plaza-free-fiesta-latinx-heritage-month\/\" target=\"_blank\" rel=\"noreferrer noopener\">Festa na Pra\u00e7a<\/a> para dar in\u00edcio ao M\u00eas da Heran\u00e7a Hisp\u00e2nica. <\/p>\n<p>Com dura\u00e7\u00e3o de 15 de setembro a 15 de outubro, o Hispanic Heritage Month homenageia as contribui\u00e7\u00f5es dos latino-americanos para as artes, educa\u00e7\u00e3o e muito mais em todo o mundo. Produzindo e curando a Fiesta en la Plaza, a organiza\u00e7\u00e3o de artes \u00c1gora Cultural Architects planejou uma s\u00e9rie de eventos gratuitos ao longo de setembro, incluindo <a href=\"https:\/\/boletos.boritix.com\/tickets\/salsa-night-2024\">aulas de salsa<\/a>, <a href=\"https:\/\/boletos.boritix.com\/tickets\/cine-afro-2024\">exibi\u00e7\u00f5es de document\u00e1rios<\/a>e <a href=\"https:\/\/boletos.boritix.com\/tickets\/afrolatinos-panel-2024\">um painel de artes e cultura<\/a>.<\/p>\n<blockquote class=\"instagram-media\" data-instgrm-captioned=\"\" data-instgrm-permalink=\"https:\/\/www.instagram.com\/p\/C_tbbAKvAWH\/?utm_source=ig_embed&#038;utm_campaign=loading\" data-instgrm-version=\"14\" style=\" background:#FFF; border:0; border-radius:3px; box-shadow:0 0 1px 0 rgba(0,0,0,0.5),0 1px 10px 0 rgba(0,0,0,0.15); margin: 1px; max-width:540px; min-width:326px; padding:0; width:99.375%; width:-webkit-calc(100% - 2px); width:calc(100% - 2px);\"\/>\n<p>O m\u00eas coincide com as comemora\u00e7\u00f5es do Dia da Independ\u00eancia da Costa Rica, El Salvador, Guatemala, Honduras e Nicar\u00e1gua, que declararam sua independ\u00eancia da Espanha em 15 de setembro de 1821. Outros pa\u00edses da Am\u00e9rica Central e do Sul seguiram o exemplo, declarando sua independ\u00eancia das pot\u00eancias coloniais europeias durante os s\u00e9culos XIX e XX. <\/p>\n<p>Representando 20% da popula\u00e7\u00e3o da cidade, as comunidades latino-americanas de Boston continuam a fazer <a href=\"https:\/\/www.boston.gov\/news\/celebrating-latino-heritage-month\">contribui\u00e7\u00f5es impactantes<\/a> para o tecido cultural da \u00e1rea como um todo. Celebrar essas contribui\u00e7\u00f5es pode ser feito durante este m\u00eas e al\u00e9m, apoiando essas comunidades de outras maneiras.<\/p>\n<p>Em 2022, <a href=\"https:\/\/www.boston.com\/community\/community\/here-are-hispanic-owned-businesses-to-support-in-greater-boston\/\">Boston.com compartilhou um guia para<\/a> empresas e organiza\u00e7\u00f5es locais de propriedade hisp\u00e2nica favoritas dos leitores. Em homenagem ao M\u00eas da Heran\u00e7a Hisp\u00e2nica, ajude-nos a atualizar esta lista compartilhando seus favoritos na \u00e1rea da Grande Boston.<\/p>\n<p>Preencha a pesquisa abaixo ou envie um e-mail para <a href=\"http:\/\/www.boston.com\/cdn-cgi\/l\/email-protection#62010d0f0f170c0b161b22000d11160d0c4c010d0f5d111700080701165f2403140d100b16074750522a0b1112030c0b014f0d150c07064750520017110b0c07111107114e4750520d1005030c0b1803160b0d0c11\"><span class=\"__cf_email__\" data-cfemail=\"6a090507071f04031e132a0805191e050444090507\">[email\u00a0protected]<\/span><\/a>e sua resposta pode aparecer em um pr\u00f3ximo artigo do Boston.com.<\/p>\n<div class=\"gf_browser_chrome gform_wrapper m-gforms-form gravity-theme\" data-overline=\"Readers weigh in\" data-overline-confirmation=\"Poll results\" id=\"gform_wrapper m-gforms-form_4010\">\n<p><h2 class=\"gform_title\">Conte-nos sobre seus neg\u00f3cios hisp\u00e2nicos favoritos na Grande Boston<\/h2>\n<p>                            <span class=\"gform_description\"\/>\n                        <\/p>\n<\/p><\/div>\n<div class=\"m-block m-generic-cta\t m-generic-cta--post-content\t m-generic-cta--dark\t m-generic-cta--homepage\t m-generic-cta--email-signup\t\t m-generic-cta-block-style--default \tt-amp__generic-cta\"><\/p>\n<div class=\"m-generic-cta__wrap\">\n<div class=\"m-generic-cta__content\">\n<h3 class=\"m-generic-cta__title\">Precisa de planos para o fim de semana?<\/h3>\n<p class=\"m-generic-cta__subtitle\">As melhores coisas para fazer na cidade, entregues na sua caixa de entrada.<\/p>\n<\/p><\/div>\n<\/p><\/div>\n<\/div><\/div>\n<p><script>\n\t\tvar consent=\"grant\";\n\t\t\/* The above code is parsing the JSON data from the local storage and storing it in a variable. *\/\n\t\t\t\t\tconst onetrustStorageConsent = JSON.parse(localStorage.getItem( 'consent_one_trust_bdc' ) );\n\t\t\tif ( ( onetrustStorageConsent !== null ) ) {\n\t\t\t\t\/* Checking to see if the user has consented to the use of cookies.\n\t\t\t\t* If they have not, it is deleting the cookie.\n\t\t\t\t* This will comment for now, until further notice.\n\t\t\t\t*\/\n\t\t\t\t\/\/if ( onetrustStorageConsent.C0002 === false ) {\n\t\t\t\t\/\/\tdocument.cookie=\"_fbp=;expires=Thu, 01 Jan 2010 00:00:00 UTC; path=\/; domain=.boston.com\";\n\t\t\t\t\/\/}\n\t\t\t\t\/* Checking if the user has given consent for the cookie C0002.\n\t\t\t\t* If the user has given consent, the variable consent will be set to 'grant'.\n\t\t\t\t* If the user has not given consent,the variable consent will be set to 'revoke'.\n\t\t\t\t* Documentation https:\/\/developers.facebook.com\/docs\/meta-pixel\/implementation\/gdpr\n\t\t\t\t*\/\n\t\t\t\tif ( onetrustStorageConsent.C0002 !== true ) {\n\t\t\t\t\tconsent=\"revoke\";\n\t\t\t\t}\n\t\t\t}\n\t\t\t\t!function(f,b,e,v,n,t,s)\n\t\t{if(f.fbq)return;n=f.fbq=function(){n.callMethod?\n\t\tn.callMethod.apply(n,arguments):n.queue.push(arguments)};\n\t\tif(!f._fbq)f._fbq=n;n.push=n;n.loaded=!0;n.version='2.0';\n\t\tn.queue=[];t=b.createElement(e);t.async=!0;\n\t\tt.src=v;s=b.getElementsByTagName(e)[0];\n\t\ts.parentNode.insertBefore(t,s)}(window, document,'script',\n\t\t'https:\/\/connect.facebook.net\/en_US\/fbevents.js');\n\t\tfbq('consent', consent);\n\t\tfbq('init', '989222871864976');\n\t\tfbq('track', 'PageView');\n\t<\/script><script type=\"module\">\n\t\tvar consent=\"grant\";\n\t\t\/* The above code is parsing the JSON data from the local storage and storing it in a variable. *\/\n\t\t\tconst onetrustStorageConsent = JSON.parse(localStorage.getItem( 'consent_one_trust_bdc' ) );\n\t\t\t\/* Checking to see if the user has consented to the use of cookies.\n\t\t\t* If they have not, it is deleting the cookie.\n\t\t\t* This will comment for now, until further notice.\n\t\t\t*\/\n\t\t\t\/\/if ( onetrustStorageConsent.C0002 === false ) {\n\t\t\t\/\/\tdocument.cookie=\"_fbp=;expires=Thu, 01 Jan 2010 00:00:00 UTC; path=\/; domain=.boston.com\";\n\t\t\t\/\/}\n\t\t\t\/* Checking if the user has given consent for the cookie C0002.\n\t\t\t* If the user has given consent, the variable consent will be set to 'grant'.\n\t\t\t* If the user has not given consent,the variable consent will be set to 'revoke'.\n\t\t\t* Documentation https:\/\/developers.facebook.com\/docs\/meta-pixel\/implementation\/gdpr\n\t\t\t*\/\n\t\t\tif ( ( onetrustStorageConsent !== null ) && (onetrustStorageConsent.C0002 !== true ) ) {\n\t\t\t\tconsent=\"revoke\";\n\t\t\t}\n\t\t\t\t!function(f,b,e,v,n,t,s){if(f.fbq)return;n=f.fbq=function()\n\t\t{n.callMethod? n.callMethod.apply(n,arguments):n.queue.push(arguments)}\n\t\t;if(!f._fbq)f._fbq=n;\n\t\tn.push=n;n.loaded=!0;n.version='2.0';n.queue=[];t=b.createElement(e);t.async=!0;\n\t\tt.src=v;s=b.getElementsByTagName(e)[0];s.parentNode.insertBefore(t,s)}(window,\n\t\tdocument,'script','https:\/\/connect.facebook.net\/en_US\/fbevents.js');\n\t\tfbq('consent', consent);\n\t\tfbq('init', '813236348753005');\n\t\tfbq('track', \"PageView\");\n\t<\/script><script async src=\"\/\/www.instagram.com\/embed.js\"><\/script><br \/>\n<br \/><br \/>\n<br \/><a href=\"https:\/\/www.boston.com\/community\/tell-us\/2024\/09\/11\/share-your-favorite-hispanic-owned-businesses-in-greater-boston\/\">Source link <\/a><\/p>","protected":false},"excerpt":{"rendered":"<p>Diga-nos Compartilhe os restaurantes, empresas, organiza\u00e7\u00f5es sem fins lucrativos e organiza\u00e7\u00f5es que voc\u00ea ama. Artistas do Aqua Sol Serano, da Hyde Square Task Force Youth in Action, dan\u00e7am ao som&hellip;<\/p>","protected":false},"author":1,"featured_media":35668,"comment_status":"closed","ping_status":"open","sticky":false,"template":"","format":"standard","meta":{"content-type":"","footnotes":""},"categories":[1],"tags":[],"class_list":["post-35667","post","type-post","status-publish","format-standard","has-post-thumbnail","hentry","category-uncategorized"],"_links":{"self":[{"href":"https:\/\/tvbrazilusa.com\/pt\/wp-json\/wp\/v2\/posts\/35667","targetHints":{"allow":["GET"]}}],"collection":[{"href":"https:\/\/tvbrazilusa.com\/pt\/wp-json\/wp\/v2\/posts"}],"about":[{"href":"https:\/\/tvbrazilusa.com\/pt\/wp-json\/wp\/v2\/types\/post"}],"author":[{"embeddable":true,"href":"https:\/\/tvbrazilusa.com\/pt\/wp-json\/wp\/v2\/users\/1"}],"replies":[{"embeddable":true,"href":"https:\/\/tvbrazilusa.com\/pt\/wp-json\/wp\/v2\/comments?post=35667"}],"version-history":[{"count":1,"href":"https:\/\/tvbrazilusa.com\/pt\/wp-json\/wp\/v2\/posts\/35667\/revisions"}],"predecessor-version":[{"id":35669,"href":"https:\/\/tvbrazilusa.com\/pt\/wp-json\/wp\/v2\/posts\/35667\/revisions\/35669"}],"wp:featuredmedia":[{"embeddable":true,"href":"https:\/\/tvbrazilusa.com\/pt\/wp-json\/wp\/v2\/media\/35668"}],"wp:attachment":[{"href":"https:\/\/tvbrazilusa.com\/pt\/wp-json\/wp\/v2\/media?parent=35667"}],"wp:term":[{"taxonomy":"category","embeddable":true,"href":"https:\/\/tvbrazilusa.com\/pt\/wp-json\/wp\/v2\/categories?post=35667"},{"taxonomy":"post_tag","embeddable":true,"href":"https:\/\/tvbrazilusa.com\/pt\/wp-json\/wp\/v2\/tags?post=35667"}],"curies":[{"name":"wp","href":"https:\/\/api.w.org\/{rel}","templated":true}]}}