{"id":35670,"date":"2024-09-11T20:15:44","date_gmt":"2024-09-11T20:15:44","guid":{"rendered":"https:\/\/tvbrazilusa.com\/2024\/09\/11\/policia-federal-ouve-a-vitima-de-uma-nova-denuncia-contra-silvio-almeida-e-submete-a-investigacao-ao-stf\/"},"modified":"2024-09-11T20:15:45","modified_gmt":"2024-09-11T20:15:45","slug":"policia-federal-ouve-a-vitima-de-uma-nova-denuncia-contra-silvio-almeida-e-submete-a-investigacao-ao-stf","status":"publish","type":"post","link":"https:\/\/tvbrazilusa.com\/pt\/2024\/09\/11\/policia-federal-ouve-a-vitima-de-uma-nova-denuncia-contra-silvio-almeida-e-submete-a-investigacao-ao-stf\/","title":{"rendered":"Pol\u00edcia Federal ouve a v\u00edtima de uma nova den\u00fancia contra Silvio Almeida e submete a investiga\u00e7\u00e3o ao STF"},"content":{"rendered":"<p> <script async src=\"https:\/\/pagead2.googlesyndication.com\/pagead\/js\/adsbygoogle.js?client=ca-pub-8864793242727901\"\r\n     crossorigin=\"anonymous\"><\/script><br \/>\n<\/p>\n<div id=\"taboola-read-more\" style=\"display:block; width:100%\">\n<p>Na ter\u00e7a-feira (10), a Pol\u00edcia Federal (PF) recebeu uma nova den\u00fancia de ass\u00e9dio sexual contra o ex-ministro de Direitos Humanos, Silvio Almeida. A suposta v\u00edtima prestou depoimento aos investigadores no \u00e2mbito da investiga\u00e7\u00e3o preliminar que foi aberta sobre o caso.<\/p>\n<p>A partir de agora, a Pol\u00edcia Federal encaminhar\u00e1 a apura\u00e7\u00e3o preliminar ao Supremo Tribunal Federal (STF) para que a corte se manifeste sobre a compet\u00eancia do caso, uma vez que a jurisprud\u00eancia sobre foro n\u00e3o \u00e9 pac\u00edfica. O objetivo dos investigadores \u00e9 prevenir qualquer poss\u00edvel nulidade processual.<\/p>\n<p>Caso o STF decida que o processo deve tramitar na corte, a investiga\u00e7\u00e3o preliminar ser\u00e1 transformada em inqu\u00e9rito.<\/p>\n<p>Na semana passada, o movimento Me Too Brasil, que apoia v\u00edtimas de viol\u00eancia sexual, revelou ter recebido den\u00fancias de ass\u00e9dio envolvendo Silvio Almeida, que nega as acusa\u00e7\u00f5es.<\/p>\n<p>Entre os alvos das den\u00fancias estaria a ministra da Igualdade Racial, Anielle Franco, que confirmou em reuni\u00e3o com o presidente Lula ter sido v\u00edtima de importuna\u00e7\u00e3o sexual por parte de Almeida. A informa\u00e7\u00e3o sobre as den\u00fancias foi inicialmente divulgada pelo site \u201cMetr\u00f3poles\u201d.<\/p>\n<p>Em resposta \u00e0s den\u00fancias, a Pol\u00edcia Federal iniciou uma investiga\u00e7\u00e3o preliminar e solicitou informa\u00e7\u00f5es \u00e0 organiza\u00e7\u00e3o Me Too Brasil, \u00e0 Corregedoria-Geral da Uni\u00e3o (CGU) e \u00e0 Advocacia-Geral da Uni\u00e3o (AGU). A den\u00fancia resultou na demiss\u00e3o de Almeida do cargo de ministro.<\/p>\n<p><strong>Gazeta Brasil<\/strong><\/p>\n<\/p><\/div>\n<p><br \/>\n<br \/><a href=\"https:\/\/diariodobrasilnoticias.com.br\/noticia\/-policia-federal-ouve-a-vitima-de-uma-nova-denuncia-contra-silvio-almeida-e-submete-a-investigacao-ao-stf-66e1dcbe7a656\">Source link <\/a><\/p>","protected":false},"excerpt":{"rendered":"<p>Na ter\u00e7a-feira (10), a Pol\u00edcia Federal (PF) recebeu uma nova den\u00fancia de ass\u00e9dio sexual contra o ex-ministro de Direitos Humanos, Silvio Almeida. A suposta v\u00edtima prestou depoimento aos investigadores no&hellip;<\/p>","protected":false},"author":1,"featured_media":35671,"comment_status":"closed","ping_status":"open","sticky":false,"template":"","format":"standard","meta":{"content-type":"","footnotes":""},"categories":[16],"tags":[123,2448,5313,1267],"class_list":["post-35670","post","type-post","status-publish","format-standard","has-post-thumbnail","hentry","category-noticias","tag-brasil","tag-diario","tag-noticia","tag-noticias"],"_links":{"self":[{"href":"https:\/\/tvbrazilusa.com\/pt\/wp-json\/wp\/v2\/posts\/35670","targetHints":{"allow":["GET"]}}],"collection":[{"href":"https:\/\/tvbrazilusa.com\/pt\/wp-json\/wp\/v2\/posts"}],"about":[{"href":"https:\/\/tvbrazilusa.com\/pt\/wp-json\/wp\/v2\/types\/post"}],"author":[{"embeddable":true,"href":"https:\/\/tvbrazilusa.com\/pt\/wp-json\/wp\/v2\/users\/1"}],"replies":[{"embeddable":true,"href":"https:\/\/tvbrazilusa.com\/pt\/wp-json\/wp\/v2\/comments?post=35670"}],"version-history":[{"count":1,"href":"https:\/\/tvbrazilusa.com\/pt\/wp-json\/wp\/v2\/posts\/35670\/revisions"}],"predecessor-version":[{"id":35672,"href":"https:\/\/tvbrazilusa.com\/pt\/wp-json\/wp\/v2\/posts\/35670\/revisions\/35672"}],"wp:featuredmedia":[{"embeddable":true,"href":"https:\/\/tvbrazilusa.com\/pt\/wp-json\/wp\/v2\/media\/35671"}],"wp:attachment":[{"href":"https:\/\/tvbrazilusa.com\/pt\/wp-json\/wp\/v2\/media?parent=35670"}],"wp:term":[{"taxonomy":"category","embeddable":true,"href":"https:\/\/tvbrazilusa.com\/pt\/wp-json\/wp\/v2\/categories?post=35670"},{"taxonomy":"post_tag","embeddable":true,"href":"https:\/\/tvbrazilusa.com\/pt\/wp-json\/wp\/v2\/tags?post=35670"}],"curies":[{"name":"wp","href":"https:\/\/api.w.org\/{rel}","templated":true}]}}