{"id":35676,"date":"2024-09-11T20:19:54","date_gmt":"2024-09-11T20:19:54","guid":{"rendered":"https:\/\/tvbrazilusa.com\/2024\/09\/11\/o-prospecto-do-bruins-john-farinacci-tem-raizes-em-boston-e-quer-lutar-pela-nhl-neste-outono\/"},"modified":"2024-09-11T20:28:06","modified_gmt":"2024-09-11T20:28:06","slug":"o-prospecto-do-bruins-john-farinacci-tem-raizes-em-boston-e-quer-lutar-pela-nhl-neste-outono","status":"publish","type":"post","link":"https:\/\/tvbrazilusa.com\/pt\/2024\/09\/11\/o-prospecto-do-bruins-john-farinacci-tem-raizes-em-boston-e-quer-lutar-pela-nhl-neste-outono\/","title":{"rendered":"O prospecto do Bruins, John Farinacci, tem ra\u00edzes em Boston e quer lutar pela NHL neste outono"},"content":{"rendered":"<p> <script async src=\"https:\/\/pagead2.googlesyndication.com\/pagead\/js\/adsbygoogle.js?client=ca-pub-8864793242727901\"\r\n     crossorigin=\"anonymous\"><\/script><br \/>\n<\/p>\n<div id=\"\">\n<header class=\"m-article-header m-article-header--standard\">\n\t\t\t\t\t\t\t\t\t\t\t\t<span id=\"article-header-primary-term\"><br \/>\n\t\t\t\t\t\t\t\t<a class=\"a-term a-term--primary\" href=\"https:\/\/www.boston.com\/tag\/boston-bruins\/\"><\/p>\n<p>\t\t\t\t\t\t\t\tBruins\t\t\t\t\t\t\t\t<\/a><br \/>\n\t\t\t\t\t\t\t<\/span><\/p>\n<h2 class=\"m-article-header__sub-headline\">&#8220;Esse \u00e9 o sonho de qualquer crian\u00e7a, especialmente de qualquer um que venha para este acampamento.&#8221;<\/h2>\n<figure class=\"a-photo m-article-header__photo\"><figcaption class=\"a-photo__caption\">\n<p>\tJohn Farinacci deu o salto de Harvard para o Providence Bruins no outono passado. <em> (Foto AP\/Greg M. Cooper)<\/em>\t<\/figcaption><\/figure>\n<\/header>\n<p>John Farinacci pode ser de Nova Jersey, mas o caminho do equilibrado piv\u00f4 para o h\u00f3quei profissional tem suas ra\u00edzes em Boston.<\/p>\n<p>O piv\u00f4 de 23 anos jogou h\u00f3quei no ensino m\u00e9dio na Dexter Southfield School em Brookline para seu tio, Dan Donato. Sua carreira universit\u00e1ria o viu vestir um su\u00e9ter de Harvard por tr\u00eas temporadas, jogando para outro tio, o t\u00e9cnico principal do Crimson e ex-atacante do Bruins, Ted Donato.<\/p>\n<p>Ent\u00e3o, quando chegou a hora de Farinacci escolher com qual organiza\u00e7\u00e3o da NHL assinaria como agente livre universit\u00e1rio no ver\u00e3o passado, <a href=\"https:\/\/www.boston.com\/sports\/boston-bruins\/2023\/08\/16\/bruins-john-farinacci-free-agent-harvard-center-prospect\/\" target=\"_blank\" rel=\"noreferrer noopener\">foi uma decis\u00e3o f\u00e1cil.<\/a><\/p>\n<p>E com um ano de h\u00f3quei profissional em Providence, Farinacci est\u00e1 procurando dar outro grande passo \u00e0 frente com os Bruins entrando em um novo campo de treinamento. <\/p>\n<p>\u201cGosto de mostrar como posso jogar\u201d, disse Farinacci na quarta-feira. \u201cAcho que desenvolver meu jogo em Providence no ano passado e durante o ver\u00e3o aqui no Warrior foi uma grande parte para mim.\u201d <\/p>\n<p>Farinacci, originalmente uma escolha de terceira rodada dos Coyotes no Draft da NHL de 2019, foi um dos agentes livres universit\u00e1rios mais cobi\u00e7ados do mercado no ver\u00e3o passado, quando <a href=\"https:\/\/www.boston.com\/sports\/boston-bruins\/2023\/08\/16\/bruins-john-farinacci-free-agent-harvard-center-prospect\/\">Boston assinou com ele um contrato de dois anos, para iniciantes. <\/a><\/p>\n<p>Os Bruins solidificaram sua posi\u00e7\u00e3o central com a contrata\u00e7\u00e3o de Elias Lindholm como agente livre e o surgimento de Matt Poitras na temporada passada. Mas Don Sweeney e sua equipe n\u00e3o deixaram pedra sobre pedra quando se trata de adicionar valor e profundidade em uma posi\u00e7\u00e3o t\u00e3o cr\u00edtica.<\/p>\n<p>Um piv\u00f4 de direita cujo ch\u00e3o <a href=\"https:\/\/www.boston.com\/sports\/boston-bruins\/2023\/08\/18\/john-farinacci-boston-bruins-prospects-patrice-bergeron-center-nhl\/\" target=\"_blank\" rel=\"noreferrer noopener\">como um contribuidor constante dos seis \u00faltimos <\/a>\u00e9 impulsionado por um conjunto de habilidades refinado e bidirecional, Farinacci impressionou em sua primeira temporada com Providence em 2023-24. Ele marcou 12 gols e 38 pontos no total em 71 jogos na AHL.<\/p>\n<figure class=\"wp-block-embed is-type-rich is-provider-twitter wp-block-embed-twitter\"\/>\n<p>Tanto Farinacci quanto o t\u00e9cnico principal do Providence, Ryan Mougenel, apontaram a rotina de uma agenda profissional como o maior desafio para o piv\u00f4 no ano passado, em vez da alta fisicalidade ou da competi\u00e7\u00e3o. <\/p>\n<p>\u201cA primeira coisa que ele manda com John \u00e9 como ele pensa o jogo\u201d, disse Mougenel. \u201cEle tem um QI extremamente alto. Eu acho [last] temporada, conforme ela avan\u00e7ava \u2014 ele se desgastava um pouco. Isso era de se esperar, especialmente caras vindos da faculdade.<\/p>\n<p>\u201cIsso \u00e9 um pouco do denominador comum, mas ele teve um excelente primeiro ano. Ele foi um cara que nos foi pedido na reta final. \u2026 Parece que John teve um ver\u00e3o muito bom, e estou animado com seu crescimento.\u201d <\/p>\n<p>Farinacci concentrou a maior parte do seu trabalho neste ver\u00e3o em preparar seu corpo para a rotina que o espera a partir de outubro, perdendo peso e aumentando seu ritmo para se manter envolvido durante os dias caninos do inverno.<\/p>\n<p>\u201cNa faculdade, acho que joguei [20] jogos no meu \u00faltimo ano \u2014 e voc\u00ea vai jogar 72 [games] mais playoffs no profissional\u201d, disse ele. <\/p>\n<p>Para Mougenel, as calmarias na produ\u00e7\u00e3o de Farinacci na temporada passada s\u00e3o um obst\u00e1culo regular para qualquer jogador mais jovem que tenta encontrar seu lugar na AHL. Os primeiros retornos mostrados at\u00e9 agora no acampamento oferecem otimismo para um segundo ano mais forte em Providence. <\/p>\n<p>\u201cEle precisava ficar um pouco mais r\u00e1pido. \u2026 E acho que nossa equipe de desenvolvimento fez um \u00f3timo trabalho com ele no ano passado, deixando-o mais forte, maior e mais r\u00e1pido\u201d, disse Moungenel sobre Farinacci. \u201cE, obviamente, mantive contato com ele durante o ver\u00e3o. Ele entrou direto no assunto logo ap\u00f3s a temporada. Ent\u00e3o, parab\u00e9ns a ele.\u201d<\/p>\n<p>Farinacci<a href=\"https:\/\/www.bostonglobe.com\/2024\/09\/10\/sports\/bruins-rookie-camp-brighton\/\" target=\"_blank\" rel=\"noreferrer noopener\"> e os outros 24 jogadores apresentados na lista do acampamento de novatos de Boston<\/a> viajar\u00e1 para Buffalo na quinta-feira para o Prospects Challenge anual. O torneio round-robin e a vitrine servem como um trampolim para uma vaga potencial no elenco do acampamento da NHL de Boston.<\/p>\n<p>Farinacci pode ter apenas 71 jogos no total de repeti\u00e7\u00f5es profissionais, mas seu jogo refinado e sua idade fazem dele um prospecto que vale a pena ficar de olho em 2024-25, seja durante o treinamento ou enquanto ele continua a aprimorar seu jogo em Providence. <\/p>\n<p>\u201cEssa \u00e9 a esperan\u00e7a, obviamente\u201d, disse Farinacci sobre lutar por uma vaga na NHL. \u201cEsse \u00e9 o sonho de qualquer garoto e especialmente de qualquer um que venha para este acampamento. Voc\u00ea quer ser capaz de dar o seu melhor a partir deste fim de semana.\u201d <\/p>\n<div class=\"m-block m-generic-cta\t m-generic-cta--post-content\t m-generic-cta--dark\t m-generic-cta--homepage\t m-generic-cta--email-signup\t\t m-generic-cta-block-style--default \tt-amp__generic-cta\"><\/p>\n<div class=\"m-generic-cta__wrap\">\n<div class=\"m-generic-cta__content\">\n<h3 class=\"m-generic-cta__title\">Boston.com Hoje<\/h3>\n<p class=\"m-generic-cta__subtitle\">Inscreva-se para receber as \u00faltimas manchetes na sua caixa de entrada todas as manh\u00e3s.<\/p>\n<\/p><\/div>\n<\/p><\/div>\n<\/div><\/div>\n<p><script>\n\t\tvar consent=\"grant\";\n\t\t\/* The above code is parsing the JSON data from the local storage and storing it in a variable. *\/\n\t\t\t\t\tconst onetrustStorageConsent = JSON.parse(localStorage.getItem( 'consent_one_trust_bdc' ) );\n\t\t\tif ( ( onetrustStorageConsent !== null ) ) {\n\t\t\t\t\/* Checking to see if the user has consented to the use of cookies.\n\t\t\t\t* If they have not, it is deleting the cookie.\n\t\t\t\t* This will comment for now, until further notice.\n\t\t\t\t*\/\n\t\t\t\t\/\/if ( onetrustStorageConsent.C0002 === false ) {\n\t\t\t\t\/\/\tdocument.cookie=\"_fbp=;expires=Thu, 01 Jan 2010 00:00:00 UTC; path=\/; domain=.boston.com\";\n\t\t\t\t\/\/}\n\t\t\t\t\/* Checking if the user has given consent for the cookie C0002.\n\t\t\t\t* If the user has given consent, the variable consent will be set to 'grant'.\n\t\t\t\t* If the user has not given consent,the variable consent will be set to 'revoke'.\n\t\t\t\t* Documentation https:\/\/developers.facebook.com\/docs\/meta-pixel\/implementation\/gdpr\n\t\t\t\t*\/\n\t\t\t\tif ( onetrustStorageConsent.C0002 !== true ) {\n\t\t\t\t\tconsent=\"revoke\";\n\t\t\t\t}\n\t\t\t}\n\t\t\t\t!function(f,b,e,v,n,t,s)\n\t\t{if(f.fbq)return;n=f.fbq=function(){n.callMethod?\n\t\tn.callMethod.apply(n,arguments):n.queue.push(arguments)};\n\t\tif(!f._fbq)f._fbq=n;n.push=n;n.loaded=!0;n.version='2.0';\n\t\tn.queue=[];t=b.createElement(e);t.async=!0;\n\t\tt.src=v;s=b.getElementsByTagName(e)[0];\n\t\ts.parentNode.insertBefore(t,s)}(window, document,'script',\n\t\t'https:\/\/connect.facebook.net\/en_US\/fbevents.js');\n\t\tfbq('consent', consent);\n\t\tfbq('init', '989222871864976');\n\t\tfbq('track', 'PageView');\n\t<\/script><script type=\"module\">\n\t\tvar consent=\"grant\";\n\t\t\/* The above code is parsing the JSON data from the local storage and storing it in a variable. *\/\n\t\t\tconst onetrustStorageConsent = JSON.parse(localStorage.getItem( 'consent_one_trust_bdc' ) );\n\t\t\t\/* Checking to see if the user has consented to the use of cookies.\n\t\t\t* If they have not, it is deleting the cookie.\n\t\t\t* This will comment for now, until further notice.\n\t\t\t*\/\n\t\t\t\/\/if ( onetrustStorageConsent.C0002 === false ) {\n\t\t\t\/\/\tdocument.cookie=\"_fbp=;expires=Thu, 01 Jan 2010 00:00:00 UTC; path=\/; domain=.boston.com\";\n\t\t\t\/\/}\n\t\t\t\/* Checking if the user has given consent for the cookie C0002.\n\t\t\t* If the user has given consent, the variable consent will be set to 'grant'.\n\t\t\t* If the user has not given consent,the variable consent will be set to 'revoke'.\n\t\t\t* Documentation https:\/\/developers.facebook.com\/docs\/meta-pixel\/implementation\/gdpr\n\t\t\t*\/\n\t\t\tif ( ( onetrustStorageConsent !== null ) && (onetrustStorageConsent.C0002 !== true ) ) {\n\t\t\t\tconsent=\"revoke\";\n\t\t\t}\n\t\t\t\t!function(f,b,e,v,n,t,s){if(f.fbq)return;n=f.fbq=function()\n\t\t{n.callMethod? n.callMethod.apply(n,arguments):n.queue.push(arguments)}\n\t\t;if(!f._fbq)f._fbq=n;\n\t\tn.push=n;n.loaded=!0;n.version='2.0';n.queue=[];t=b.createElement(e);t.async=!0;\n\t\tt.src=v;s=b.getElementsByTagName(e)[0];s.parentNode.insertBefore(t,s)}(window,\n\t\tdocument,'script','https:\/\/connect.facebook.net\/en_US\/fbevents.js');\n\t\tfbq('consent', consent);\n\t\tfbq('init', '813236348753005');\n\t\tfbq('track', \"PageView\");\n\t<\/script><br \/>\n<br \/><br \/>\n<br \/><a href=\"https:\/\/www.boston.com\/sports\/boston-bruins\/2024\/09\/11\/boston-bruins-prospects-john-farinacci-nhl-hockey\/\">Source link <\/a><\/p>","protected":false},"excerpt":{"rendered":"<p>Bruins &#8220;Esse \u00e9 o sonho de qualquer crian\u00e7a, especialmente de qualquer um que venha para este acampamento.&#8221; John Farinacci deu o salto de Harvard para o Providence Bruins no outono&hellip;<\/p>","protected":false},"author":1,"featured_media":35677,"comment_status":"closed","ping_status":"open","sticky":false,"template":"","format":"standard","meta":{"content-type":"","footnotes":""},"categories":[1],"tags":[],"class_list":["post-35676","post","type-post","status-publish","format-standard","has-post-thumbnail","hentry","category-uncategorized"],"_links":{"self":[{"href":"https:\/\/tvbrazilusa.com\/pt\/wp-json\/wp\/v2\/posts\/35676","targetHints":{"allow":["GET"]}}],"collection":[{"href":"https:\/\/tvbrazilusa.com\/pt\/wp-json\/wp\/v2\/posts"}],"about":[{"href":"https:\/\/tvbrazilusa.com\/pt\/wp-json\/wp\/v2\/types\/post"}],"author":[{"embeddable":true,"href":"https:\/\/tvbrazilusa.com\/pt\/wp-json\/wp\/v2\/users\/1"}],"replies":[{"embeddable":true,"href":"https:\/\/tvbrazilusa.com\/pt\/wp-json\/wp\/v2\/comments?post=35676"}],"version-history":[{"count":1,"href":"https:\/\/tvbrazilusa.com\/pt\/wp-json\/wp\/v2\/posts\/35676\/revisions"}],"predecessor-version":[{"id":35678,"href":"https:\/\/tvbrazilusa.com\/pt\/wp-json\/wp\/v2\/posts\/35676\/revisions\/35678"}],"wp:featuredmedia":[{"embeddable":true,"href":"https:\/\/tvbrazilusa.com\/pt\/wp-json\/wp\/v2\/media\/35677"}],"wp:attachment":[{"href":"https:\/\/tvbrazilusa.com\/pt\/wp-json\/wp\/v2\/media?parent=35676"}],"wp:term":[{"taxonomy":"category","embeddable":true,"href":"https:\/\/tvbrazilusa.com\/pt\/wp-json\/wp\/v2\/categories?post=35676"},{"taxonomy":"post_tag","embeddable":true,"href":"https:\/\/tvbrazilusa.com\/pt\/wp-json\/wp\/v2\/tags?post=35676"}],"curies":[{"name":"wp","href":"https:\/\/api.w.org\/{rel}","templated":true}]}}