{"id":35682,"date":"2024-09-11T20:37:23","date_gmt":"2024-09-11T20:37:23","guid":{"rendered":"https:\/\/tvbrazilusa.com\/2024\/09\/11\/brasil-e-responsavel-por-76-dos-incendios-na-america-do-sul-aponta-inpe\/"},"modified":"2024-09-11T20:37:24","modified_gmt":"2024-09-11T20:37:24","slug":"brasil-e-responsavel-por-76-dos-incendios-na-america-do-sul-aponta-inpe","status":"publish","type":"post","link":"https:\/\/tvbrazilusa.com\/pt\/2024\/09\/11\/brasil-e-responsavel-por-76-dos-incendios-na-america-do-sul-aponta-inpe\/","title":{"rendered":"Brasil \u00e9 respons\u00e1vel por 76% dos inc\u00eandios na Am\u00e9rica do Sul, aponta Inpe"},"content":{"rendered":"<p> <script async src=\"https:\/\/pagead2.googlesyndication.com\/pagead\/js\/adsbygoogle.js?client=ca-pub-8864793242727901\"\r\n     crossorigin=\"anonymous\"><\/script><br \/>\n<\/p>\n<div id=\"conex-1240194007\" data-conex-trackid=\"156781\" data-conex-trackbid=\"1\">\n<p>O bioma Cerrado, com 2.489 focos, ultrapassou a Amaz\u00f4nia em n\u00famero de inc\u00eandios. A diretora do Instituto de Pesquisa Ambiental da Amaz\u00f4nia (Ipam), Ane Alencar, expressou preocupa\u00e7\u00e3o com a antecipa\u00e7\u00e3o do per\u00edodo cr\u00edtico de queimadas. Ela alegou que o cen\u00e1rio se agravou devido a fen\u00f4menos clim\u00e1ticos como El Ni\u00f1o, seguidos de La Ni\u00f1a, e o aquecimento global, al\u00e9m de poss\u00edveis a\u00e7\u00f5es humanas.<\/p>\n<div id=\"conex-1820774135\" class=\"conex-inline-2-3-desktop\">\n<p>At\u00e9 os primeiros dias de setembro, foram registrados 37.492 focos de inc\u00eandio no pa\u00eds, mais que o dobro do mesmo per\u00edodo em 2023, quando foram contabilizados 15.613 focos. Estados como Goi\u00e1s e Mato Grosso t\u00eam enfrentado inc\u00eandios em unidades de conserva\u00e7\u00e3o, como o Parque Nacional da Chapada dos Veadeiros e \u00e1reas do ICMBio, afetando milhares de hectares.<\/p>\n<div id=\"conex-275172564\" class=\"conex-inline-3-4-desktop\">\n<p>\u00a0<\/p>\n<div class=\"conex-target\" data-conex-trackid=\"156799\" data-conex-trackbid=\"1\">Al\u00e9m do impacto ambiental, o aumento dos inc\u00eandios tem gerado casos de polui\u00e7\u00e3o do ar e doen\u00e7as respirat\u00f3rias, levando o Minist\u00e9rio da Sa\u00fade a mobilizar a For\u00e7a Nacional do SUS para auxiliar os Estados e munic\u00edpios na mitiga\u00e7\u00e3o dos efeitos das queimadas na sa\u00fade p\u00fablica.<\/div>\n<p>\u00a0<\/p>\n<p>Um relat\u00f3rio obtido pelo Conex\u00e3o Pol\u00edtica mostra que o SUS, desde o m\u00eas de maio, passou a priorizar atendimentos de pessoas com doen\u00e7as respirat\u00f3rias. O documento reporta que as entradas para essas doen\u00e7as (s\u00edndrome gripal, pneumonia, resfriado) somaram 1.334 no acumulado do m\u00eas, representando um quarto dos atendimentos (25%).<\/p>\n<div class=\"conex-target\" data-conex-trackid=\"156799\" data-conex-trackbid=\"1\">\n<p>Quest\u00f5es envolvendo doen\u00e7as de pele, como alergias, tamb\u00e9m integraram parte dos quadros mais atendidos pelos profissionais da FN-SUS, que em maio protocolaram mais de 5 mil atendimentos.<\/p>\n<\/div>\n<p>\u00a0<\/p>\n<p><strong>Conex\u00e3o Pol\u00edtica\u00a0<\/strong><\/p>\n<\/div>\n<\/div>\n<\/div>\n<p><br \/>\n<br \/><a href=\"https:\/\/diariodobrasilnoticias.com.br\/noticia\/brasil-e-responsavel-por-76-dos-incendios-na-america-do-sul-aponta-inpe-66e1db443c48c\">Source link <\/a><\/p>","protected":false},"excerpt":{"rendered":"<p>O bioma Cerrado, com 2.489 focos, ultrapassou a Amaz\u00f4nia em n\u00famero de inc\u00eandios. A diretora do Instituto de Pesquisa Ambiental da Amaz\u00f4nia (Ipam), Ane Alencar, expressou preocupa\u00e7\u00e3o com a antecipa\u00e7\u00e3o&hellip;<\/p>","protected":false},"author":1,"featured_media":35683,"comment_status":"closed","ping_status":"open","sticky":false,"template":"","format":"standard","meta":{"content-type":"","footnotes":""},"categories":[16],"tags":[123,2448,5313,1267],"class_list":["post-35682","post","type-post","status-publish","format-standard","has-post-thumbnail","hentry","category-noticias","tag-brasil","tag-diario","tag-noticia","tag-noticias"],"_links":{"self":[{"href":"https:\/\/tvbrazilusa.com\/pt\/wp-json\/wp\/v2\/posts\/35682","targetHints":{"allow":["GET"]}}],"collection":[{"href":"https:\/\/tvbrazilusa.com\/pt\/wp-json\/wp\/v2\/posts"}],"about":[{"href":"https:\/\/tvbrazilusa.com\/pt\/wp-json\/wp\/v2\/types\/post"}],"author":[{"embeddable":true,"href":"https:\/\/tvbrazilusa.com\/pt\/wp-json\/wp\/v2\/users\/1"}],"replies":[{"embeddable":true,"href":"https:\/\/tvbrazilusa.com\/pt\/wp-json\/wp\/v2\/comments?post=35682"}],"version-history":[{"count":1,"href":"https:\/\/tvbrazilusa.com\/pt\/wp-json\/wp\/v2\/posts\/35682\/revisions"}],"predecessor-version":[{"id":35684,"href":"https:\/\/tvbrazilusa.com\/pt\/wp-json\/wp\/v2\/posts\/35682\/revisions\/35684"}],"wp:featuredmedia":[{"embeddable":true,"href":"https:\/\/tvbrazilusa.com\/pt\/wp-json\/wp\/v2\/media\/35683"}],"wp:attachment":[{"href":"https:\/\/tvbrazilusa.com\/pt\/wp-json\/wp\/v2\/media?parent=35682"}],"wp:term":[{"taxonomy":"category","embeddable":true,"href":"https:\/\/tvbrazilusa.com\/pt\/wp-json\/wp\/v2\/categories?post=35682"},{"taxonomy":"post_tag","embeddable":true,"href":"https:\/\/tvbrazilusa.com\/pt\/wp-json\/wp\/v2\/tags?post=35682"}],"curies":[{"name":"wp","href":"https:\/\/api.w.org\/{rel}","templated":true}]}}