{"id":35715,"date":"2024-09-11T21:29:56","date_gmt":"2024-09-11T21:29:56","guid":{"rendered":"https:\/\/tvbrazilusa.com\/2024\/09\/11\/logan-e-hayes-comentam-debate-presidencial\/"},"modified":"2024-09-11T22:17:10","modified_gmt":"2024-09-11T22:17:10","slug":"logan-e-hayes-comentam-debate-presidencial","status":"publish","type":"post","link":"https:\/\/tvbrazilusa.com\/pt\/2024\/09\/11\/logan-e-hayes-comentam-debate-presidencial\/","title":{"rendered":"Logan e Hayes comentam debate presidencial"},"content":{"rendered":"<script async src=\"https:\/\/pagead2.googlesyndication.com\/pagead\/js\/adsbygoogle.js?client=ca-pub-8864793242727901\"\r\n     crossorigin=\"anonymous\"><\/script>\n<p>CONNECTICUT (WTNH) \u2014 Na disputa pelo 5\u00ba Distrito Congressional de Connecticut, George Logan e Jahana Hayes est\u00e3o falando sobre o debate presidencial \u2014 onde a economia e o custo de vida ocuparam o centro do palco.<\/p>\n<div class=\"nlp-ignore-block article-content rich-text\">\n<aside class=\"promo-link\">\n\t<a href=\"https:\/\/www.wtnh.com\/news\/elections\/george-logan-to-have-rematch-against-jahana-hayes-for-5th-district\/?ipid=promo-link-block1\" class=\"promo-link__link\" target=\"\"_blank\"\"><\/p>\n<p>\t\tGeorge Logan ter\u00e1 revanche contra Jahana Hayes pelo 5\u00ba Distrito\t<\/a><br \/>\n<\/aside>\n<\/div>\n<p>Hayes, uma congressista democrata em exerc\u00edcio que busca um quarto mandato em Washington, est\u00e1 enfrentando uma revanche acirrada com Logan, um ex-senador estadual que chegou a um ponto percentual de ganhar a cadeira em 2022.<\/p>\n<p>Sobre a economia, Hayes apoia amplamente as pol\u00edticas do candidato presidencial de seu partido. No palco do debate, Harris destacou sua proposta para um cr\u00e9dito tribut\u00e1rio permanente para crian\u00e7as.<\/p>\n<p>\u201cPretendo estender um corte de impostos para essas fam\u00edlias de seis mil d\u00f3lares, que \u00e9 o maior cr\u00e9dito tribut\u00e1rio infantil que j\u00e1 demos em muito tempo\u201d, disse Harris.<\/p>\n<p>\u201cEu apoio totalmente isso\u201d, disse Hayes sobre o plano. \u201cEu tenho sido um defensor ferrenho de tornar permanente o cr\u00e9dito tribut\u00e1rio infantil. Ent\u00e3o, expandi-lo e faz\u00ea-lo atingir mais americanos e mais pessoas no meu distrito \u00e9 algo que eu apoiaria totalmente.\u201d<\/p>\n<p>Questionado se apoiaria ou n\u00e3o um plano de cr\u00e9dito tribut\u00e1rio infantil de Harris, George Logan levantou preocupa\u00e7\u00f5es sobre custo e financiamento.<\/p>\n<p>\u201cComo ela vai pagar por isso?\u201d Logan perguntou. \u201cSe a maneira de pagar por isso \u00e9 com impostos mais altos. Se eles v\u00e3o esperar que as pessoas que est\u00e3o tendo dificuldade para pagar suas compras agora paguem por outro programa inchado, eu vou ter um problema com isso.\u201d<\/p>\n<div class=\"nlp-ignore-block article-content rich-text\">\n<aside class=\"promo-link\">\n\t<a href=\"https:\/\/www.wtnh.com\/news\/connecticut\/connecticut-voters-to-decide-on-absentee-ballot-amendment-this-fall\/?ipid=promo-link-block2\" class=\"promo-link__link\" target=\"\"_blank\"\"><\/p>\n<p>\t\tEleitores de Connecticut decidir\u00e3o sobre emenda de voto ausente neste outono\t<\/a><br \/>\n<\/aside>\n<\/div>\n<p>As propostas econ\u00f4micas do ex-presidente Trump incluem a introdu\u00e7\u00e3o de tarifas gerais sobre importa\u00e7\u00f5es estrangeiras. O ex-presidente argumenta que essas tarifas ajudariam a aumentar a competitividade da ind\u00fastria americana e ajudariam os Estados Unidos a aumentar receitas que poderiam ser usadas para financiar cortes de impostos. <\/p>\n<p>O governo Biden-Harris manteve muitas das tarifas da era Trump, mas os cr\u00edticos das propostas atuais do ex-presidente, incluindo muitos economistas, dizem que um programa de tarifas generalizadas acabaria aumentando os pre\u00e7os ao consumidor.<\/p>\n<p>\u201cUma tarifa \u00e9 um costume, um dever, \u00e9 um imposto e n\u00e3o h\u00e1\u2026 mais nada para cham\u00e1-lo\u201d, disse Hayes. \u201cSeria repassado diretamente ao povo americano e ser\u00edamos n\u00f3s que o pagar\u00edamos.\u201d<\/p>\n<p>George Logan diz que discorda do indicado de seu partido sobre o assunto.<\/p>\n<p>\u201cPara ser claro, n\u00e3o sou a favor de tarifas gerais\u201d, disse Logan. Ele explicou que v\u00ea tarifas mais direcionadas como \u201cparte da equa\u00e7\u00e3o de melhorar nossa economia\u201d. <\/p>\n<div class=\"nlp-ignore-block article-content rich-text\">\n<aside class=\"promo-link\">\n\t<a href=\"https:\/\/www.wtnh.com\/news\/connecticut\/hartford\/summit-highlights-connecticuts-workforce-challenges\/?ipid=promo-link-block3\" class=\"promo-link__link\" target=\"\"_blank\"\"><\/p>\n<p>\t\tA c\u00fapula destaca os desafios da for\u00e7a de trabalho de Connecticut\t<\/a><br \/>\n<\/aside>\n<\/div>\n<p>No geral, os dois candidatos do Quinto Distrito tiveram opini\u00f5es muito diferentes sobre os indicados de seus respectivos partidos.<\/p>\n<p>O News 8 perguntou a Logan e Hayes se o debate de ter\u00e7a-feira lhes deu confian\u00e7a na capacidade do candidato presidencial de seu partido de liderar o pa\u00eds.<\/p>\n<p>Hayes, que foi uma das primeiras a apoiar a campanha presidencial de 2020 da ent\u00e3o senadora Harris, reiterou fortemente seu apoio ao vice-presidente.<\/p>\n<p>\u201cA noite passada confirmou o que eu j\u00e1 sabia, que Kamala Harris \u00e9 a melhor escolha para liderar este pa\u00eds daqui para frente e acho que milh\u00f5es de americanos viram isso\u201d, disse Hayes.<\/p>\n<p>Logan, que j\u00e1 havia dito ao News 8 que planeja votar no ex-presidente Trump, n\u00e3o disse diretamente se tinha ou n\u00e3o confian\u00e7a na capacidade do ex-presidente Trump de liderar o pa\u00eds, optando por se concentrar na administra\u00e7\u00e3o atual.<\/p>\n<p>\u201cO que eu tenho certeza \u00e9 que n\u00e3o podemos pagar mais quatro anos de Biden-omics estendidos\u201d, disse Logan. \u201cN\u00e3o podemos pagar mais quatro anos de custos mais altos com mantimentos, aluguel, pagamentos de hipoteca, gasolina.\u201d<\/p>\n<p>A vota\u00e7\u00e3o antecipada em Connecticut come\u00e7a em 21 de outubro e o dia da elei\u00e7\u00e3o \u00e9 5 de novembro.<\/p>\n<p><br \/>\n<br \/><a href=\"https:\/\/www.wtnh.com\/news\/politics\/logan-hayes-weigh-in-on-presidential-debate\/\">Source link <\/a><\/p>","protected":false},"excerpt":{"rendered":"<p>CONNECTICUT (WTNH) \u2014 Na disputa pelo 5\u00ba Distrito Congressional de Connecticut, George Logan e Jahana Hayes est\u00e3o falando sobre o debate presidencial \u2014 onde a economia e o custo de&hellip;<\/p>","protected":false},"author":1,"featured_media":35716,"comment_status":"closed","ping_status":"open","sticky":false,"template":"","format":"standard","meta":{"content-type":"","footnotes":""},"categories":[1],"tags":[],"class_list":["post-35715","post","type-post","status-publish","format-standard","has-post-thumbnail","hentry","category-uncategorized"],"_links":{"self":[{"href":"https:\/\/tvbrazilusa.com\/pt\/wp-json\/wp\/v2\/posts\/35715","targetHints":{"allow":["GET"]}}],"collection":[{"href":"https:\/\/tvbrazilusa.com\/pt\/wp-json\/wp\/v2\/posts"}],"about":[{"href":"https:\/\/tvbrazilusa.com\/pt\/wp-json\/wp\/v2\/types\/post"}],"author":[{"embeddable":true,"href":"https:\/\/tvbrazilusa.com\/pt\/wp-json\/wp\/v2\/users\/1"}],"replies":[{"embeddable":true,"href":"https:\/\/tvbrazilusa.com\/pt\/wp-json\/wp\/v2\/comments?post=35715"}],"version-history":[{"count":1,"href":"https:\/\/tvbrazilusa.com\/pt\/wp-json\/wp\/v2\/posts\/35715\/revisions"}],"predecessor-version":[{"id":35717,"href":"https:\/\/tvbrazilusa.com\/pt\/wp-json\/wp\/v2\/posts\/35715\/revisions\/35717"}],"wp:featuredmedia":[{"embeddable":true,"href":"https:\/\/tvbrazilusa.com\/pt\/wp-json\/wp\/v2\/media\/35716"}],"wp:attachment":[{"href":"https:\/\/tvbrazilusa.com\/pt\/wp-json\/wp\/v2\/media?parent=35715"}],"wp:term":[{"taxonomy":"category","embeddable":true,"href":"https:\/\/tvbrazilusa.com\/pt\/wp-json\/wp\/v2\/categories?post=35715"},{"taxonomy":"post_tag","embeddable":true,"href":"https:\/\/tvbrazilusa.com\/pt\/wp-json\/wp\/v2\/tags?post=35715"}],"curies":[{"name":"wp","href":"https:\/\/api.w.org\/{rel}","templated":true}]}}