{"id":35740,"date":"2024-09-11T23:48:23","date_gmt":"2024-09-11T23:48:23","guid":{"rendered":"https:\/\/tvbrazilusa.com\/2024\/09\/11\/pgr-defende-que-o-stf-rejeite-a-acao-que-contesta-a-decisao-de-moraes-sobre-a-suspensao-do-x\/"},"modified":"2024-09-11T23:48:25","modified_gmt":"2024-09-11T23:48:25","slug":"pgr-defende-que-o-stf-rejeite-a-acao-que-contesta-a-decisao-de-moraes-sobre-a-suspensao-do-x","status":"publish","type":"post","link":"https:\/\/tvbrazilusa.com\/pt\/2024\/09\/11\/pgr-defende-que-o-stf-rejeite-a-acao-que-contesta-a-decisao-de-moraes-sobre-a-suspensao-do-x\/","title":{"rendered":"PGR defende que o STF rejeite a a\u00e7\u00e3o que contesta a decis\u00e3o de Moraes sobre a suspens\u00e3o do X"},"content":{"rendered":"<p> <script async src=\"https:\/\/pagead2.googlesyndication.com\/pagead\/js\/adsbygoogle.js?client=ca-pub-8864793242727901\"\r\n     crossorigin=\"anonymous\"><\/script><br \/>\n<\/p>\n<div id=\"taboola-read-more\" style=\"display:block; width:100%\">\n<p>A Procuradoria-Geral da Rep\u00fablica (PGR) defendeu que o Supremo Tribunal Federal (STF) rejeite as a\u00e7\u00f5es que questionam a decis\u00e3o do ministro Alexandre de Moraes suspendendo a rede social X no Brasil.<\/p>\n<p>Na manifesta\u00e7\u00e3o, o procurador-geral da Rep\u00fablica, Paulo Gonet, discute a validade deste tipo de a\u00e7\u00e3o \u2013 ADPF \u2013 contra decis\u00f5es tomadas por ministros ou pela Turma. O parecer foi dado em dois pedidos, um do partido Novo e outro da Ordem dos Advogados do Brasil (OAB), para que a decis\u00e3o de Moraes fosse revertida.<\/p>\n<p>&#8220;Resulta, enfim, que nem sequer em tese \u00e9 admiss\u00edvel a argui\u00e7\u00e3o de descumprimento de preceito fundamental contra decis\u00e3o judicial do Supremo Tribunal Federal. Sendo essa a conclus\u00e3o, as argui\u00e7\u00f5es em ep\u00edgrafes merecem o mesmo desfecho do n\u00e3o conhecimento, cabendo a extin\u00e7\u00e3o dos feitos sem exame de m\u00e9rito, com preju\u00edzo do pedido de liminar&#8221;, disse Gonet no parecer.<\/p>\n<p>Na manifesta\u00e7\u00e3o, Gonet pondera que &#8220;se contra a decis\u00e3o judicial do STF a ordem processual admite algum recurso, este h\u00e1 de ser o procedimento cab\u00edvel para que o pr\u00f3prio STF reveja a sua delibera\u00e7\u00e3o. N\u00e3o havendo mais recurso, a decis\u00e3o se torna definitiva, como decis\u00e3o da Corte, suficiente em si para expressar a posi\u00e7\u00e3o do STF para todos os fins devidos&#8221;.<\/p>\n<p>De acordo com o procurador-geral da Rep\u00fablica, uma decis\u00e3o do Supremo Tribunal Federal n\u00e3o pode ser objeto de uma argui\u00e7\u00e3o de descumprimento de preceito fundamental, a ADPF.<\/p>\n<p>&#8220;Meios de controle de constitucionalidade na\u0303o podem ser exercidos contra ato da pro\u0301pria Corte incumbida de dizer o que e\u0301 constitucional e de aplicar a Lei Maior. A ser de outro modo, haveria que se admitir situac\u0327a\u0303o tangente a\u0300 irrisa\u0303o, como a do ajuizamento de arguic\u0327a\u0303o de descumprimento de preceito fundamental contra decisa\u0303o do STF que haja resolvido o me\u0301rito de uma ac\u0327a\u0303o direta de inconstitucionalidade, por exemplo&#8221;, defende o PGR.<\/p>\n<h2>A\u00e7\u00f5es com Nunes Marques<\/h2>\n<p>O \u00f3rg\u00e3o foi provocado na \u00faltima quinta-feira pelo ministro Nunes Marques, relator dos pedidos sobre o tema apresentados pelo partido Novo e pela OAB.<\/p>\n<p>No \u00faltimo dia 30 de agosto o ministro Alexandre de Moraes determinou o bloqueio do X no Brasil. O ministro enviou sua decis\u00e3o para referendo, mas escolheu a Primeira Turma, e n\u00e3o o plen\u00e1rio. No colegiado menor, formado por cinco ministros, a determina\u00e7\u00e3o foi confirmada por unanimidade.<\/p>\n<p>A a\u00e7\u00e3o do Novo, apresentada na segunda-feira, questiona o bloqueio em si do X. J\u00e1 a da OAB, protocolada na ter\u00e7a-feira, contesta a multa de R$ 50 mil que foi estabelecida para quem recorrer a &#8220;subterf\u00fagios tecnol\u00f3gicos&#8221; para continuar acessando a rede social, como utilizar uma rede privada (VPN, na sigla em ingl\u00eas).<\/p>\n<p>Nunes Marques deu cinco dias para que PGR e a AGU se manifestassem nessas a\u00e7\u00f5es . No mesmo despacho, o minstro afirmou que os processos deveriam ser analisados pelo plen\u00e1rio da Corte. De acordo com o ministro, o tema \u00e9 &#8220;sens\u00edvel&#8221; e causa &#8220;especial repercuss\u00e3o para a ordem p\u00fablica e social&#8221;.<\/p>\n<p>&#8220;A controv\u00e9rsia constitucional veiculada nesta argui\u00e7\u00e3o \u00e9 sens\u00edvel e dotada de especial repercuss\u00e3o para a ordem p\u00fablica e social, de modo que reputo pertinente submet\u00ea-la \u00e0 aprecia\u00e7\u00e3o e ao pronunciamento do Plen\u00e1rio do Supremo Tribunal Federal&#8221;, escreveu o ministro.<\/p>\n<p>Em nota ap\u00f3s a divulga\u00e7\u00e3o do despacho, a assessoria do STF afirmou que a decis\u00e3o final ser\u00e1 do plen\u00e1rio, mas que n\u00e3o h\u00e1 prazo para essa avalia\u00e7\u00e3o e que Nunes Marques pode tomar uma decis\u00e3o monocr\u00e1tica antes disso.<\/p>\n<p>&#8220;A interpreta\u00e7\u00e3o de que levar\u00e1 diretamente ao plen\u00e1rio e que h\u00e1 prazo para isso est\u00e1 equivocada. A decis\u00e3o deve ser lida de modo global, e o que o ministro disse \u00e9 que ao final a decis\u00e3o definitiva deve ser do colegiado. Isso n\u00e3o impede, por\u00e9m, que haja eventual decis\u00e3o monocr\u00e1tica antes e que o ministro tenha indicado algum tipo de prazo para isso&#8221;, informou a assessoria.<\/p>\n<p><strong>O Globo\u00a0<\/strong><\/p>\n<\/p><\/div>\n<p><br \/>\n<br \/><a href=\"https:\/\/diariodobrasilnoticias.com.br\/noticia\/-pgr-defende-que-o-stf-rejeite-a-acao-que-contesta-a-decisao-de-moraes-sobre-a-suspensao-do-x-66e207148dc0d\">Source link <\/a><\/p>","protected":false},"excerpt":{"rendered":"<p>A Procuradoria-Geral da Rep\u00fablica (PGR) defendeu que o Supremo Tribunal Federal (STF) rejeite as a\u00e7\u00f5es que questionam a decis\u00e3o do ministro Alexandre de Moraes suspendendo a rede social X no&hellip;<\/p>","protected":false},"author":1,"featured_media":35741,"comment_status":"closed","ping_status":"open","sticky":false,"template":"","format":"standard","meta":{"content-type":"","footnotes":""},"categories":[16],"tags":[123,2448,5313,1267],"class_list":["post-35740","post","type-post","status-publish","format-standard","has-post-thumbnail","hentry","category-noticias","tag-brasil","tag-diario","tag-noticia","tag-noticias"],"_links":{"self":[{"href":"https:\/\/tvbrazilusa.com\/pt\/wp-json\/wp\/v2\/posts\/35740","targetHints":{"allow":["GET"]}}],"collection":[{"href":"https:\/\/tvbrazilusa.com\/pt\/wp-json\/wp\/v2\/posts"}],"about":[{"href":"https:\/\/tvbrazilusa.com\/pt\/wp-json\/wp\/v2\/types\/post"}],"author":[{"embeddable":true,"href":"https:\/\/tvbrazilusa.com\/pt\/wp-json\/wp\/v2\/users\/1"}],"replies":[{"embeddable":true,"href":"https:\/\/tvbrazilusa.com\/pt\/wp-json\/wp\/v2\/comments?post=35740"}],"version-history":[{"count":1,"href":"https:\/\/tvbrazilusa.com\/pt\/wp-json\/wp\/v2\/posts\/35740\/revisions"}],"predecessor-version":[{"id":35742,"href":"https:\/\/tvbrazilusa.com\/pt\/wp-json\/wp\/v2\/posts\/35740\/revisions\/35742"}],"wp:featuredmedia":[{"embeddable":true,"href":"https:\/\/tvbrazilusa.com\/pt\/wp-json\/wp\/v2\/media\/35741"}],"wp:attachment":[{"href":"https:\/\/tvbrazilusa.com\/pt\/wp-json\/wp\/v2\/media?parent=35740"}],"wp:term":[{"taxonomy":"category","embeddable":true,"href":"https:\/\/tvbrazilusa.com\/pt\/wp-json\/wp\/v2\/categories?post=35740"},{"taxonomy":"post_tag","embeddable":true,"href":"https:\/\/tvbrazilusa.com\/pt\/wp-json\/wp\/v2\/tags?post=35740"}],"curies":[{"name":"wp","href":"https:\/\/api.w.org\/{rel}","templated":true}]}}