{"id":35746,"date":"2024-09-11T23:48:02","date_gmt":"2024-09-11T23:48:02","guid":{"rendered":"https:\/\/tvbrazilusa.com\/2024\/09\/11\/a-forma-como-a-policia-de-miami-dade-lidou-com-a-situacao-de-tyreek-hill-foi-ultrajante-diz-jogador-dos-patriots\/"},"modified":"2024-09-12T00:01:09","modified_gmt":"2024-09-12T00:01:09","slug":"a-forma-como-a-policia-de-miami-dade-lidou-com-a-situacao-de-tyreek-hill-foi-ultrajante-diz-jogador-dos-patriots","status":"publish","type":"post","link":"https:\/\/tvbrazilusa.com\/pt\/2024\/09\/11\/a-forma-como-a-policia-de-miami-dade-lidou-com-a-situacao-de-tyreek-hill-foi-ultrajante-diz-jogador-dos-patriots\/","title":{"rendered":"A forma como a pol\u00edcia de Miami-Dade lidou com a situa\u00e7\u00e3o de Tyreek Hill foi &#8220;ultrajante&#8221;, diz jogador dos Patriots"},"content":{"rendered":"<p> <script async src=\"https:\/\/pagead2.googlesyndication.com\/pagead\/js\/adsbygoogle.js?client=ca-pub-8864793242727901\"\r\n     crossorigin=\"anonymous\"><\/script><br \/>\n<\/p>\n<div id=\"\">\n<header class=\"m-article-header m-article-header--standard\">\n\t\t\t\t\t\t\t\t\t\t\t\t<span id=\"article-header-primary-term\"><br \/>\n\t\t\t\t\t\t\t\t<a class=\"a-term a-term--primary\" href=\"https:\/\/www.boston.com\/tag\/new-england-patriots\/\"><\/p>\n<p>\t\t\t\t\t\t\t\tPatriotas\t\t\t\t\t\t\t\t<\/a><br \/>\n\t\t\t\t\t\t\t<\/span><\/p>\n<h2 class=\"m-article-header__sub-headline\">\u201cEles agiram como se (Tyreek) tivesse assassinado algu\u00e9m.\u201d<\/h2>\n<figure class=\"a-photo m-article-header__photo\"><figcaption class=\"a-photo__caption\">\n<p>\tColina Tyreek<em> Departamento de Pol\u00edcia de Miami-Dade via AP<\/em>\t<\/figcaption><\/figure>\n<\/header>\n<div class=\"m-block t-amp__list-container m-article-list-container m-article-list-container--frame-border a-border-frame  a-list-header__headline--red m-article-list--alternative--default  m-article-list--floated\">\n<ul class=\"t-amp__list a-list--no-style m-article-list m-article-list--recirculation m-article-list--has-images\">\n<li class=\"m-article-list__item m-article-list__item--featured\">\n\t\t\t\t<a class=\"m-article-list__link-wrapper\" href=\"https:\/\/www.boston.com\/sports\/new-england-patriots\/2024\/09\/11\/patriots-take-them-to-the-hill-rallying-cry-jerod-mayo-comments\/\" data-p1=\"article_recirc_inline_feature\"><br \/>\n\t\t\t\t<img fetchpriority=\"high\" decoding=\"async\" width=\"768\" height=\"432\" src=\"https:\/\/bdc2020.o0bc.com\/wp-content\/uploads\/2024\/09\/5MMJ33JVQ7ZLTL3BNMUQ65OXOE-66e21ffe85801-768x432.jpg\" class=\"t-amp__list-image m-article-list__image m-article-list__image--full wp-post-image\" alt=\"\" aria-hidden=\"true\" srcset=\"https:\/\/bdc2020.o0bc.com\/wp-content\/uploads\/2024\/09\/5MMJ33JVQ7ZLTL3BNMUQ65OXOE-66e21ffe85801-768x432.jpg?width=200 200w, https:\/\/bdc2020.o0bc.com\/wp-content\/uploads\/2024\/09\/5MMJ33JVQ7ZLTL3BNMUQ65OXOE-66e21ffe85801-768x432.jpg?width=300 300w, https:\/\/bdc2020.o0bc.com\/wp-content\/uploads\/2024\/09\/5MMJ33JVQ7ZLTL3BNMUQ65OXOE-66e21ffe85801-768x432.jpg?width=400 400w, https:\/\/bdc2020.o0bc.com\/wp-content\/uploads\/2024\/09\/5MMJ33JVQ7ZLTL3BNMUQ65OXOE-66e21ffe85801-768x432.jpg?width=500 500w, https:\/\/bdc2020.o0bc.com\/wp-content\/uploads\/2024\/09\/5MMJ33JVQ7ZLTL3BNMUQ65OXOE-66e21ffe85801-768x432.jpg?width=600 600w, https:\/\/bdc2020.o0bc.com\/wp-content\/uploads\/2024\/09\/5MMJ33JVQ7ZLTL3BNMUQ65OXOE-66e21ffe85801-768x432.jpg?width=700 700w, https:\/\/bdc2020.o0bc.com\/wp-content\/uploads\/2024\/09\/5MMJ33JVQ7ZLTL3BNMUQ65OXOE-66e21ffe85801-768x432.jpg?width=800 800w, https:\/\/bdc2020.o0bc.com\/wp-content\/uploads\/2024\/09\/5MMJ33JVQ7ZLTL3BNMUQ65OXOE-66e21ffe85801-768x432.jpg?width=900 900w\" sizes=\"(max-width: 768px) 100vw, 768px\"\/>\t\t\t\t\t<\/p>\n<p><h4 class=\"m-article-list__headline t-amp__list-headline\">\n\t\t\t\t\t\t\t<span class=\"m-article-list__link a-link a-link--inline a-link--text-link a-link--text-link-dark\"><\/p>\n<p>\t\t\t\t\t\t\tJerod Mayo explica o grito de guerra dos Patriots: &#8220;Leve-os para a colina&#8221;\t\t\t\t\t\t\t<\/span><br \/>\n\t\t\t\t\t\t<\/h4>\n<\/p>\n<p>\t\t\t\t<\/a>\n\t\t\t<\/li>\n<li class=\"m-article-list__item\">\n\t\t\t\t\t\t<a class=\"m-article-list__link-wrapper\" href=\"https:\/\/www.boston.com\/sports\/new-england-patriots\/2024\/09\/11\/julian-edelman-bill-belichick-nfl-football-new-york-giants-brian-daboll\/\" data-p1=\"article_recirc_inline_feed\"><\/p>\n<p><h4 class=\"m-article-list__headline\">\n\t\t\t\t\t\t\t\t\t<span class=\"m-article-list__link a-link a-link--inline a-link--text-link a-link--text-link-dark\"><\/p>\n<p>\t\t\t\t\t\t\t\t\tJulian Edelman prev\u00ea que Bill Belichick acabar\u00e1 treinando este time da NFL\t\t\t\t\t\t\t\t\t<\/span><br \/>\n\t\t\t\t\t\t\t\t<\/h4>\n<\/p>\n<p>\t\t\t\t\t\t<\/a>\n\t\t\t\t\t<\/li>\n<\/ul>\n<\/div>\n<p>A estrela dos Dolphins, Tyreek Hill, foi presa a caminho da abertura da temporada de Miami, e as imagens da pris\u00e3o chamaram a aten\u00e7\u00e3o <a href=\"https:\/\/www.bostonglobe.com\/2024\/09\/10\/sports\/dolphins-react-tyreek-hill-traffic-stop\/?p1=BGSearch_Overlay_Results\">emo\u00e7\u00f5es fortes de muitas pessoas.<\/a><\/p>\n<p>Considere o jogador de linha defensiva dos Patriots <a href=\"https:\/\/www.boston.com\/sports\/new-england-patriots\/2024\/09\/08\/new-england-patriots-bengals-upset-underdog-davon-godchaux\/\">Davon Godchaux<\/a>que tamb\u00e9m \u00e9 ex-jogador dos Dolphins, entre eles. <\/p>\n<p>Godchaux contou<a href=\"https:\/\/www.masslive.com\/patriots\/2024\/09\/key-patriots-defender-has-plenty-to-say-about-tyreek-hill-incident.html\"> Karen Guregian do MassLive<\/a> que ele acreditava que a forma como a pol\u00edcia lidou com a situa\u00e7\u00e3o estava fora de controle. <\/p>\n<p>O v\u00eddeo mostrou policiais arrancando Hill do carro e for\u00e7ando-o a cair de cara no ch\u00e3o durante uma blitz de tr\u00e2nsito.<\/p>\n<p>\u201cIsso foi ultrajante. Eles agiram como se (Tyreek) tivesse assassinado algu\u00e9m\u201d, Godchaux disse ao MassLive. \u201cIsso foi desnecess\u00e1rio, tir\u00e1-lo do carro, colocar a m\u00e3o em volta do pesco\u00e7o dele no ch\u00e3o. (Tyreek) disse que tinha acabado de fazer uma cirurgia no joelho ou algo assim. Ent\u00e3o foi desnecess\u00e1rio, cara. Tem que haver algum tipo de consequ\u00eancia.\u201d<\/p>\n<p>Hill deu sua perspectiva sobre o incidente durante sua disponibilidade para a m\u00eddia na quarta-feira. Ele pediu que os policiais envolvidos fossem demitidos. Hill n\u00e3o foi o \u00fanico jogador dos Dolphins a ser preso naquele dia.<\/p>\n<p>Hill conseguiu jogar no jogo e imitou a pris\u00e3o durante uma de suas comemora\u00e7\u00f5es de touchdown. Mas a situa\u00e7\u00e3o n\u00e3o era motivo de riso, disse Godchaux.<\/p>\n<p>\u201cIsso poderia ter acontecido com qualquer um, como Tyreek tem 1,65 m, 1,73 m, tanto faz\u201d, disse Godchaux. \u201cEle n\u00e3o vai fazer nada. Ent\u00e3o Calais Campbell, Jonnu Smith, esses caras est\u00e3o checando seus companheiros de equipe, e eles v\u00e3o prender esses caras?<\/p>\n<p>\u201cEu me conhe\u00e7o, sou claustrof\u00f3bico, ent\u00e3o imaginei um policial empurrando minha cabe\u00e7a para o ch\u00e3o, um joelho nas minhas costas\u201d, Godchaux acrescentou. \u201cM\u00e3os atr\u00e1s das costas. Eu ficaria em p\u00e2nico&#8230; N\u00e3o sei como ele conseguiu ir jogar. Chap\u00e9u para ele. Eu teria ficado excitado.\u201d<\/p>\n<p>Hill admitiu que gostaria de ter retirado algumas de suas a\u00e7\u00f5es, como fechar a janela perto do in\u00edcio da intera\u00e7\u00e3o.<\/p>\n<p>\u201cEu diria que eu poderia ter sido melhor\u201d, disse Hill aos rep\u00f3rteres. \u201cEu poderia ter abaixado minha janela naquele momento. Mas a quest\u00e3o sobre mim \u00e9 que eu n\u00e3o quero aten\u00e7\u00e3o, eu n\u00e3o quero ser \u2014 c\u00e2meras desligadas, telefones em voc\u00ea, naquele momento,\u201d<\/p>\n<p>\u201cNo final do dia, sou humano, tenho que seguir regras, tenho que fazer o que todo mundo faria\u201d, Hill acrescentou. \u201cAgora, isso lhes d\u00e1 o direito de literalmente me espancar at\u00e9 a morte? Absolutamente n\u00e3o. Mas no final do dia, eu queria poder voltar e fazer as coisas um pouco diferente.\u201d<\/p>\n<p>Godchaux concordou que fechar a janela provavelmente n\u00e3o foi a melhor decis\u00e3o. <\/p>\n<p>\u201cEle provavelmente poderia ter lidado com isso de forma um pouco diferente, ele provavelmente poderia ter abaixado a janela\u201d, Godchaux disse ao MassLive. \u201cNo caso dele, por\u00e9m, eu posso ver por que ele abriu a janela. As pessoas estavam passando. Ele n\u00e3o queria que as pessoas soubessem quem ele era. Ele \u00e9 Tyreek Hill. Ele \u00e9 famoso. Muitas pessoas o amam em Miami.\u201d<\/p>\n<div class=\"m-block m-generic-cta\t m-generic-cta--post-content\t m-generic-cta--dark\t m-generic-cta--homepage\t m-generic-cta--email-signup\t\t m-generic-cta-block-style--default \tt-amp__generic-cta\"><\/p>\n<div class=\"m-generic-cta__wrap\">\n<div class=\"m-generic-cta__content\">\n<h3 class=\"m-generic-cta__title\">Inscreva-se para receber atualiza\u00e7\u00f5es dos Patriots\ud83c\udfc8<\/h3>\n<p class=\"m-generic-cta__subtitle\">Receba not\u00edcias de \u00faltima hora e an\u00e1lises na sua caixa de entrada durante a temporada de futebol.<\/p>\n<\/p><\/div>\n<\/p><\/div>\n<\/div><\/div>\n<p><script>\n\t\tvar consent=\"grant\";\n\t\t\/* The above code is parsing the JSON data from the local storage and storing it in a variable. *\/\n\t\t\t\t\tconst onetrustStorageConsent = JSON.parse(localStorage.getItem( 'consent_one_trust_bdc' ) );\n\t\t\tif ( ( onetrustStorageConsent !== null ) ) {\n\t\t\t\t\/* Checking to see if the user has consented to the use of cookies.\n\t\t\t\t* If they have not, it is deleting the cookie.\n\t\t\t\t* This will comment for now, until further notice.\n\t\t\t\t*\/\n\t\t\t\t\/\/if ( onetrustStorageConsent.C0002 === false ) {\n\t\t\t\t\/\/\tdocument.cookie=\"_fbp=;expires=Thu, 01 Jan 2010 00:00:00 UTC; path=\/; domain=.boston.com\";\n\t\t\t\t\/\/}\n\t\t\t\t\/* Checking if the user has given consent for the cookie C0002.\n\t\t\t\t* If the user has given consent, the variable consent will be set to 'grant'.\n\t\t\t\t* If the user has not given consent,the variable consent will be set to 'revoke'.\n\t\t\t\t* Documentation https:\/\/developers.facebook.com\/docs\/meta-pixel\/implementation\/gdpr\n\t\t\t\t*\/\n\t\t\t\tif ( onetrustStorageConsent.C0002 !== true ) {\n\t\t\t\t\tconsent=\"revoke\";\n\t\t\t\t}\n\t\t\t}\n\t\t\t\t!function(f,b,e,v,n,t,s)\n\t\t{if(f.fbq)return;n=f.fbq=function(){n.callMethod?\n\t\tn.callMethod.apply(n,arguments):n.queue.push(arguments)};\n\t\tif(!f._fbq)f._fbq=n;n.push=n;n.loaded=!0;n.version='2.0';\n\t\tn.queue=[];t=b.createElement(e);t.async=!0;\n\t\tt.src=v;s=b.getElementsByTagName(e)[0];\n\t\ts.parentNode.insertBefore(t,s)}(window, document,'script',\n\t\t'https:\/\/connect.facebook.net\/en_US\/fbevents.js');\n\t\tfbq('consent', consent);\n\t\tfbq('init', '989222871864976');\n\t\tfbq('track', 'PageView');\n\t<\/script><script type=\"module\">\n\t\tvar consent=\"grant\";\n\t\t\/* The above code is parsing the JSON data from the local storage and storing it in a variable. *\/\n\t\t\tconst onetrustStorageConsent = JSON.parse(localStorage.getItem( 'consent_one_trust_bdc' ) );\n\t\t\t\/* Checking to see if the user has consented to the use of cookies.\n\t\t\t* If they have not, it is deleting the cookie.\n\t\t\t* This will comment for now, until further notice.\n\t\t\t*\/\n\t\t\t\/\/if ( onetrustStorageConsent.C0002 === false ) {\n\t\t\t\/\/\tdocument.cookie=\"_fbp=;expires=Thu, 01 Jan 2010 00:00:00 UTC; path=\/; domain=.boston.com\";\n\t\t\t\/\/}\n\t\t\t\/* Checking if the user has given consent for the cookie C0002.\n\t\t\t* If the user has given consent, the variable consent will be set to 'grant'.\n\t\t\t* If the user has not given consent,the variable consent will be set to 'revoke'.\n\t\t\t* Documentation https:\/\/developers.facebook.com\/docs\/meta-pixel\/implementation\/gdpr\n\t\t\t*\/\n\t\t\tif ( ( onetrustStorageConsent !== null ) && (onetrustStorageConsent.C0002 !== true ) ) {\n\t\t\t\tconsent=\"revoke\";\n\t\t\t}\n\t\t\t\t!function(f,b,e,v,n,t,s){if(f.fbq)return;n=f.fbq=function()\n\t\t{n.callMethod? n.callMethod.apply(n,arguments):n.queue.push(arguments)}\n\t\t;if(!f._fbq)f._fbq=n;\n\t\tn.push=n;n.loaded=!0;n.version='2.0';n.queue=[];t=b.createElement(e);t.async=!0;\n\t\tt.src=v;s=b.getElementsByTagName(e)[0];s.parentNode.insertBefore(t,s)}(window,\n\t\tdocument,'script','https:\/\/connect.facebook.net\/en_US\/fbevents.js');\n\t\tfbq('consent', consent);\n\t\tfbq('init', '813236348753005');\n\t\tfbq('track', \"PageView\");\n\t<\/script><br \/>\n<br \/><br \/>\n<br \/><a href=\"https:\/\/www.boston.com\/sports\/new-england-patriots\/2024\/09\/11\/miami-dade-polices-handling-of-tyreek-hill-situation-was-outrageous-patriots-player-says\/\">Source link <\/a><\/p>","protected":false},"excerpt":{"rendered":"<p>Patriotas \u201cEles agiram como se (Tyreek) tivesse assassinado algu\u00e9m.\u201d Colina Tyreek Departamento de Pol\u00edcia de Miami-Dade via AP Jerod Mayo explica o grito de guerra dos Patriots: &#8220;Leve-os para a&hellip;<\/p>","protected":false},"author":1,"featured_media":35747,"comment_status":"closed","ping_status":"open","sticky":false,"template":"","format":"standard","meta":{"content-type":"","footnotes":""},"categories":[1],"tags":[],"class_list":["post-35746","post","type-post","status-publish","format-standard","has-post-thumbnail","hentry","category-uncategorized"],"_links":{"self":[{"href":"https:\/\/tvbrazilusa.com\/pt\/wp-json\/wp\/v2\/posts\/35746","targetHints":{"allow":["GET"]}}],"collection":[{"href":"https:\/\/tvbrazilusa.com\/pt\/wp-json\/wp\/v2\/posts"}],"about":[{"href":"https:\/\/tvbrazilusa.com\/pt\/wp-json\/wp\/v2\/types\/post"}],"author":[{"embeddable":true,"href":"https:\/\/tvbrazilusa.com\/pt\/wp-json\/wp\/v2\/users\/1"}],"replies":[{"embeddable":true,"href":"https:\/\/tvbrazilusa.com\/pt\/wp-json\/wp\/v2\/comments?post=35746"}],"version-history":[{"count":1,"href":"https:\/\/tvbrazilusa.com\/pt\/wp-json\/wp\/v2\/posts\/35746\/revisions"}],"predecessor-version":[{"id":35748,"href":"https:\/\/tvbrazilusa.com\/pt\/wp-json\/wp\/v2\/posts\/35746\/revisions\/35748"}],"wp:featuredmedia":[{"embeddable":true,"href":"https:\/\/tvbrazilusa.com\/pt\/wp-json\/wp\/v2\/media\/35747"}],"wp:attachment":[{"href":"https:\/\/tvbrazilusa.com\/pt\/wp-json\/wp\/v2\/media?parent=35746"}],"wp:term":[{"taxonomy":"category","embeddable":true,"href":"https:\/\/tvbrazilusa.com\/pt\/wp-json\/wp\/v2\/categories?post=35746"},{"taxonomy":"post_tag","embeddable":true,"href":"https:\/\/tvbrazilusa.com\/pt\/wp-json\/wp\/v2\/tags?post=35746"}],"curies":[{"name":"wp","href":"https:\/\/api.w.org\/{rel}","templated":true}]}}