{"id":35755,"date":"2024-09-12T00:06:28","date_gmt":"2024-09-12T00:06:28","guid":{"rendered":"https:\/\/tvbrazilusa.com\/2024\/09\/12\/4-licoes-aprendidas-com-a-reportagem-da-espn-sobre-as-tentativas-frustradas-de-robert-kraft-de-entrar-para-o-hall-da-fama-do-futebol-profissional\/"},"modified":"2024-09-12T00:22:19","modified_gmt":"2024-09-12T00:22:19","slug":"4-licoes-aprendidas-com-a-reportagem-da-espn-sobre-as-tentativas-frustradas-de-robert-kraft-de-entrar-para-o-hall-da-fama-do-futebol-profissional","status":"publish","type":"post","link":"https:\/\/tvbrazilusa.com\/pt\/2024\/09\/12\/4-licoes-aprendidas-com-a-reportagem-da-espn-sobre-as-tentativas-frustradas-de-robert-kraft-de-entrar-para-o-hall-da-fama-do-futebol-profissional\/","title":{"rendered":"4 li\u00e7\u00f5es aprendidas com a reportagem da ESPN sobre as tentativas frustradas de Robert Kraft de entrar para o Hall da Fama do Futebol Profissional"},"content":{"rendered":"<p> <script async src=\"https:\/\/pagead2.googlesyndication.com\/pagead\/js\/adsbygoogle.js?client=ca-pub-8864793242727901\"\r\n     crossorigin=\"anonymous\"><\/script><br \/>\n<\/p>\n<div id=\"\">\n<header class=\"m-article-header m-article-header--standard\">\n\t\t\t\t\t\t\t\t\t\t\t\t<span id=\"article-header-primary-term\"><br \/>\n\t\t\t\t\t\t\t\t<a class=\"a-term a-term--primary\" href=\"https:\/\/www.boston.com\/tag\/new-england-patriots\/\"><\/p>\n<p>\t\t\t\t\t\t\t\tPatriotas\t\t\t\t\t\t\t\t<\/a><br \/>\n\t\t\t\t\t\t\t<\/span><\/p>\n<h2 class=\"m-article-header__sub-headline\">Spygate e outras controv\u00e9rsias dos Patriots aparentemente prejudicaram a candidatura de Kraft ao Hall da Fama, de acordo com uma mat\u00e9ria investigativa da ESPN.<\/h2>\n<figure class=\"a-photo m-article-header__photo\"><figcaption class=\"a-photo__caption\">\n<p>\tRobert Kraft ainda n\u00e3o recebeu uma liga\u00e7\u00e3o para Canton, apesar de seu curr\u00edculo impressionante. <em> (Foto AP\/Michael Dwyer)<\/em>\t<\/figcaption><\/figure>\n<\/header>\n<p>Robert Kraft desempenhou um papel fundamental tanto na ascens\u00e3o dos Patriots como uma pot\u00eancia do futebol americano quanto em uma longa era de prosperidade para a NFL.<\/p>\n<p>Depois de comprar os Patriots em 1994,<a href=\"https:\/\/www.boston.com\/sports\/new-england-patriots\/2024\/01\/23\/robert-kraft-bought-the-patriots-1994\/\" target=\"_blank\" rel=\"noreferrer noopener\"> Kraft salvou a equipe de uma poss\u00edvel realoca\u00e7\u00e3o<\/a>investindo em uma franquia que ganhou seis Super Bowls atr\u00e1s de Tom Brady e Bill Belichick.<\/p>\n<p>Ele tamb\u00e9m <a href=\"https:\/\/www.bostonglobe.com\/magazine\/2012\/01\/01\/robert-kraft-saves-football\/CkyHbNQLivAfUSeRowC6nN\/story.html\" target=\"_blank\" rel=\"noreferrer noopener\">ajudou a acabar com o lockout da liga em 2011 <\/a>e desempenhou um papel fundamental em <a href=\"https:\/\/www.nbcsports.com\/nfl\/profootballtalk\/rumor-mill\/news\/roger-goodell-praises-robert-kraft-for-his-role-in-negotiating-tv-deals\" target=\"_blank\" rel=\"noreferrer noopener\">negociando acordos lucrativos de TV<\/a> para a NFL e v\u00e1rios grupos de propriet\u00e1rios. <\/p>\n<p>Ent\u00e3o, mesmo com essas m\u00faltiplas conquistas, por que Kraft, 83, n\u00e3o ganhou um lugar no Hall da Fama do Futebol Profissional?<a href=\"https:\/\/www.espn.com\/nfl\/story\/_\/id\/41073940\/the-secret-history-robert-kraft-hall-fame-quest\" target=\"_blank\" rel=\"noreferrer noopener\"> <\/a><\/p>\n<p><a href=\"https:\/\/www.espn.com\/nfl\/story\/_\/id\/41073940\/the-secret-history-robert-kraft-hall-fame-quest\" target=\"_blank\" rel=\"noreferrer noopener\">Don Van Natta Jr. da ESPN investigou as persegui\u00e7\u00f5es fracassadas de Kraft<\/a> de ser consagrado em Canton. Sua hist\u00f3ria detalha uma extensa campanha dos apoiadores de Kraft para que ele ganhasse sua jaqueta dourada, bem como a justificativa relatada para o motivo pelo qual ele n\u00e3o recebeu muito impulso ao longo dos anos dos eleitores do Hall da Fama.<\/p>\n<p>Aqui est\u00e3o quatro conclus\u00f5es do artigo detalhado de Van Natta sobre a busca da Kraft pelo Hall da Fama: <\/p>\n<h2 class=\"wp-block-heading\" id=\"h-spygate-continues-to-loom-large-for-voters\"><strong>Spygate continua a pairar sobre os eleitores<\/strong><\/h2>\n<p>Embora o curr\u00edculo de Kraft fale por si \u2014 especialmente quando comparado a outros propriet\u00e1rios j\u00e1 consagrados no Hall da Fama, como Jerry Jones, do Dallas \u2014 diversas controv\u00e9rsias ligadas aos Patriots ao longo dos anos aparentemente permanecem na mente dos eleitores quando se trata da candidatura de Kraft. <\/p>\n<p>Em particular, <a href=\"https:\/\/www.bostonglobe.com\/sports\/patriots\/2019\/01\/31\/separating-fact-from-fiction-spygate-and-super-bowl\/Byl4N6fIbIKPJ3sm51g9BN\/story.html\" target=\"_blank\" rel=\"noreferrer noopener\">\u201cSpygate\u201d aparentemente ainda \u00e9 um ponto de consterna\u00e7\u00e3o,<\/a> embora o esc\u00e2ndalo das grava\u00e7\u00f5es em v\u00eddeo de 2007 seja geralmente visto mais como uma acusa\u00e7\u00e3o a Belichick e \u00e0 comiss\u00e3o t\u00e9cnica dos Patriots do que \u00e0 propriedade do time.<\/p>\n<p>Ainda assim, Van Natta relatou que a mancha persistente do esc\u00e2ndalo Spygate prejudicou as chances de Kraft no Hall da Fama ao longo dos anos, com alguns eleitores acreditando que Kraft sabia muito mais sobre a grava\u00e7\u00e3o do que ele inicialmente deixou transparecer. <\/p>\n<p>\u201cAlguns eleitores acreditam que ele fez parte do maior esc\u00e2ndalo de trapa\u00e7a da hist\u00f3ria da NFL\u201d, disse um eleitor veterano do Hall da Fama a Van Natta. \u201c\u00c9 muito dif\u00edcil superar isso.\u201d<\/p>\n<p>\u201cKraft se distanciou do Spygate, mas o assunto surgiu \u2014 precisa ser considerado\u201d, disse outro eleitor a Van Natta.<\/p>\n<p>Os Patriots acabaram sendo multados em $ 250.000 e for\u00e7ados a perder uma escolha de primeira rodada como resultado do Spygate. Belichick foi multado em $ 500.000.  <\/p>\n<p>Durante a s\u00e9rie da Apple TV+ \u201cThe Dynasty\u201d, Kraft disse que disse a Belichick que ele era \u201cum idiota\u201d pela tentativa de roubar placas por meio de grava\u00e7\u00e3o em v\u00eddeo. Kraft acrescentou que lutou com Goodell e o escrit\u00f3rio da liga para garantir que Belichick fosse apenas multado, n\u00e3o suspenso por seu papel na controv\u00e9rsia. <\/p>\n<p>Van Natta observou na hist\u00f3ria que v\u00e1rios eleitores se concentraram no fato de que o comiss\u00e1rio da NFL, Roger Goodell, ordenou que as fitas do Spygate fossem destru\u00eddas pelo conselheiro geral da NFL em setembro de 2007.<\/p>\n<p>Para esses eleitores, Goodell n\u00e3o ordenou uma investiga\u00e7\u00e3o completa do esc\u00e2ndalo das grava\u00e7\u00f5es em v\u00eddeo \u2014 logo ap\u00f3s Kraft defender a ascens\u00e3o de Goodell como comiss\u00e1rio da NFL em 2006. <\/p>\n<p>\u201c\u00c9 o elefante na sala\u201d, disse um eleitor a Van Natta.<\/p>\n<h2 class=\"wp-block-heading\" id=\"h-other-controversies-reportedly-held-against-kraft\"><strong>Outras controv\u00e9rsias supostamente mantidas contra a Kraft<\/strong><\/h2>\n<p>Para os eleitores que falaram com Van Natta, n\u00e3o \u00e9 apenas o Spygate que paira sobre os Patriots e a campanha de Kraft para o Hall da Fama. <\/p>\n<p>\u201cParte do problema quando se trata de avaliar Kraft e toda a dinastia dos Patriots \u00e9 fatorar v\u00e1rias controv\u00e9rsias bem conhecidas\u201d, escreveu Van Natta. \u201cMeia d\u00fazia de eleitores disseram que verdades em evolu\u00e7\u00e3o em torno de incidentes como Spygate, <a href=\"https:\/\/www.boston.com\/sports\/new-england-patriots\/2015\/01\/31\/a-lot-of-hot-air-here-are-the-facts-about-deflategate\/\" target=\"_blank\" rel=\"noreferrer noopener\">Desinflar<\/a> e <a href=\"https:\/\/www.boston.com\/sports\/new-england-patriots\/2019\/10\/05\/what-we-learned-from-vanity-fairs-robert-kraft-expose\/\" target=\"_blank\" rel=\"noreferrer noopener\">Orqu\u00eddeas da \u00c1sia<\/a> obscurecem a grandeza da equipe.\u201d<\/p>\n<p>Kraft foi acusado de duas acusa\u00e7\u00f5es de solicita\u00e7\u00e3o de prostitui\u00e7\u00e3o em 2019 ap\u00f3s visitar o Orchids of Asia Day Spa em Jupiter, Fl\u00f3rida, <a href=\"https:\/\/www.nytimes.com\/2020\/09\/24\/sports\/football\/robert-kraft-video-surveillance-case.html\" target=\"_blank\" rel=\"noreferrer noopener\">com ambas as acusa\u00e7\u00f5es posteriormente retiradas. <\/a><\/p>\n<p>\u201cProvavelmente precisamos colocar uma pequena dist\u00e2ncia entre o sal\u00e3o de massagem e o Hall da Fama\u201d, disse um eleitor a Van Natta. <\/p>\n<p>Mesmo com essas controv\u00e9rsias, o escritor veterano de futebol e eleitor do Hall da Fama Peter King observou na hist\u00f3ria de Van Natta que \u201ch\u00e1 uma marca de var\u00edola em todos no Hall da Fama\u201d, acrescentando: \u201cJ\u00e1 houve um jogador, um treinador, um dono, um comiss\u00e1rio que tem um curr\u00edculo perfeito? Que nunca fez nada errado?\u201d<\/p>\n<h2 class=\"wp-block-heading\" id=\"h-the-dynasty-book-apple-tv-series-reportedly-hurt-kraft-s-candidacy\"><strong>O livro \u201cThe Dynasty\u201d e a s\u00e9rie da Apple TV+ prejudicaram a candidatura de Kraft<\/strong><\/h2>\n<p>\u201cThe Dynasty\u201d \u2014 um livro best-seller escrito por Jeff Benedict em 2020 e a subsequente s\u00e9rie documental de 10 partes da Apple TV+ com o mesmo nome \u2014 tamb\u00e9m irritou os eleitores, relatou Van Natta.<\/p>\n<p>A s\u00e9rie documental, em particular, recebeu cr\u00edticas severas por suas cr\u00edticas a Belichick.<a href=\"https:\/\/www.boston.com\/community\/readers-say\/what-readers-thought-about-the-dynasty-docuseries\/\" target=\"_blank\" rel=\"noreferrer noopener\"> Os leitores do Boston.com rotularam isso como um \u201ctrabalho de sucesso\u201d em Belichick<\/a> e v\u00e1rios ex-jogadores dos Patriots <a href=\"https:\/\/www.boston.com\/sports\/new-england-patriots\/2024\/03\/19\/devin-mccourty-rodney-harrison-react-felt-like-he-was-duped-by-the-dynasty-docuseries\/\" target=\"_blank\" rel=\"noreferrer noopener\">compartilharam que se sentiram \u201cenganados\u201d pela narrativa <\/a>apresentados na s\u00e9rie. <\/p>\n<p>\u201cAmbos os projetos retrataram Kraft habilmente administrando os egos de dois grandes de todos os tempos, o t\u00e9cnico Bill Belichick e o quarterback Tom Brady, para manter a banda de sucessos unida o m\u00e1ximo poss\u00edvel\u201d, escreveu Van Natta. \u201cAlguns eleitores disseram \u00e0 ESPN que acreditam que ambos os projetos tinham a inten\u00e7\u00e3o de estimular a candidatura de Kraft ao Hall da Fama. Um porta-voz dos Patriots negou veementemente que os projetos fizessem parte de qualquer esfor\u00e7o para levar Kraft a Canton. E no inverno passado, Kraft disse que n\u00e3o teve influ\u00eancia na s\u00e9rie documental<a href=\"https:\/\/www.boston.com\/sports\/new-england-patriots\/2024\/03\/26\/robert-kraft-calvin-ridley-patriots-free-agency-bill-belichick-dynasty-comments\/\" target=\"_blank\" rel=\"noreferrer noopener\"> e ficou \u201cdecepcionado\u201d com o filme\u201d.<\/a><\/p>\n<p>Embora Kraft tenha dito que n\u00e3o tinha influ\u00eancia sobre a s\u00e9rie documental, Van Natta escreveu em sua hist\u00f3ria \u2014 citando documentos obtidos pela ESPN \u2014 que Kraft det\u00e9m os direitos de cinema e televis\u00e3o do livro \u201cThe Dynasty\u201d.<\/p>\n<p>\u201cIsso significa que o livro do aclamado autor Jeff Benedict poderia ser transformado em um filme somente com a permiss\u00e3o da Kraft. E de acordo com e-mails, documentos e fontes, a Kraft \u00e9 dona da docuseries, licenciou-a para a Apple e buscou controle editorial\u201d, escreveu Van Natta.<\/p>\n<h2 class=\"wp-block-heading\" id=\"h-kraft-reportedly-viewed-jerry-jones-hof-enshrinement-as-an-insult\"><strong>Kraft teria visto a consagra\u00e7\u00e3o de Jerry Jones no Hall da Fama como uma<\/strong> &#8220;insulto&#8221;<\/h2>\n<p>Embora Kraft ainda n\u00e3o tenha sido chamado para Canton, Jerry Jones recebeu sua jaqueta dourada em 2017. Embora Jones tenha servido por muito tempo como o influente \u2014 e franco \u2014 propriet\u00e1rio dos Cowboys, Dallas n\u00e3o vence um Super Bowl desde 1995. <\/p>\n<p>Considerando o longo hist\u00f3rico de sucesso de Kraft (seis Super Bowls contra tr\u00eas de Jones em Dallas), Van Natta relatou que Kraft ficou decepcionado que seu colega propriet\u00e1rio tenha sido introduzido h\u00e1 quase sete anos. <\/p>\n<p>\u201cDe volta a Foxborough, Kraft e seus apoiadores reagiram \u00e0 indu\u00e7\u00e3o de Jones com raiva e confus\u00e3o\u201d, escreveu Van Natta. \u201cEles ferviam que os eleitores de Hall n\u00e3o pareciam apreciar o trabalho de Kraft para fazer a liga crescer por meio de acordos de m\u00eddia e trabalho, e a dinastia inigual\u00e1vel dos Patriots. Kraft viu a sele\u00e7\u00e3o de seu arquirrival como um insulto, um veredito de que Jones \u00e9 mais respons\u00e1vel pelo sucesso surpreendente da NFL. <\/p>\n<p>\u201c&#8217;Ele n\u00e3o vai ao jogo do t\u00edtulo da NFC h\u00e1 duas d\u00e9cadas e ele entra?\u201d Kraft disse a um confidente. \u201c&#8217;Como isso funciona?&#8217;\u201d<\/p>\n<p>No total, 16 propriet\u00e1rios foram introduzidos no Hall da Fama, com apenas cinco consagrados desde 2000: Dan Rooney, dos Steelers, Ralph Wilson, dos Bills, Eddie DeBartolo, dos 49ers, Jones, dos Cowboys, e Pat Bowlen, dos Broncos.<\/p>\n<p>Apenas Rooney tem o mesmo n\u00famero de t\u00edtulos do Super Bowl que Kraft.<\/p>\n<h2 class=\"wp-block-heading\" id=\"h-new-hof-rules-could-help-kraft-s-odds\">Novas regras do HoF podem ajudar as chances da Kraft<\/h2>\n<p>Embora Kraft ainda n\u00e3o tenha conquistado uma vaga em Canton, suas chances devem aumentar no futuro, quando o comit\u00ea do Hall da Fama se reunir no in\u00edcio de outubro, ap\u00f3s uma distin\u00e7\u00e3o na candidatura de vota\u00e7\u00e3o. <\/p>\n<p>\u201cEm agosto, o conselho de diretores do Hall fez uma mudan\u00e7a monumental no processo de vota\u00e7\u00e3o ao separar treinadores e colaboradores para considera\u00e7\u00e3o\u201d, explicou Van Natta. \u201cMike Shanahan e Mike Holmgren, considerados pelos eleitores como os favoritos como treinadores, n\u00e3o estar\u00e3o mais competindo contra Kraft e outros colaboradores indicados.\u201d<\/p>\n<div class=\"m-block m-generic-cta\t m-generic-cta--post-content\t m-generic-cta--dark\t m-generic-cta--homepage\t m-generic-cta--email-signup\t\t m-generic-cta-block-style--default \tt-amp__generic-cta\"><\/p>\n<div class=\"m-generic-cta__wrap\">\n<div class=\"m-generic-cta__content\">\n<h3 class=\"m-generic-cta__title\">Boston.com Hoje<\/h3>\n<p class=\"m-generic-cta__subtitle\">Inscreva-se para receber as \u00faltimas manchetes na sua caixa de entrada todas as manh\u00e3s.<\/p>\n<\/p><\/div>\n<\/p><\/div>\n<\/div><\/div>\n<p><script>\n\t\tvar consent=\"grant\";\n\t\t\/* The above code is parsing the JSON data from the local storage and storing it in a variable. *\/\n\t\t\t\t\tconst onetrustStorageConsent = JSON.parse(localStorage.getItem( 'consent_one_trust_bdc' ) );\n\t\t\tif ( ( onetrustStorageConsent !== null ) ) {\n\t\t\t\t\/* Checking to see if the user has consented to the use of cookies.\n\t\t\t\t* If they have not, it is deleting the cookie.\n\t\t\t\t* This will comment for now, until further notice.\n\t\t\t\t*\/\n\t\t\t\t\/\/if ( onetrustStorageConsent.C0002 === false ) {\n\t\t\t\t\/\/\tdocument.cookie=\"_fbp=;expires=Thu, 01 Jan 2010 00:00:00 UTC; path=\/; domain=.boston.com\";\n\t\t\t\t\/\/}\n\t\t\t\t\/* Checking if the user has given consent for the cookie C0002.\n\t\t\t\t* If the user has given consent, the variable consent will be set to 'grant'.\n\t\t\t\t* If the user has not given consent,the variable consent will be set to 'revoke'.\n\t\t\t\t* Documentation https:\/\/developers.facebook.com\/docs\/meta-pixel\/implementation\/gdpr\n\t\t\t\t*\/\n\t\t\t\tif ( onetrustStorageConsent.C0002 !== true ) {\n\t\t\t\t\tconsent=\"revoke\";\n\t\t\t\t}\n\t\t\t}\n\t\t\t\t!function(f,b,e,v,n,t,s)\n\t\t{if(f.fbq)return;n=f.fbq=function(){n.callMethod?\n\t\tn.callMethod.apply(n,arguments):n.queue.push(arguments)};\n\t\tif(!f._fbq)f._fbq=n;n.push=n;n.loaded=!0;n.version='2.0';\n\t\tn.queue=[];t=b.createElement(e);t.async=!0;\n\t\tt.src=v;s=b.getElementsByTagName(e)[0];\n\t\ts.parentNode.insertBefore(t,s)}(window, document,'script',\n\t\t'https:\/\/connect.facebook.net\/en_US\/fbevents.js');\n\t\tfbq('consent', consent);\n\t\tfbq('init', '989222871864976');\n\t\tfbq('track', 'PageView');\n\t<\/script><script type=\"module\">\n\t\tvar consent=\"grant\";\n\t\t\/* The above code is parsing the JSON data from the local storage and storing it in a variable. *\/\n\t\t\tconst onetrustStorageConsent = JSON.parse(localStorage.getItem( 'consent_one_trust_bdc' ) );\n\t\t\t\/* Checking to see if the user has consented to the use of cookies.\n\t\t\t* If they have not, it is deleting the cookie.\n\t\t\t* This will comment for now, until further notice.\n\t\t\t*\/\n\t\t\t\/\/if ( onetrustStorageConsent.C0002 === false ) {\n\t\t\t\/\/\tdocument.cookie=\"_fbp=;expires=Thu, 01 Jan 2010 00:00:00 UTC; path=\/; domain=.boston.com\";\n\t\t\t\/\/}\n\t\t\t\/* Checking if the user has given consent for the cookie C0002.\n\t\t\t* If the user has given consent, the variable consent will be set to 'grant'.\n\t\t\t* If the user has not given consent,the variable consent will be set to 'revoke'.\n\t\t\t* Documentation https:\/\/developers.facebook.com\/docs\/meta-pixel\/implementation\/gdpr\n\t\t\t*\/\n\t\t\tif ( ( onetrustStorageConsent !== null ) && (onetrustStorageConsent.C0002 !== true ) ) {\n\t\t\t\tconsent=\"revoke\";\n\t\t\t}\n\t\t\t\t!function(f,b,e,v,n,t,s){if(f.fbq)return;n=f.fbq=function()\n\t\t{n.callMethod? n.callMethod.apply(n,arguments):n.queue.push(arguments)}\n\t\t;if(!f._fbq)f._fbq=n;\n\t\tn.push=n;n.loaded=!0;n.version='2.0';n.queue=[];t=b.createElement(e);t.async=!0;\n\t\tt.src=v;s=b.getElementsByTagName(e)[0];s.parentNode.insertBefore(t,s)}(window,\n\t\tdocument,'script','https:\/\/connect.facebook.net\/en_US\/fbevents.js');\n\t\tfbq('consent', consent);\n\t\tfbq('init', '813236348753005');\n\t\tfbq('track', \"PageView\");\n\t<\/script><br \/>\n<br \/><br \/>\n<br \/><a href=\"https:\/\/www.boston.com\/sports\/new-england-patriots\/2024\/09\/11\/robert-kraft-nfl-pro-football-hall-of-fame-espn-vote-campaign-induction\/\">Source link <\/a><\/p>","protected":false},"excerpt":{"rendered":"<p>Patriotas Spygate e outras controv\u00e9rsias dos Patriots aparentemente prejudicaram a candidatura de Kraft ao Hall da Fama, de acordo com uma mat\u00e9ria investigativa da ESPN. Robert Kraft ainda n\u00e3o recebeu&hellip;<\/p>","protected":false},"author":1,"featured_media":35756,"comment_status":"closed","ping_status":"open","sticky":false,"template":"","format":"standard","meta":{"content-type":"","footnotes":""},"categories":[1],"tags":[],"class_list":["post-35755","post","type-post","status-publish","format-standard","has-post-thumbnail","hentry","category-uncategorized"],"_links":{"self":[{"href":"https:\/\/tvbrazilusa.com\/pt\/wp-json\/wp\/v2\/posts\/35755","targetHints":{"allow":["GET"]}}],"collection":[{"href":"https:\/\/tvbrazilusa.com\/pt\/wp-json\/wp\/v2\/posts"}],"about":[{"href":"https:\/\/tvbrazilusa.com\/pt\/wp-json\/wp\/v2\/types\/post"}],"author":[{"embeddable":true,"href":"https:\/\/tvbrazilusa.com\/pt\/wp-json\/wp\/v2\/users\/1"}],"replies":[{"embeddable":true,"href":"https:\/\/tvbrazilusa.com\/pt\/wp-json\/wp\/v2\/comments?post=35755"}],"version-history":[{"count":1,"href":"https:\/\/tvbrazilusa.com\/pt\/wp-json\/wp\/v2\/posts\/35755\/revisions"}],"predecessor-version":[{"id":35757,"href":"https:\/\/tvbrazilusa.com\/pt\/wp-json\/wp\/v2\/posts\/35755\/revisions\/35757"}],"wp:featuredmedia":[{"embeddable":true,"href":"https:\/\/tvbrazilusa.com\/pt\/wp-json\/wp\/v2\/media\/35756"}],"wp:attachment":[{"href":"https:\/\/tvbrazilusa.com\/pt\/wp-json\/wp\/v2\/media?parent=35755"}],"wp:term":[{"taxonomy":"category","embeddable":true,"href":"https:\/\/tvbrazilusa.com\/pt\/wp-json\/wp\/v2\/categories?post=35755"},{"taxonomy":"post_tag","embeddable":true,"href":"https:\/\/tvbrazilusa.com\/pt\/wp-json\/wp\/v2\/tags?post=35755"}],"curies":[{"name":"wp","href":"https:\/\/api.w.org\/{rel}","templated":true}]}}