{"id":35764,"date":"2024-09-12T00:37:47","date_gmt":"2024-09-12T00:37:47","guid":{"rendered":"https:\/\/tvbrazilusa.com\/2024\/09\/12\/bill-belichick-da-sua-opiniao-sobre-como-tom-brady-se-saiu-na-estreia-na-transmissao-da-fox\/"},"modified":"2024-09-12T00:40:07","modified_gmt":"2024-09-12T00:40:07","slug":"bill-belichick-da-sua-opiniao-sobre-como-tom-brady-se-saiu-na-estreia-na-transmissao-da-fox","status":"publish","type":"post","link":"https:\/\/tvbrazilusa.com\/pt\/2024\/09\/12\/bill-belichick-da-sua-opiniao-sobre-como-tom-brady-se-saiu-na-estreia-na-transmissao-da-fox\/","title":{"rendered":"Bill Belichick d\u00e1 sua opini\u00e3o sobre como Tom Brady se saiu na estreia na transmiss\u00e3o da FOX"},"content":{"rendered":"<p> <script async src=\"https:\/\/pagead2.googlesyndication.com\/pagead\/js\/adsbygoogle.js?client=ca-pub-8864793242727901\"\r\n     crossorigin=\"anonymous\"><\/script><br \/>\n<\/p>\n<div id=\"\">\n<header class=\"m-article-header m-article-header--standard\">\n\t\t\t\t\t\t\t\t\t\t\t\t<span id=\"article-header-primary-term\"><br \/>\n\t\t\t\t\t\t\t\t<a class=\"a-term a-term--primary\" href=\"https:\/\/www.boston.com\/tag\/new-england-patriots\/\"><\/p>\n<p>\t\t\t\t\t\t\t\tPatriotas\t\t\t\t\t\t\t\t<\/a><br \/>\n\t\t\t\t\t\t\t<\/span><\/p>\n<h2 class=\"m-article-header__sub-headline\">&#8220;Achei que ele trouxe muitos pontos importantes no jogo.&#8221;<\/h2>\n<figure class=\"a-photo m-article-header__photo\"><figcaption class=\"a-photo__caption\">\n<p>\tBill Belichick ficou impressionado com o primeiro dia de Tom Brady na cabine de transmiss\u00e3o. <em> (Matthew J. Lee \/ The Boston Globe<\/em>\t<\/figcaption><\/figure>\n<\/header>\n<p>Tom Brady foi at\u00e9 a cabine de transmiss\u00e3o para o confronto da Semana 1 entre Cowboys e Browns no domingo, e a estreia da lenda dos Patriots no microfone foi&#8230;<a target=\"_blank\" href=\"https:\/\/www.boston.com\/sports\/sports-news\/2024\/09\/09\/tom-brady-broadcast-debut-long-road-ahead-to-super-bowl-call\/\" rel=\"noreferrer noopener\"> decididamente misto.<\/a><\/p>\n<p>Brady, <a href=\"https:\/\/finance.yahoo.com\/news\/much-tom-brady-broadcasting-contract-223550250.html\" target=\"_blank\" rel=\"noreferrer noopener\">que assinou um contrato de 10 anos e US$ 375 milh\u00f5es com a FOX<\/a> para atuar como analista-chefe em transmiss\u00f5es, provavelmente precisar\u00e1 de algum tempo para aprimorar suas habilidades em sua nova fun\u00e7\u00e3o. <\/p>\n<p>Embora o curr\u00edculo do heptacampe\u00e3o do Super Bowl fale por si, sua estreia na FOX apresentou v\u00e1rias pausas e alguma hesita\u00e7\u00e3o em expandir o evidente QI de futebol que ele possui. <\/p>\n<p>Mas mesmo com as dificuldades esperadas com o novo papel de Brady, seu treinador de longa data dos Patriots, Bill Belichick, fez muitos elogios aos seus esfor\u00e7os esta semana. <\/p>\n<p>\u201cAchei que Tom foi \u00f3timo. Acho que ele teve um dia muito melhor quando Dallas foi para Cleveland do que eu tive no meu primeiro jogo em Cleveland quando Dallas entrou\u201d, disse Belichick em<a href=\"https:\/\/podcasts.apple.com\/us\/podcast\/lets-go-with-bill-belichick-maxx-crosby-peter-king-jim-gray\/id1584409759\" target=\"_blank\" rel=\"noreferrer noopener\"> o \u00faltimo epis\u00f3dio do podcast \u201cLet&#8217;s Go!\u201d com Jim Gray.<\/a> \u201c\u2026 Eu achei que Tom foi \u00f3timo. Eu achei que ele trouxe muitos pontos excelentes no jogo. <\/p>\n<p>\u201cCertamente, o n\u00famero de vezes que Cleveland recuou ele continuou a destacar, e isso \u00e9 um problema. \u2026 Ele fez alguns bons pontos sobre (o quarterback dos Browns) Deshaun (Watson) aguentando firme, mesmo no final do jogo.\u201d<\/p>\n<p>Embora Belichick n\u00e3o seja exatamente um especialista em transmiss\u00e3o (apesar de aparecer em quase 10 programas por semana durante a temporada de 2024 da NFL), Brady tamb\u00e9m recebeu algumas palavras reconfortantes do veterano apresentador esportivo Joe Buck, que pregou paci\u00eancia contra aqueles que ficaram desapontados com a estreia de Brady. <\/p>\n<p>\u201cEste \u00e9 um trabalho dif\u00edcil e todos n\u00f3s fazemos a nossa parte\u201d, disse Buck na segunda-feira no \u201cThe Michael Kay Show\u201d, como <a href=\"https:\/\/nypost.com\/2024\/09\/10\/sports\/joe-buck-grossly-unfair-to-criticize-tom-brady-after-one-game\/\">transcrito por Dylan Svoboda do <em>Nova York Post<\/em><\/a>. \u201cTodos n\u00f3s temos que ser capazes de nos acomodar; saber o que voc\u00ea precisa saber. Falei com ele na sexta-feira, e n\u00e3o acho que ningu\u00e9m tenha se esfor\u00e7ado mais para se preparar para sua primeira transmiss\u00e3o do que Tom. <\/p>\n<p>\u201cE agora, voc\u00ea tem que ir em frente e se acomodar. \u00c9 extremamente injusto que todos queiram pesar depois de cinco segundos. N\u00e3o \u00e9 assim que funciona.\u201d<\/p>\n<p>Brady continuar\u00e1 sua carreira de transmiss\u00e3o no domingo narrando o confronto da Semana 2 dos Cowboys contra os Saints em Arlington, Texas.<\/p>\n<figure class=\"wp-block-embed is-type-rich is-provider-twitter wp-block-embed-twitter\">\n<div class=\"wp-block-embed__wrapper\">\n<blockquote class=\"twitter-tweet\" data-width=\"500\" data-dnt=\"true\">\n<p lang=\"en\" dir=\"ltr\">Tom Brady de volta ao trabalho \ud83c\udfc8 Dallas Cowboys vs New Orleans Saints no pr\u00f3ximo domingo na FOX. Ignorando os haters e melhorando o LFG! <\/p>\n<p>Via:\/\/Hist\u00f3ria do Instagram de Tom hoje <a href=\"https:\/\/t.co\/nlDEwn9mmj\">foto.twitter.com\/nlDEwn9mmj<\/a><\/p>\n<p>\u2014 Atualiza\u00e7\u00f5es de Tom Brady (@tombradymedia) <a href=\"https:\/\/twitter.com\/tombradymedia\/status\/1833265054105436590?ref_src=twsrc%5Etfw\">9 de setembro de 2024<\/a><\/p><\/blockquote>\n<\/div>\n<\/figure>\n<div class=\"m-block m-generic-cta\t m-generic-cta--post-content\t m-generic-cta--dark\t m-generic-cta--homepage\t m-generic-cta--email-signup\t\t m-generic-cta-block-style--default \tt-amp__generic-cta\"><\/p>\n<div class=\"m-generic-cta__wrap\">\n<div class=\"m-generic-cta__content\">\n<h3 class=\"m-generic-cta__title\">Inscreva-se para receber atualiza\u00e7\u00f5es dos Patriots\ud83c\udfc8<\/h3>\n<p class=\"m-generic-cta__subtitle\">Receba not\u00edcias de \u00faltima hora e an\u00e1lises na sua caixa de entrada durante a temporada de futebol.<\/p>\n<\/p><\/div>\n<\/p><\/div>\n<\/div><\/div>\n<p><script async src=\"\/\/platform.twitter.com\/widgets.js\" charset=\"utf-8\"><\/script><script>\n\t\tvar consent=\"grant\";\n\t\t\/* The above code is parsing the JSON data from the local storage and storing it in a variable. *\/\n\t\t\t\t\tconst onetrustStorageConsent = JSON.parse(localStorage.getItem( 'consent_one_trust_bdc' ) );\n\t\t\tif ( ( onetrustStorageConsent !== null ) ) {\n\t\t\t\t\/* Checking to see if the user has consented to the use of cookies.\n\t\t\t\t* If they have not, it is deleting the cookie.\n\t\t\t\t* This will comment for now, until further notice.\n\t\t\t\t*\/\n\t\t\t\t\/\/if ( onetrustStorageConsent.C0002 === false ) {\n\t\t\t\t\/\/\tdocument.cookie=\"_fbp=;expires=Thu, 01 Jan 2010 00:00:00 UTC; path=\/; domain=.boston.com\";\n\t\t\t\t\/\/}\n\t\t\t\t\/* Checking if the user has given consent for the cookie C0002.\n\t\t\t\t* If the user has given consent, the variable consent will be set to 'grant'.\n\t\t\t\t* If the user has not given consent,the variable consent will be set to 'revoke'.\n\t\t\t\t* Documentation https:\/\/developers.facebook.com\/docs\/meta-pixel\/implementation\/gdpr\n\t\t\t\t*\/\n\t\t\t\tif ( onetrustStorageConsent.C0002 !== true ) {\n\t\t\t\t\tconsent=\"revoke\";\n\t\t\t\t}\n\t\t\t}\n\t\t\t\t!function(f,b,e,v,n,t,s)\n\t\t{if(f.fbq)return;n=f.fbq=function(){n.callMethod?\n\t\tn.callMethod.apply(n,arguments):n.queue.push(arguments)};\n\t\tif(!f._fbq)f._fbq=n;n.push=n;n.loaded=!0;n.version='2.0';\n\t\tn.queue=[];t=b.createElement(e);t.async=!0;\n\t\tt.src=v;s=b.getElementsByTagName(e)[0];\n\t\ts.parentNode.insertBefore(t,s)}(window, document,'script',\n\t\t'https:\/\/connect.facebook.net\/en_US\/fbevents.js');\n\t\tfbq('consent', consent);\n\t\tfbq('init', '989222871864976');\n\t\tfbq('track', 'PageView');\n\t<\/script><script type=\"module\">\n\t\tvar consent=\"grant\";\n\t\t\/* The above code is parsing the JSON data from the local storage and storing it in a variable. *\/\n\t\t\tconst onetrustStorageConsent = JSON.parse(localStorage.getItem( 'consent_one_trust_bdc' ) );\n\t\t\t\/* Checking to see if the user has consented to the use of cookies.\n\t\t\t* If they have not, it is deleting the cookie.\n\t\t\t* This will comment for now, until further notice.\n\t\t\t*\/\n\t\t\t\/\/if ( onetrustStorageConsent.C0002 === false ) {\n\t\t\t\/\/\tdocument.cookie=\"_fbp=;expires=Thu, 01 Jan 2010 00:00:00 UTC; path=\/; domain=.boston.com\";\n\t\t\t\/\/}\n\t\t\t\/* Checking if the user has given consent for the cookie C0002.\n\t\t\t* If the user has given consent, the variable consent will be set to 'grant'.\n\t\t\t* If the user has not given consent,the variable consent will be set to 'revoke'.\n\t\t\t* Documentation https:\/\/developers.facebook.com\/docs\/meta-pixel\/implementation\/gdpr\n\t\t\t*\/\n\t\t\tif ( ( onetrustStorageConsent !== null ) && (onetrustStorageConsent.C0002 !== true ) ) {\n\t\t\t\tconsent=\"revoke\";\n\t\t\t}\n\t\t\t\t!function(f,b,e,v,n,t,s){if(f.fbq)return;n=f.fbq=function()\n\t\t{n.callMethod? n.callMethod.apply(n,arguments):n.queue.push(arguments)}\n\t\t;if(!f._fbq)f._fbq=n;\n\t\tn.push=n;n.loaded=!0;n.version='2.0';n.queue=[];t=b.createElement(e);t.async=!0;\n\t\tt.src=v;s=b.getElementsByTagName(e)[0];s.parentNode.insertBefore(t,s)}(window,\n\t\tdocument,'script','https:\/\/connect.facebook.net\/en_US\/fbevents.js');\n\t\tfbq('consent', consent);\n\t\tfbq('init', '813236348753005');\n\t\tfbq('track', \"PageView\");\n\t<\/script><br \/>\n<br \/><br \/>\n<br \/><a href=\"https:\/\/www.boston.com\/sports\/new-england-patriots\/2024\/09\/11\/bill-belichick-tom-brady-nfl-fox-broadcast-review-football\/\">Source link <\/a><\/p>","protected":false},"excerpt":{"rendered":"<p>Patriotas &#8220;Achei que ele trouxe muitos pontos importantes no jogo.&#8221; Bill Belichick ficou impressionado com o primeiro dia de Tom Brady na cabine de transmiss\u00e3o. (Matthew J. Lee \/ The&hellip;<\/p>","protected":false},"author":1,"featured_media":35765,"comment_status":"closed","ping_status":"open","sticky":false,"template":"","format":"standard","meta":{"content-type":"","footnotes":""},"categories":[1],"tags":[],"class_list":["post-35764","post","type-post","status-publish","format-standard","has-post-thumbnail","hentry","category-uncategorized"],"_links":{"self":[{"href":"https:\/\/tvbrazilusa.com\/pt\/wp-json\/wp\/v2\/posts\/35764","targetHints":{"allow":["GET"]}}],"collection":[{"href":"https:\/\/tvbrazilusa.com\/pt\/wp-json\/wp\/v2\/posts"}],"about":[{"href":"https:\/\/tvbrazilusa.com\/pt\/wp-json\/wp\/v2\/types\/post"}],"author":[{"embeddable":true,"href":"https:\/\/tvbrazilusa.com\/pt\/wp-json\/wp\/v2\/users\/1"}],"replies":[{"embeddable":true,"href":"https:\/\/tvbrazilusa.com\/pt\/wp-json\/wp\/v2\/comments?post=35764"}],"version-history":[{"count":1,"href":"https:\/\/tvbrazilusa.com\/pt\/wp-json\/wp\/v2\/posts\/35764\/revisions"}],"predecessor-version":[{"id":35766,"href":"https:\/\/tvbrazilusa.com\/pt\/wp-json\/wp\/v2\/posts\/35764\/revisions\/35766"}],"wp:featuredmedia":[{"embeddable":true,"href":"https:\/\/tvbrazilusa.com\/pt\/wp-json\/wp\/v2\/media\/35765"}],"wp:attachment":[{"href":"https:\/\/tvbrazilusa.com\/pt\/wp-json\/wp\/v2\/media?parent=35764"}],"wp:term":[{"taxonomy":"category","embeddable":true,"href":"https:\/\/tvbrazilusa.com\/pt\/wp-json\/wp\/v2\/categories?post=35764"},{"taxonomy":"post_tag","embeddable":true,"href":"https:\/\/tvbrazilusa.com\/pt\/wp-json\/wp\/v2\/tags?post=35764"}],"curies":[{"name":"wp","href":"https:\/\/api.w.org\/{rel}","templated":true}]}}