{"id":35779,"date":"2024-09-12T01:09:12","date_gmt":"2024-09-12T01:09:12","guid":{"rendered":"https:\/\/tvbrazilusa.com\/2024\/09\/12\/stf-avalia-se-operadoras-de-telefonia-devem-compartilhar-dados-com-a-policia\/"},"modified":"2024-09-12T01:09:13","modified_gmt":"2024-09-12T01:09:13","slug":"stf-avalia-se-operadoras-de-telefonia-devem-compartilhar-dados-com-a-policia","status":"publish","type":"post","link":"https:\/\/tvbrazilusa.com\/pt\/2024\/09\/12\/stf-avalia-se-operadoras-de-telefonia-devem-compartilhar-dados-com-a-policia\/","title":{"rendered":"STF avalia se operadoras de telefonia devem compartilhar dados com a pol\u00edcia."},"content":{"rendered":"<p> <script async src=\"https:\/\/pagead2.googlesyndication.com\/pagead\/js\/adsbygoogle.js?client=ca-pub-8864793242727901\"\r\n     crossorigin=\"anonymous\"><\/script><br \/>\n<\/p>\n<div id=\"taboola-read-more\" style=\"display:block; width:100%\">\n<p>O STF (Supremo Tribunal Federal) deve analisar nesta 4\u00aa feira (11.set.2024) se as empresas de telefonia precisam disponibilizar dados cadastrais do cliente investigado \u00e0 autoridade policial e ao Minist\u00e9rio P\u00fablico, mesmo quando n\u00e3o h\u00e1 autoriza\u00e7\u00e3o judicial.<\/p>\n<p>A a\u00e7\u00e3o, movida pela Abrafix (Associa\u00e7\u00e3o Brasileira de Concession\u00e1rias de Servi\u00e7os Telef\u00f4nicos), questiona o dispositivo da Lei de Lavagem de Dinheiro (lei 12.683 de 2012) que obriga as empresas de telefonia a disponibilizarem esses dados. A empresa alega que o compartilhamento sem decis\u00e3o judicial viola os direitos dos clientes \u00e0 privacidade e \u00e0 intimidade.<\/p>\n<h2><strong>Veredito do Tribunal do J\u00fari<\/strong><\/h2>\n<p>Outro item na pauta trata de um recurso com repercuss\u00e3o geral. Ou seja, ao final do julgamento, os ministros definir\u00e3o uma tese que servir\u00e1 como base para julgamentos do mesmo tema.<\/p>\n<p dir=\"ltr\"><span dir=\"ltr\">O recurso da\u00a0<\/span><span dir=\"ltr\">CRCrim (Coordenadoria de Recursos Criminais) do MP-SC (Minist\u00e9rio P\u00fablico de Santa Catarina) defendia a possibilidade de execu\u00e7\u00e3o imediata da condena\u00e7\u00e3o de 26 anos e 8 meses de reclus\u00e3o imposta pelos jurados do Tribunal do J\u00fari a um r\u00e9u por feminic\u00eddio.<\/span><\/p>\n<p dir=\"ltr\">\u00a0<\/p>\n<p dir=\"ltr\"><span dir=\"ltr\">A tese a ser definida trata da constitucionalidade da execu\u00e7\u00e3o imediata da pena aplicada pelo Tribunal do J\u00fari. O tema \u00e9 tratado no\u00a0<em dir=\"ltr\">leading case\u00a0<\/em><\/span><span dir=\"ltr\">1068.<\/span><\/p>\n<h2 dir=\"ltr\"><strong dir=\"ltr\">Retroatividade do\u00a0<\/strong><strong dir=\"ltr\">ANPP\u00a0<\/strong><\/h2>\n<p>Mais um item pautado pela Corte analisa se o ANPP (Acordo de N\u00e3o Persecu\u00e7\u00e3o Penal), institu\u00eddo pelo Pacote Anticrime (lei 13.964 de 2019), pode ser implementado em processos iniciados antes de 2019, quando a lei foi criada.<\/p>\n<p>O instrumento vale para que acusados de crimes sem viol\u00eancia ou grave amea\u00e7a, com pena m\u00ednima de 4 anos, confessem seus delitos em troca de medidas alternativas \u00e0 pris\u00e3o. Em 8 de agosto, o plen\u00e1rio formou maioria para admitir a aplica\u00e7\u00e3o dos acordos de n\u00e3o persecu\u00e7\u00e3o penal em processos iniciados antes de sua cria\u00e7\u00e3o. Logo, na pr\u00f3xima sess\u00e3o, os ministros devem concluir o julgamento e fixar uma tese que definir\u00e1 os limites dessa retroatividade.<\/p>\n<p><strong>Poder 360<\/strong><\/p>\n<\/p><\/div>\n<p><br \/>\n<br \/><a href=\"https:\/\/diariodobrasilnoticias.com.br\/noticia\/stf-avalia-se-operadoras-de-telefonia-devem-compartilhar-dados-com-a-policia-66e207d35e8d7\">Source link <\/a><\/p>","protected":false},"excerpt":{"rendered":"<p>O STF (Supremo Tribunal Federal) deve analisar nesta 4\u00aa feira (11.set.2024) se as empresas de telefonia precisam disponibilizar dados cadastrais do cliente investigado \u00e0 autoridade policial e ao Minist\u00e9rio P\u00fablico,&hellip;<\/p>","protected":false},"author":1,"featured_media":35780,"comment_status":"closed","ping_status":"open","sticky":false,"template":"","format":"standard","meta":{"content-type":"","footnotes":""},"categories":[16],"tags":[123,2448,5313,1267],"class_list":["post-35779","post","type-post","status-publish","format-standard","has-post-thumbnail","hentry","category-noticias","tag-brasil","tag-diario","tag-noticia","tag-noticias"],"_links":{"self":[{"href":"https:\/\/tvbrazilusa.com\/pt\/wp-json\/wp\/v2\/posts\/35779","targetHints":{"allow":["GET"]}}],"collection":[{"href":"https:\/\/tvbrazilusa.com\/pt\/wp-json\/wp\/v2\/posts"}],"about":[{"href":"https:\/\/tvbrazilusa.com\/pt\/wp-json\/wp\/v2\/types\/post"}],"author":[{"embeddable":true,"href":"https:\/\/tvbrazilusa.com\/pt\/wp-json\/wp\/v2\/users\/1"}],"replies":[{"embeddable":true,"href":"https:\/\/tvbrazilusa.com\/pt\/wp-json\/wp\/v2\/comments?post=35779"}],"version-history":[{"count":1,"href":"https:\/\/tvbrazilusa.com\/pt\/wp-json\/wp\/v2\/posts\/35779\/revisions"}],"predecessor-version":[{"id":35781,"href":"https:\/\/tvbrazilusa.com\/pt\/wp-json\/wp\/v2\/posts\/35779\/revisions\/35781"}],"wp:featuredmedia":[{"embeddable":true,"href":"https:\/\/tvbrazilusa.com\/pt\/wp-json\/wp\/v2\/media\/35780"}],"wp:attachment":[{"href":"https:\/\/tvbrazilusa.com\/pt\/wp-json\/wp\/v2\/media?parent=35779"}],"wp:term":[{"taxonomy":"category","embeddable":true,"href":"https:\/\/tvbrazilusa.com\/pt\/wp-json\/wp\/v2\/categories?post=35779"},{"taxonomy":"post_tag","embeddable":true,"href":"https:\/\/tvbrazilusa.com\/pt\/wp-json\/wp\/v2\/tags?post=35779"}],"curies":[{"name":"wp","href":"https:\/\/api.w.org\/{rel}","templated":true}]}}