{"id":35802,"date":"2024-09-12T01:16:00","date_gmt":"2024-09-12T01:16:00","guid":{"rendered":"https:\/\/tvbrazilusa.com\/2024\/09\/12\/este-e-o-periodo-mais-longo-sem-chuva-em-boston-em-25-anos\/"},"modified":"2024-09-12T01:41:07","modified_gmt":"2024-09-12T01:41:07","slug":"este-e-o-periodo-mais-longo-sem-chuva-em-boston-em-25-anos","status":"publish","type":"post","link":"https:\/\/tvbrazilusa.com\/pt\/2024\/09\/12\/este-e-o-periodo-mais-longo-sem-chuva-em-boston-em-25-anos\/","title":{"rendered":"Este \u00e9 o per\u00edodo mais longo sem chuva em Boston em 25 anos"},"content":{"rendered":"<p> <script async src=\"https:\/\/pagead2.googlesyndication.com\/pagead\/js\/adsbygoogle.js?client=ca-pub-8864793242727901\"\r\n     crossorigin=\"anonymous\"><\/script><br \/>\n<\/p>\n<div id=\"\">\n<header class=\"m-article-header m-article-header--standard\">\n\t\t\t\t\t\t\t\t\t\t\t\t<span id=\"article-header-primary-term\"><br \/>\n\t\t\t\t\t\t\t\t<a class=\"a-term a-term--primary\" href=\"https:\/\/www.boston.com\/tag\/weather\/\"><\/p>\n<p>\t\t\t\t\t\t\t\tClima\t\t\t\t\t\t\t\t<\/a><br \/>\n\t\t\t\t\t\t\t<\/span><\/p>\n<h2 class=\"m-article-header__sub-headline\">\u201cAinda estamos bem acima da m\u00e9dia do ano, mas 3 semanas sem chuva certamente est\u00e3o tendo um impacto.\u201d<\/h2>\n<figure class=\"a-photo m-article-header__photo\"><figcaption class=\"a-photo__caption\">\n\t <em>  Dina Rudick\/The Boston Globe, Arquivo<\/em>\t<\/figcaption><\/figure>\n<\/header>\n<p>Boston est\u00e1 passando pela maior sequ\u00eancia sem chuva mensur\u00e1vel em d\u00e9cadas, de acordo com um meteorologista local. <\/p>\n<p>O meteorologista do WBZ, Terry Eliasen, observou no X na ter\u00e7a-feira que a cidade teve 21 dias consecutivos sem chuva significativa desde 21 de agosto, o per\u00edodo mais longo desde 1999, quando Boston teve 37 dias secos consecutivos. <\/p>\n<figure class=\"wp-block-embed is-type-rich is-provider-twitter wp-block-embed-twitter\"\/>\n<p>\u00c9 prov\u00e1vel que ainda haja mais dias secos pela frente. <\/p>\n<p>De acordo com o Servi\u00e7o Nacional de Meteorologia, n\u00e3o h\u00e1 \u201cessencialmente nenhuma chance de chuva\u201d na previs\u00e3o para o sul da Nova Inglaterra nos pr\u00f3ximos sete dias.<\/p>\n<figure class=\"wp-block-embed is-type-rich is-provider-twitter wp-block-embed-twitter\"\/>\n<p>Eliasen prev\u00ea que o Nordeste permanecer\u00e1 sem precipita\u00e7\u00e3o por pelo menos os pr\u00f3ximos 10 dias. <\/p>\n<figure class=\"wp-block-embed is-type-rich is-provider-twitter wp-block-embed-twitter\"\/>\n<p>Apesar da falta de chuvas, at\u00e9 quarta-feira, apenas uma \u00e1rea em Massachusetts, na \u00e1rea nordeste do estado, \u00e9 considerada como estando passando por uma <a href=\"https:\/\/www.mass.gov\/info-details\/drought-status\">seca moderada<\/a>. Eliasen disse no X que espera que a falta de chuva nas \u00faltimas semanas possa ser refletida no pr\u00f3ximo relat\u00f3rio do monitor de seca, previsto para quinta-feira.<\/p>\n<p>\u201cAinda estamos bem acima da m\u00e9dia do ano, mas 3 semanas sem chuva certamente est\u00e3o tendo um impacto\u201d, disse ele.<\/p>\n<figure class=\"wp-block-embed is-type-rich is-provider-twitter wp-block-embed-twitter\">\n<div class=\"wp-block-embed__wrapper\">\n<blockquote class=\"twitter-tweet\" data-width=\"500\" data-dnt=\"true\">\n<p lang=\"en\" dir=\"ltr\">Ser\u00e1 interessante ver se o monitor de seca muda quando o relat\u00f3rio desta semana for divulgado (quinta-feira). Ainda estamos bem acima da m\u00e9dia do ano, mas 3 semanas sem chuva certamente est\u00e3o tendo um impacto <a href=\"https:\/\/t.co\/qBnNaigZWh\">foto.twitter.com\/qBnNaigZWh<\/a><\/p>\n<p>\u2014 Terry Eliasen (@TerryWBZ) <a href=\"https:\/\/twitter.com\/TerryWBZ\/status\/1833593059466219941?ref_src=twsrc%5Etfw\">10 de setembro de 2024<\/a><\/p><\/blockquote>\n<\/div>\n<\/figure>\n<div class=\"m-block m-generic-cta\t m-generic-cta--post-content\t m-generic-cta--dark\t m-generic-cta--homepage\t m-generic-cta--email-signup\t\t m-generic-cta-block-style--default \tt-amp__generic-cta\"><\/p>\n<div class=\"m-generic-cta__wrap\">\n<div class=\"m-generic-cta__content\">\n<h3 class=\"m-generic-cta__title\">Boston.com Hoje<\/h3>\n<p class=\"m-generic-cta__subtitle\">Inscreva-se para receber as \u00faltimas manchetes na sua caixa de entrada todas as manh\u00e3s.<\/p>\n<\/p><\/div>\n<\/p><\/div>\n<\/div><\/div>\n<p><script async src=\"\/\/platform.twitter.com\/widgets.js\" charset=\"utf-8\"><\/script><script>\n\t\tvar consent=\"grant\";\n\t\t\/* The above code is parsing the JSON data from the local storage and storing it in a variable. *\/\n\t\t\t\t\tconst onetrustStorageConsent = JSON.parse(localStorage.getItem( 'consent_one_trust_bdc' ) );\n\t\t\tif ( ( onetrustStorageConsent !== null ) ) {\n\t\t\t\t\/* Checking to see if the user has consented to the use of cookies.\n\t\t\t\t* If they have not, it is deleting the cookie.\n\t\t\t\t* This will comment for now, until further notice.\n\t\t\t\t*\/\n\t\t\t\t\/\/if ( onetrustStorageConsent.C0002 === false ) {\n\t\t\t\t\/\/\tdocument.cookie=\"_fbp=;expires=Thu, 01 Jan 2010 00:00:00 UTC; path=\/; domain=.boston.com\";\n\t\t\t\t\/\/}\n\t\t\t\t\/* Checking if the user has given consent for the cookie C0002.\n\t\t\t\t* If the user has given consent, the variable consent will be set to 'grant'.\n\t\t\t\t* If the user has not given consent,the variable consent will be set to 'revoke'.\n\t\t\t\t* Documentation https:\/\/developers.facebook.com\/docs\/meta-pixel\/implementation\/gdpr\n\t\t\t\t*\/\n\t\t\t\tif ( onetrustStorageConsent.C0002 !== true ) {\n\t\t\t\t\tconsent=\"revoke\";\n\t\t\t\t}\n\t\t\t}\n\t\t\t\t!function(f,b,e,v,n,t,s)\n\t\t{if(f.fbq)return;n=f.fbq=function(){n.callMethod?\n\t\tn.callMethod.apply(n,arguments):n.queue.push(arguments)};\n\t\tif(!f._fbq)f._fbq=n;n.push=n;n.loaded=!0;n.version='2.0';\n\t\tn.queue=[];t=b.createElement(e);t.async=!0;\n\t\tt.src=v;s=b.getElementsByTagName(e)[0];\n\t\ts.parentNode.insertBefore(t,s)}(window, document,'script',\n\t\t'https:\/\/connect.facebook.net\/en_US\/fbevents.js');\n\t\tfbq('consent', consent);\n\t\tfbq('init', '989222871864976');\n\t\tfbq('track', 'PageView');\n\t<\/script><script type=\"module\">\n\t\tvar consent=\"grant\";\n\t\t\/* The above code is parsing the JSON data from the local storage and storing it in a variable. *\/\n\t\t\tconst onetrustStorageConsent = JSON.parse(localStorage.getItem( 'consent_one_trust_bdc' ) );\n\t\t\t\/* Checking to see if the user has consented to the use of cookies.\n\t\t\t* If they have not, it is deleting the cookie.\n\t\t\t* This will comment for now, until further notice.\n\t\t\t*\/\n\t\t\t\/\/if ( onetrustStorageConsent.C0002 === false ) {\n\t\t\t\/\/\tdocument.cookie=\"_fbp=;expires=Thu, 01 Jan 2010 00:00:00 UTC; path=\/; domain=.boston.com\";\n\t\t\t\/\/}\n\t\t\t\/* Checking if the user has given consent for the cookie C0002.\n\t\t\t* If the user has given consent, the variable consent will be set to 'grant'.\n\t\t\t* If the user has not given consent,the variable consent will be set to 'revoke'.\n\t\t\t* Documentation https:\/\/developers.facebook.com\/docs\/meta-pixel\/implementation\/gdpr\n\t\t\t*\/\n\t\t\tif ( ( onetrustStorageConsent !== null ) && (onetrustStorageConsent.C0002 !== true ) ) {\n\t\t\t\tconsent=\"revoke\";\n\t\t\t}\n\t\t\t\t!function(f,b,e,v,n,t,s){if(f.fbq)return;n=f.fbq=function()\n\t\t{n.callMethod? n.callMethod.apply(n,arguments):n.queue.push(arguments)}\n\t\t;if(!f._fbq)f._fbq=n;\n\t\tn.push=n;n.loaded=!0;n.version='2.0';n.queue=[];t=b.createElement(e);t.async=!0;\n\t\tt.src=v;s=b.getElementsByTagName(e)[0];s.parentNode.insertBefore(t,s)}(window,\n\t\tdocument,'script','https:\/\/connect.facebook.net\/en_US\/fbevents.js');\n\t\tfbq('consent', consent);\n\t\tfbq('init', '813236348753005');\n\t\tfbq('track', \"PageView\");\n\t<\/script><br \/>\n<br \/><br \/>\n<br \/><a href=\"https:\/\/www.boston.com\/weather\/weather\/2024\/09\/11\/this-is-the-longest-boston-has-gone-without-rain-in-25-years\/\">Source link <\/a><\/p>","protected":false},"excerpt":{"rendered":"<p>Clima \u201cAinda estamos bem acima da m\u00e9dia do ano, mas 3 semanas sem chuva certamente est\u00e3o tendo um impacto.\u201d Dina Rudick\/The Boston Globe, Arquivo Boston est\u00e1 passando pela maior sequ\u00eancia&hellip;<\/p>","protected":false},"author":1,"featured_media":35803,"comment_status":"closed","ping_status":"open","sticky":false,"template":"","format":"standard","meta":{"content-type":"","footnotes":""},"categories":[1],"tags":[],"class_list":["post-35802","post","type-post","status-publish","format-standard","has-post-thumbnail","hentry","category-uncategorized"],"_links":{"self":[{"href":"https:\/\/tvbrazilusa.com\/pt\/wp-json\/wp\/v2\/posts\/35802","targetHints":{"allow":["GET"]}}],"collection":[{"href":"https:\/\/tvbrazilusa.com\/pt\/wp-json\/wp\/v2\/posts"}],"about":[{"href":"https:\/\/tvbrazilusa.com\/pt\/wp-json\/wp\/v2\/types\/post"}],"author":[{"embeddable":true,"href":"https:\/\/tvbrazilusa.com\/pt\/wp-json\/wp\/v2\/users\/1"}],"replies":[{"embeddable":true,"href":"https:\/\/tvbrazilusa.com\/pt\/wp-json\/wp\/v2\/comments?post=35802"}],"version-history":[{"count":1,"href":"https:\/\/tvbrazilusa.com\/pt\/wp-json\/wp\/v2\/posts\/35802\/revisions"}],"predecessor-version":[{"id":35804,"href":"https:\/\/tvbrazilusa.com\/pt\/wp-json\/wp\/v2\/posts\/35802\/revisions\/35804"}],"wp:featuredmedia":[{"embeddable":true,"href":"https:\/\/tvbrazilusa.com\/pt\/wp-json\/wp\/v2\/media\/35803"}],"wp:attachment":[{"href":"https:\/\/tvbrazilusa.com\/pt\/wp-json\/wp\/v2\/media?parent=35802"}],"wp:term":[{"taxonomy":"category","embeddable":true,"href":"https:\/\/tvbrazilusa.com\/pt\/wp-json\/wp\/v2\/categories?post=35802"},{"taxonomy":"post_tag","embeddable":true,"href":"https:\/\/tvbrazilusa.com\/pt\/wp-json\/wp\/v2\/tags?post=35802"}],"curies":[{"name":"wp","href":"https:\/\/api.w.org\/{rel}","templated":true}]}}