{"id":35824,"date":"2024-09-12T02:21:51","date_gmt":"2024-09-12T02:21:51","guid":{"rendered":"https:\/\/tvbrazilusa.com\/2024\/09\/12\/viuva-de-preso-do-8-1-tem-discussao-acalorada-com-o-namorado-de-fatima\/"},"modified":"2024-09-12T02:21:52","modified_gmt":"2024-09-12T02:21:52","slug":"viuva-de-preso-do-8-1-tem-discussao-acalorada-com-o-namorado-de-fatima","status":"publish","type":"post","link":"https:\/\/tvbrazilusa.com\/pt\/2024\/09\/12\/viuva-de-preso-do-8-1-tem-discussao-acalorada-com-o-namorado-de-fatima\/","title":{"rendered":"Vi\u00fava de preso do 8\/1 tem discuss\u00e3o acalorada com o namorado de F\u00e1tima"},"content":{"rendered":"<p> <script async src=\"https:\/\/pagead2.googlesyndication.com\/pagead\/js\/adsbygoogle.js?client=ca-pub-8864793242727901\"\r\n     crossorigin=\"anonymous\"><\/script><br \/>\n<\/p>\n<div>\n<figure class=\"post-image\">\n<\/figure>\n<p><span style=\"font-size: 12px\">T\u00falio Gad\u00ealha Foto: Marcelo Sa Barreto\/AgNews<\/span><\/p>\n<div id=\"taboola-read-more\" style=\"display:block; width:100%\">\n<p>Nesta quarta-feira (11), Edjane Duarte, vi\u00fava de Cleriston Pereira da Cunha, mais conhecido como Clez\u00e3o, discutiu com o deputado e namorado de F\u00e1tima Bernardes, T\u00falio Gad\u00ealha (Rede-PE). Ela esteve na Comiss\u00e3o de Constitui\u00e7\u00e3o e Justi\u00e7a e Cidadania (CCJ) da C\u00e2mara dos Deputados para pedir anistia aos presos envolvidos nos atos do 8 de janeiro.<\/p>\n<p>Clez\u00e3o foi preso e morreu no pres\u00eddio, em 20 de novembro de 2023.<\/p>\n<p>A vi\u00fava estava com uma placa que pedia justi\u00e7a. Ela se revoltou por causa de uma declara\u00e7\u00e3o de T\u00falio e rebateu o parlamentar.<\/p>\n<p>\u00a0<\/p>\n<p>\u2013 Eu fico com o cora\u00e7\u00e3o partido quando eu olho essas senhoras, quando vejo placas \u201cliberdade ao meu esposo Jorginho\u201d. Eu fico de cora\u00e7\u00e3o partido, porque muitas vezes essas senhoras n\u00e3o respondem pelos atos dos seus maridos, seus esposos \u2013 comentou Gad\u00ealha.<\/p>\n<p>Edjane interrompeu o deputado, e alguns congressistas disseram que o namorado de F\u00e1tima provocou a vi\u00fava de Clez\u00e3o. Com informa\u00e7\u00f5es do Poder360.<\/p>\n<p><strong>Pleno.news<\/strong><\/p>\n<\/p><\/div>\n<div class=\"row mt-3\">\n<div class=\"col-sm-6\">\n<p><a href=\"https:\/\/chat.whatsapp.com\/GwURnmOyPiN1XheGYvCspN\" target=\"_blank\" rel=\"noopener\"><br \/>\n<img decoding=\"async\" src=\"https:\/\/diariodobrasilnoticias.com.br\/assets-site\/images\/bot_whatsapp.png\"\/><\/a>\n<\/div>\n<div class=\"col-sm-6\">\n<a href=\"https:\/\/t.me\/+_4gTmi5LKo03OTM5\" target=\"_blank\" rel=\"noopener\"><br \/>\n<img decoding=\"async\" src=\"https:\/\/diariodobrasilnoticias.com.br\/assets-site\/images\/bot_telegram.png\"\/><\/a>\n<\/div>\n<\/div>\n<\/div>\n<p><br \/>\n<br \/><a href=\"https:\/\/diariodobrasilnoticias.com.br\/noticia\/viuva-de-preso-do-8-1-tem-discussao-acalorada-com-o-namorado-de-fatima-66e225cc5f948\">Source link <\/a><\/p>","protected":false},"excerpt":{"rendered":"<p>T\u00falio Gad\u00ealha Foto: Marcelo Sa Barreto\/AgNews Nesta quarta-feira (11), Edjane Duarte, vi\u00fava de Cleriston Pereira da Cunha, mais conhecido como Clez\u00e3o, discutiu com o deputado e namorado de F\u00e1tima Bernardes,&hellip;<\/p>","protected":false},"author":1,"featured_media":35825,"comment_status":"closed","ping_status":"open","sticky":false,"template":"","format":"standard","meta":{"content-type":"","footnotes":""},"categories":[16],"tags":[123,2448,5313,1267],"class_list":["post-35824","post","type-post","status-publish","format-standard","has-post-thumbnail","hentry","category-noticias","tag-brasil","tag-diario","tag-noticia","tag-noticias"],"_links":{"self":[{"href":"https:\/\/tvbrazilusa.com\/pt\/wp-json\/wp\/v2\/posts\/35824","targetHints":{"allow":["GET"]}}],"collection":[{"href":"https:\/\/tvbrazilusa.com\/pt\/wp-json\/wp\/v2\/posts"}],"about":[{"href":"https:\/\/tvbrazilusa.com\/pt\/wp-json\/wp\/v2\/types\/post"}],"author":[{"embeddable":true,"href":"https:\/\/tvbrazilusa.com\/pt\/wp-json\/wp\/v2\/users\/1"}],"replies":[{"embeddable":true,"href":"https:\/\/tvbrazilusa.com\/pt\/wp-json\/wp\/v2\/comments?post=35824"}],"version-history":[{"count":1,"href":"https:\/\/tvbrazilusa.com\/pt\/wp-json\/wp\/v2\/posts\/35824\/revisions"}],"predecessor-version":[{"id":35826,"href":"https:\/\/tvbrazilusa.com\/pt\/wp-json\/wp\/v2\/posts\/35824\/revisions\/35826"}],"wp:featuredmedia":[{"embeddable":true,"href":"https:\/\/tvbrazilusa.com\/pt\/wp-json\/wp\/v2\/media\/35825"}],"wp:attachment":[{"href":"https:\/\/tvbrazilusa.com\/pt\/wp-json\/wp\/v2\/media?parent=35824"}],"wp:term":[{"taxonomy":"category","embeddable":true,"href":"https:\/\/tvbrazilusa.com\/pt\/wp-json\/wp\/v2\/categories?post=35824"},{"taxonomy":"post_tag","embeddable":true,"href":"https:\/\/tvbrazilusa.com\/pt\/wp-json\/wp\/v2\/tags?post=35824"}],"curies":[{"name":"wp","href":"https:\/\/api.w.org\/{rel}","templated":true}]}}