{"id":35899,"date":"2024-09-12T04:53:49","date_gmt":"2024-09-12T04:53:49","guid":{"rendered":"https:\/\/tvbrazilusa.com\/2024\/09\/12\/deolane-permanecera-presa-apos-a-justica-negar-novo-pedido-de-habeas-corpus\/"},"modified":"2024-09-12T04:53:50","modified_gmt":"2024-09-12T04:53:50","slug":"deolane-permanecera-presa-apos-a-justica-negar-novo-pedido-de-habeas-corpus","status":"publish","type":"post","link":"https:\/\/tvbrazilusa.com\/pt\/2024\/09\/12\/deolane-permanecera-presa-apos-a-justica-negar-novo-pedido-de-habeas-corpus\/","title":{"rendered":"Deolane permanecer\u00e1 presa ap\u00f3s a Justi\u00e7a negar novo pedido de habeas corpus"},"content":{"rendered":"<p> <script async src=\"https:\/\/pagead2.googlesyndication.com\/pagead\/js\/adsbygoogle.js?client=ca-pub-8864793242727901\"\r\n     crossorigin=\"anonymous\"><\/script><br \/>\n<\/p>\n<div id=\"taboola-read-more\" style=\"display:block; width:100%\">\n<p>Na tarde desta quarta-feira (11\/9), o Tribunal de Justi\u00e7a de Pernambuco (TJPE) negou um novo pedido de habeas corpus da defesa de Deolane Bezerra. As informa\u00e7\u00f5es s\u00e3o do G1.<\/p>\n<p data-gtm-vis-recent-on-screen104869357_94=\"29640\" data-gtm-vis-first-on-screen104869357_94=\"29640\" data-gtm-vis-total-visible-time104869357_94=\"100\" data-gtm-vis-has-fired104869357_94=\"1\">Relator do processo, o desembargador Eduardo Guilliod Maranh\u00e3o decidiu manter a pris\u00e3o da influenciadora, que \u00e9 suspeita de lavagem de dinheiro por pr\u00e1ticas de jogos de azar.<\/p>\n<p data-gtm-vis-recent-on-screen104869357_94=\"29640\" data-gtm-vis-first-on-screen104869357_94=\"29640\" data-gtm-vis-total-visible-time104869357_94=\"100\" data-gtm-vis-has-fired104869357_94=\"1\">\u00a0<\/p>\n<p>\u201cLastimo que a Paciente n\u00e3o tenha tido para com a sua filha a mesma prioridade, aten\u00e7\u00e3o e cuidado que a Justi\u00e7a brasileira teve, mas diante da gravidade dos fatos, tenho que agiu acertadamente a MM Ju\u00edza quando decretou a pris\u00e3o preventiva da paciente, medida que diante das circunst\u00e2ncias f\u00e1ticas acima apresentadas se mostra totalmente proporcional\u201d, alegou o magistrado.<\/p>\n<p><strong>Metr\u00f3poles\u00a0<\/strong><\/p>\n<\/p><\/div>\n<p><br \/>\n<br \/><a href=\"https:\/\/diariodobrasilnoticias.com.br\/noticia\/deolane-permanecera-presa-apos-a-justica-negar-novo-pedido-de-habeas-corpus-66e20ac29f9ea\">Source link <\/a><\/p>","protected":false},"excerpt":{"rendered":"<p>Na tarde desta quarta-feira (11\/9), o Tribunal de Justi\u00e7a de Pernambuco (TJPE) negou um novo pedido de habeas corpus da defesa de Deolane Bezerra. As informa\u00e7\u00f5es s\u00e3o do G1. Relator&hellip;<\/p>","protected":false},"author":1,"featured_media":35900,"comment_status":"closed","ping_status":"open","sticky":false,"template":"","format":"standard","meta":{"content-type":"","footnotes":""},"categories":[16],"tags":[123,2448,5313,1267],"class_list":["post-35899","post","type-post","status-publish","format-standard","has-post-thumbnail","hentry","category-noticias","tag-brasil","tag-diario","tag-noticia","tag-noticias"],"_links":{"self":[{"href":"https:\/\/tvbrazilusa.com\/pt\/wp-json\/wp\/v2\/posts\/35899","targetHints":{"allow":["GET"]}}],"collection":[{"href":"https:\/\/tvbrazilusa.com\/pt\/wp-json\/wp\/v2\/posts"}],"about":[{"href":"https:\/\/tvbrazilusa.com\/pt\/wp-json\/wp\/v2\/types\/post"}],"author":[{"embeddable":true,"href":"https:\/\/tvbrazilusa.com\/pt\/wp-json\/wp\/v2\/users\/1"}],"replies":[{"embeddable":true,"href":"https:\/\/tvbrazilusa.com\/pt\/wp-json\/wp\/v2\/comments?post=35899"}],"version-history":[{"count":1,"href":"https:\/\/tvbrazilusa.com\/pt\/wp-json\/wp\/v2\/posts\/35899\/revisions"}],"predecessor-version":[{"id":35901,"href":"https:\/\/tvbrazilusa.com\/pt\/wp-json\/wp\/v2\/posts\/35899\/revisions\/35901"}],"wp:featuredmedia":[{"embeddable":true,"href":"https:\/\/tvbrazilusa.com\/pt\/wp-json\/wp\/v2\/media\/35900"}],"wp:attachment":[{"href":"https:\/\/tvbrazilusa.com\/pt\/wp-json\/wp\/v2\/media?parent=35899"}],"wp:term":[{"taxonomy":"category","embeddable":true,"href":"https:\/\/tvbrazilusa.com\/pt\/wp-json\/wp\/v2\/categories?post=35899"},{"taxonomy":"post_tag","embeddable":true,"href":"https:\/\/tvbrazilusa.com\/pt\/wp-json\/wp\/v2\/tags?post=35899"}],"curies":[{"name":"wp","href":"https:\/\/api.w.org\/{rel}","templated":true}]}}