{"id":35929,"date":"2024-09-12T10:28:33","date_gmt":"2024-09-12T10:28:33","guid":{"rendered":"https:\/\/tvbrazilusa.com\/2024\/09\/12\/morre-ex-presidente-do-peru-alberto-fujimori-aos-86-anos\/"},"modified":"2024-09-12T10:28:35","modified_gmt":"2024-09-12T10:28:35","slug":"morre-ex-presidente-do-peru-alberto-fujimori-aos-86-anos","status":"publish","type":"post","link":"https:\/\/tvbrazilusa.com\/pt\/2024\/09\/12\/morre-ex-presidente-do-peru-alberto-fujimori-aos-86-anos\/","title":{"rendered":"Morre ex-presidente do Peru, Alberto Fujimori, aos 86 anos"},"content":{"rendered":"<p> <script async src=\"https:\/\/pagead2.googlesyndication.com\/pagead\/js\/adsbygoogle.js?client=ca-pub-8864793242727901\"\r\n     crossorigin=\"anonymous\"><\/script><br \/>\n<\/p>\n<div id=\"taboola-read-more\" style=\"display:block; width:100%\">\n<p>O ex-presidente do Peru Alberto Fujimori (For\u00e7a Popular, direita) morreu nesta 4\u00aa feira (11.set.2024), aos 86 anos. Ele estava com c\u00e2ncer na l\u00edngua e tratava a doen\u00e7a desde maio. Al\u00e9m disso, o ex-l\u00edder de direita quebrou a bacia em junho e estava com a sa\u00fade debilitada.<\/p>\n<p>A morte foi confirmada por sua filha, Keiko Fujimori, em publica\u00e7\u00e3o no X (ex-Twitter). \u201cAp\u00f3s uma longa batalha contra o c\u00e2ncer, nosso pai, Alberto Fujimori, acaba de partir para o encontro com o Senhor. Pedimos \u00e0queles que o estimaram que nos acompanhem com uma ora\u00e7\u00e3o pelo descanso eterno de sua alma. Obrigado por tudo, papai\u201d, escreveu.<\/p>\n<\/p>\n<p>Moraes determinou a suspens\u00e3o do X no Brasil. No entanto, brasileiros que est\u00e3o no exterior seguem com acesso normal \u00e0 plataforma. Foi desta maneira que este jornal digital leu as mensagens postadas pelo empres\u00e1rio e replica neste texto, por ser de interesse p\u00fablico e ter relev\u00e2ncia jornal\u00edstica.<\/p>\n<p>Fujimori governou o Peru de 1990 a 2000. Foi eleito como um\u00a0<em>outsider\u00a0<\/em>ao desbancar no pleito o escritor Mario Vargas Llosa, que receberia posteriormente o Pr\u00eamio Nobel de Literatura. No in\u00edcio de seu mandato, fez uma gest\u00e3o considerada positiva, com o controle da hiperinfla\u00e7\u00e3o e redu\u00e7\u00e3o dos \u00edndices de criminalidade.<\/p>\n<p>Por\u00e9m, em abril de 1992, Fujimori ordenou a dissolu\u00e7\u00e3o do Congresso e passou a intervir no Judici\u00e1rio, aumentando seus poderes. Com isso, passou a liderar um regime de exce\u00e7\u00e3o com amplo apoio popular e das For\u00e7as Armadas peruanas.<\/p>\n<p>Com acusa\u00e7\u00f5es de ter ordenado massacres como forma de combate ao crime organizado, ele renunciou no ano 2000 por meio de um fax.<\/p>\n<p>Em 2009, ele foi condenado a 25 anos de pris\u00e3o por crimes contra a humanidade e corrup\u00e7\u00e3o envolvendo os massacres de Barrios Altos (1991) e La Cantuta (1992), que miravam a organiza\u00e7\u00e3o extremista Sendero Luminoso e vitimaram 25 pessoas. Passou 16 anos preso em Lima, capital do Peru.<\/p>\n<p>Fujimori foi solto em dezembro de 2023 depois de o Tribunal Constitucional do Peru ordenar sua libera\u00e7\u00e3o imediata e restituir um indulto humanit\u00e1rio concedido a ele em 2017 pelo ent\u00e3o presidente peruano Pedro Pablo Kuczynski. A decis\u00e3o livrou Fujimori das condena\u00e7\u00f5es pelos crimes contra a humanidade.<\/p>\n<p>Fonte: Poder360<\/p>\n<\/p><\/div>\n<p><br \/>\n<br \/><a href=\"https:\/\/diariodobrasilnoticias.com.br\/noticia\/morre-ex-presidente-do-peru-alberto-fujimori-aos-86-anos-66e2bee2bb7c6\">Source link <\/a><\/p>","protected":false},"excerpt":{"rendered":"<p>O ex-presidente do Peru Alberto Fujimori (For\u00e7a Popular, direita) morreu nesta 4\u00aa feira (11.set.2024), aos 86 anos. Ele estava com c\u00e2ncer na l\u00edngua e tratava a doen\u00e7a desde maio. Al\u00e9m&hellip;<\/p>","protected":false},"author":1,"featured_media":35930,"comment_status":"closed","ping_status":"open","sticky":false,"template":"","format":"standard","meta":{"content-type":"","footnotes":""},"categories":[16],"tags":[123,2448,5313,1267],"class_list":["post-35929","post","type-post","status-publish","format-standard","has-post-thumbnail","hentry","category-noticias","tag-brasil","tag-diario","tag-noticia","tag-noticias"],"_links":{"self":[{"href":"https:\/\/tvbrazilusa.com\/pt\/wp-json\/wp\/v2\/posts\/35929","targetHints":{"allow":["GET"]}}],"collection":[{"href":"https:\/\/tvbrazilusa.com\/pt\/wp-json\/wp\/v2\/posts"}],"about":[{"href":"https:\/\/tvbrazilusa.com\/pt\/wp-json\/wp\/v2\/types\/post"}],"author":[{"embeddable":true,"href":"https:\/\/tvbrazilusa.com\/pt\/wp-json\/wp\/v2\/users\/1"}],"replies":[{"embeddable":true,"href":"https:\/\/tvbrazilusa.com\/pt\/wp-json\/wp\/v2\/comments?post=35929"}],"version-history":[{"count":1,"href":"https:\/\/tvbrazilusa.com\/pt\/wp-json\/wp\/v2\/posts\/35929\/revisions"}],"predecessor-version":[{"id":35931,"href":"https:\/\/tvbrazilusa.com\/pt\/wp-json\/wp\/v2\/posts\/35929\/revisions\/35931"}],"wp:featuredmedia":[{"embeddable":true,"href":"https:\/\/tvbrazilusa.com\/pt\/wp-json\/wp\/v2\/media\/35930"}],"wp:attachment":[{"href":"https:\/\/tvbrazilusa.com\/pt\/wp-json\/wp\/v2\/media?parent=35929"}],"wp:term":[{"taxonomy":"category","embeddable":true,"href":"https:\/\/tvbrazilusa.com\/pt\/wp-json\/wp\/v2\/categories?post=35929"},{"taxonomy":"post_tag","embeddable":true,"href":"https:\/\/tvbrazilusa.com\/pt\/wp-json\/wp\/v2\/tags?post=35929"}],"curies":[{"name":"wp","href":"https:\/\/api.w.org\/{rel}","templated":true}]}}