{"id":35947,"date":"2024-09-12T11:28:51","date_gmt":"2024-09-12T11:28:51","guid":{"rendered":"https:\/\/tvbrazilusa.com\/2024\/09\/12\/venezuela-anuncia-parceria-com-mst-e-provoca-lula\/"},"modified":"2024-09-12T11:28:52","modified_gmt":"2024-09-12T11:28:52","slug":"venezuela-anuncia-parceria-com-mst-e-provoca-lula","status":"publish","type":"post","link":"https:\/\/tvbrazilusa.com\/pt\/2024\/09\/12\/venezuela-anuncia-parceria-com-mst-e-provoca-lula\/","title":{"rendered":"Venezuela anuncia parceria com MST e provoca Lula"},"content":{"rendered":"<p> <script async src=\"https:\/\/pagead2.googlesyndication.com\/pagead\/js\/adsbygoogle.js?client=ca-pub-8864793242727901\"\r\n     crossorigin=\"anonymous\"><\/script><br \/>\n<\/p>\n<div id=\"taboola-read-more\" style=\"display:block; width:100%\">\n<p>O ex-ministro das Rela\u00e7\u00f5es Exteriores da Venezuela Jorge Arreaza anunciou, na ter\u00e7a-feira (10), uma parceria com o MST (Movimento dos Trabalhadores Rurais Sem Terra) para a produ\u00e7\u00e3o agr\u00edcola. Em comunicado, Arreaza fez uma provoca\u00e7\u00e3o ao governo do presidente Luiz In\u00e1cio Lula da Silva (PT).<\/p>\n<p>\u201cO presidente Nicol\u00e1s Maduro cumpre o projeto sonhado pelo comandante Hugo Ch\u00e1vez e pelo MST (e pelo governo do Brasil naquela \u00e9poca, diferente do atual)\u201d, escreveu o ex-chanceler em publica\u00e7\u00e3o no Telegram. \u201cTerras na Venezuela para que transferiram [o MST] seus conhecimentos em produ\u00e7\u00e3o agroecol\u00f3gica para o nosso campesinato comunit\u00e1rio e produzam para a vida, em escalas antes inimagin\u00e1veis\u201d, acrescentou.<\/p>\n<p>Segundo o comunicado, num 1\u00ba momento, 10.000 hectares de terras no Estado de Bol\u00edvar foram colocados sob a gest\u00e3o do movimento brasileiro. \u201cAlimentos saud\u00e1veis e solos saud\u00e1veis para o nosso povo e para o mundo\u201d, completou Arreaza.<\/p>\n<p>O texto acompanha um v\u00eddeo de propaganda que cita que a parceria atende a uma orienta\u00e7\u00e3o de Maduro. Diz que o \u201cmovimento \u00e9 sem terra no Brasil\u201d, mas \u201ccom terra\u201d na Venezuela. Afirma ainda que as terras, consideradas de boa produtividade, receber\u00e3o lavouras de milho, soja e feij\u00e3o.<\/p>\n<p>Ao final do v\u00eddeo, a articuladora do MST Simone Magalh\u00e3es agradece pela parceria: \u201cDo nosso Movimento Sem Terra do Brasil, de toda nossa organiza\u00e7\u00e3o, agradecemos e estamos muito contentes e honrados de estar aqui, e queremos agradecer por este convite. O que vimos aqui \u00e9 uma experi\u00eancia bonita, gente produzindo. Agradecemos ao ver tantas terras f\u00e9rteis e com uma capacidade produtiva incr\u00edvel\u201d.<\/p>\n<p>Recentemente, Maduro usou um bon\u00e9 do MST ao participar de uma c\u00fapula da Alba-TCP (Alian\u00e7a Bolivariana para os Povos da Nossa Am\u00e9rica \u2013 Tratado de Com\u00e9rcio dos Povos). No in\u00edcio do evento, o presidente venezuelano recebeu a pe\u00e7a de representantes do movimento que estavam no local.<\/p>\n<p>Com informa\u00e7\u00f5es de Poder 360<\/p>\n<\/div>\n<p><br \/>\n<br \/><a href=\"https:\/\/diariodobrasilnoticias.com.br\/noticia\/venezuela-anuncia-parceria-com-mst-e-provoca-lula-66e2cff204946\">Source link <\/a><\/p>","protected":false},"excerpt":{"rendered":"<p>O ex-ministro das Rela\u00e7\u00f5es Exteriores da Venezuela Jorge Arreaza anunciou, na ter\u00e7a-feira (10), uma parceria com o MST (Movimento dos Trabalhadores Rurais Sem Terra) para a produ\u00e7\u00e3o agr\u00edcola. Em comunicado,&hellip;<\/p>","protected":false},"author":1,"featured_media":35948,"comment_status":"closed","ping_status":"open","sticky":false,"template":"","format":"standard","meta":{"content-type":"","footnotes":""},"categories":[16],"tags":[123,2448,5313,1267],"class_list":["post-35947","post","type-post","status-publish","format-standard","has-post-thumbnail","hentry","category-noticias","tag-brasil","tag-diario","tag-noticia","tag-noticias"],"_links":{"self":[{"href":"https:\/\/tvbrazilusa.com\/pt\/wp-json\/wp\/v2\/posts\/35947","targetHints":{"allow":["GET"]}}],"collection":[{"href":"https:\/\/tvbrazilusa.com\/pt\/wp-json\/wp\/v2\/posts"}],"about":[{"href":"https:\/\/tvbrazilusa.com\/pt\/wp-json\/wp\/v2\/types\/post"}],"author":[{"embeddable":true,"href":"https:\/\/tvbrazilusa.com\/pt\/wp-json\/wp\/v2\/users\/1"}],"replies":[{"embeddable":true,"href":"https:\/\/tvbrazilusa.com\/pt\/wp-json\/wp\/v2\/comments?post=35947"}],"version-history":[{"count":1,"href":"https:\/\/tvbrazilusa.com\/pt\/wp-json\/wp\/v2\/posts\/35947\/revisions"}],"predecessor-version":[{"id":35949,"href":"https:\/\/tvbrazilusa.com\/pt\/wp-json\/wp\/v2\/posts\/35947\/revisions\/35949"}],"wp:featuredmedia":[{"embeddable":true,"href":"https:\/\/tvbrazilusa.com\/pt\/wp-json\/wp\/v2\/media\/35948"}],"wp:attachment":[{"href":"https:\/\/tvbrazilusa.com\/pt\/wp-json\/wp\/v2\/media?parent=35947"}],"wp:term":[{"taxonomy":"category","embeddable":true,"href":"https:\/\/tvbrazilusa.com\/pt\/wp-json\/wp\/v2\/categories?post=35947"},{"taxonomy":"post_tag","embeddable":true,"href":"https:\/\/tvbrazilusa.com\/pt\/wp-json\/wp\/v2\/tags?post=35947"}],"curies":[{"name":"wp","href":"https:\/\/api.w.org\/{rel}","templated":true}]}}