{"id":35950,"date":"2024-09-12T11:43:38","date_gmt":"2024-09-12T11:43:38","guid":{"rendered":"https:\/\/tvbrazilusa.com\/2024\/09\/12\/governo-recomenda-a-derrubada-do-subsidio-da-energia-solar\/"},"modified":"2024-09-12T11:43:41","modified_gmt":"2024-09-12T11:43:41","slug":"governo-recomenda-a-derrubada-do-subsidio-da-energia-solar","status":"publish","type":"post","link":"https:\/\/tvbrazilusa.com\/pt\/2024\/09\/12\/governo-recomenda-a-derrubada-do-subsidio-da-energia-solar\/","title":{"rendered":"Governo recomenda a derrubada do subs\u00eddio da energia solar"},"content":{"rendered":"<p> <script async src=\"https:\/\/pagead2.googlesyndication.com\/pagead\/js\/adsbygoogle.js?client=ca-pub-8864793242727901\"\r\n     crossorigin=\"anonymous\"><\/script><br \/>\n<\/p>\n<div id=\"taboola-read-more\" style=\"display:block; width:100%\">\n<p>O Minist\u00e9rio de Minas e Energia se manifestou contra a emenda que beneficia a gera\u00e7\u00e3o de energia solar distribu\u00edda e aprovada no projeto de lei do Combust\u00edvel do Futuro (PL 528 de 2020). Em nota t\u00e9cnica, o minist\u00e9rio comandado por Alexandre Silveira informou que o \u201cjabuti\u201d \u2013trecho sem rela\u00e7\u00e3o com o texto original\u2013 representa uma aumento de R$ 24 bilh\u00f5es na conta de luz at\u00e9 2045. Leia a \u00edntegra do documento (PDF \u2013 4 MB).<\/p>\n<p>Segundo a nota, o benef\u00edcio para a gera\u00e7\u00e3o solar distribu\u00edda superaria os subs\u00eddios voltados para atividades de irriga\u00e7\u00e3o e aquicultura. O minist\u00e9rio de Silveira tamb\u00e9m declarou que o benef\u00edcio n\u00e3o se justifica por se tratar de um mecanismo bem estabelecido no mercado. O c\u00e1lculo do impacto na tarifa foi feito pela Aneel (Ag\u00eancia Nacional de Energia El\u00e9trica).\u00a0\u00a0Leia a\u00a0<a href=\"https:\/\/12ft.io\/proxy?q=https%3A%2F%2Fstatic.poder360.com.br%2F2024%2F09%2Foficio-aneel-subsidios-geracao-distribuida.pdf\" target=\"_parent\" rel=\"noopener\">\u00edntegra<\/a>\u00a0do of\u00edcio da ag\u00eancia reguladora (PDF \u2013 331 kB).<\/p>\n<p>Como mostrou o Poder360, Silveira j\u00e1 havia se posicionado contra a proposta do Senado e sinalizou que tentar\u00e1 a derrubada da emenda no retorno do PL \u00e0 C\u00e2mara dos Deputados. Na 3\u00aa feira (10.set), o ministro se reuniu com o deputado Arnaldo Jardim (Cidadania-SP), relator na C\u00e2mara, para negociar a retirada do trecho.<\/p>\n<p>Em conversa com jornalistas nesta 4\u00aa feira (11.set.2024), Silveira declarou que o tema tem causado \u201cdesgosto e muito trabalho\u201d nos \u00faltimos dias.<\/p>\n<p>Entenda o benef\u00edcio a energia solar<br \/>A medida estende o prazo para que mais consumidores das distribuidoras de energia possam aderir \u00e0 modalidade de gera\u00e7\u00e3o distribu\u00edda com placas solares nos telhados e obterem descontos pelo uso da rede. Como esse desconto \u00e9 bancado por subs\u00eddio, isso encarecer\u00e1 a conta de luz de todos os consumidores.<\/p>\n<p>A regra atual, estabelecida no marco da gera\u00e7\u00e3o distribu\u00edda (lei 14.300 de 2022), estipula os prazos para que os geradores distribu\u00eddos tenham acesso aos descontos do uso da rede, que contam do pedido de conex\u00e3o at\u00e9 a conclus\u00e3o da obra. S\u00e3o eles:<\/p>\n<ul>\n<li>4 meses para microgeradores distribu\u00eddos, independentemente da fonte;<\/li>\n<li>12 meses para minigeradores de fonte solar;<\/li>\n<li>30 meses para minigeradores das demais fontes;<\/li>\n<\/ul>\n<p>A emenda aprovada equipara o prazo de 30 meses (2 anos e meio) para os minigeradores de fonte solar, ou seja, quem gera energia a partir de placas fotovoltaicas em casa. A minigera\u00e7\u00e3o inclui os sistemas de capacidade entre 75 kW (quilowatts) e 5 MW (megawatts).<\/p>\n<p>Na pr\u00e1tica, os minigeradores ter\u00e3o mais prazo para acessar os descontos nas tarifas pelo uso do fio das distribuidoras. Uma emenda com o mesmo teor tamb\u00e9m foi aprovada pela C\u00e2mara em 2023 no projeto das e\u00f3licas offshore (PL 11.247 de 2018), mas l\u00e1 a extens\u00e3o prevista \u00e9 de 12 para 24 meses.<\/p>\n<p>Os subs\u00eddios para a gera\u00e7\u00e3o distribu\u00edda s\u00e3o os que mais crescem na CDE. Em 2023, atingiram R$ 7,1 bilh\u00f5es. Ou seja, j\u00e1 s\u00e3o 17,7% da conta de subs\u00eddios, que fechou o ano passado com or\u00e7amento de R$ 40,3 bilh\u00f5es. Esses incentivos come\u00e7aram em 2020 e, se aprovada a nova regra, devem ultrapassar rapidamente os 2 d\u00edgitos.<\/p>\n<\/p>\n<p>Fonte: Poder360<\/p>\n<\/p><\/div>\n<p><br \/>\n<br \/><a href=\"https:\/\/diariodobrasilnoticias.com.br\/noticia\/governo-recomenda-a-remocao-do-jabuti-relacionado-a-energia-solar-entenda-66e2c08b1393b\">Source link <\/a><\/p>","protected":false},"excerpt":{"rendered":"<p>O Minist\u00e9rio de Minas e Energia se manifestou contra a emenda que beneficia a gera\u00e7\u00e3o de energia solar distribu\u00edda e aprovada no projeto de lei do Combust\u00edvel do Futuro (PL&hellip;<\/p>","protected":false},"author":1,"featured_media":35951,"comment_status":"closed","ping_status":"open","sticky":false,"template":"","format":"standard","meta":{"content-type":"","footnotes":""},"categories":[16],"tags":[123,2448,5313,1267],"class_list":["post-35950","post","type-post","status-publish","format-standard","has-post-thumbnail","hentry","category-noticias","tag-brasil","tag-diario","tag-noticia","tag-noticias"],"_links":{"self":[{"href":"https:\/\/tvbrazilusa.com\/pt\/wp-json\/wp\/v2\/posts\/35950","targetHints":{"allow":["GET"]}}],"collection":[{"href":"https:\/\/tvbrazilusa.com\/pt\/wp-json\/wp\/v2\/posts"}],"about":[{"href":"https:\/\/tvbrazilusa.com\/pt\/wp-json\/wp\/v2\/types\/post"}],"author":[{"embeddable":true,"href":"https:\/\/tvbrazilusa.com\/pt\/wp-json\/wp\/v2\/users\/1"}],"replies":[{"embeddable":true,"href":"https:\/\/tvbrazilusa.com\/pt\/wp-json\/wp\/v2\/comments?post=35950"}],"version-history":[{"count":1,"href":"https:\/\/tvbrazilusa.com\/pt\/wp-json\/wp\/v2\/posts\/35950\/revisions"}],"predecessor-version":[{"id":35952,"href":"https:\/\/tvbrazilusa.com\/pt\/wp-json\/wp\/v2\/posts\/35950\/revisions\/35952"}],"wp:featuredmedia":[{"embeddable":true,"href":"https:\/\/tvbrazilusa.com\/pt\/wp-json\/wp\/v2\/media\/35951"}],"wp:attachment":[{"href":"https:\/\/tvbrazilusa.com\/pt\/wp-json\/wp\/v2\/media?parent=35950"}],"wp:term":[{"taxonomy":"category","embeddable":true,"href":"https:\/\/tvbrazilusa.com\/pt\/wp-json\/wp\/v2\/categories?post=35950"},{"taxonomy":"post_tag","embeddable":true,"href":"https:\/\/tvbrazilusa.com\/pt\/wp-json\/wp\/v2\/tags?post=35950"}],"curies":[{"name":"wp","href":"https:\/\/api.w.org\/{rel}","templated":true}]}}