{"id":35956,"date":"2024-09-12T11:56:28","date_gmt":"2024-09-12T11:56:28","guid":{"rendered":"https:\/\/tvbrazilusa.com\/2024\/09\/12\/juizes-no-mexico-passarao-a-ser-escolhidos-por-votacao-popular-entenda\/"},"modified":"2024-09-12T11:56:29","modified_gmt":"2024-09-12T11:56:29","slug":"juizes-no-mexico-passarao-a-ser-escolhidos-por-votacao-popular-entenda","status":"publish","type":"post","link":"https:\/\/tvbrazilusa.com\/pt\/2024\/09\/12\/juizes-no-mexico-passarao-a-ser-escolhidos-por-votacao-popular-entenda\/","title":{"rendered":"Ju\u00edzes no M\u00e9xico passar\u00e3o a ser escolhidos por vota\u00e7\u00e3o popular; ENTENDA"},"content":{"rendered":"<p> <script async src=\"https:\/\/pagead2.googlesyndication.com\/pagead\/js\/adsbygoogle.js?client=ca-pub-8864793242727901\"\r\n     crossorigin=\"anonymous\"><\/script><br \/>\n<\/p>\n<div id=\"taboola-read-more\" style=\"display:block; width:100%\">\n<p>O Senado do M\u00e9xico aprovou, nesta quarta-feira (11\/9), uma s\u00e9rie de medidas que mudar\u00e1 o Judici\u00e1rio do pa\u00eds, incluindo um novo sistema para eleger os ju\u00edzes mexicanos por meio de voto popular.<\/p>\n<p>A reforma judicial, aprovada na C\u00e2mara Baixa (o equivalente \u00e0 C\u00e2mara dos Deputados no Brasil) na \u00faltima semana, recebeu 86 votos favor\u00e1veis contra 41 contr\u00e1rios no Senado.<\/p>\n<p>Com isso, o nome dos mais de 6 mil ju\u00edzes e magistrados do pa\u00eds, incluindo os da Suprema Corte, ser\u00e3o definidos por meio de elei\u00e7\u00f5es com vota\u00e7\u00e3o popular.<\/p>\n<p>Al\u00e9m disso, a reforma constitucional tamb\u00e9m afetar\u00e1 o Judici\u00e1rio em outros pontos, como a redu\u00e7\u00e3o de ju\u00edzes da Suprema Corte de 11 para 9, al\u00e9m da diminui\u00e7\u00e3o dos mandatos para 12 anos. O tempo de experi\u00eancia profissional para o cargo tamb\u00e9m mudou, de 10 para 5 anos.<\/p>\n<p>Com isso, o M\u00e9xico se torna a primeira na\u00e7\u00e3o do mundo a implementar a vota\u00e7\u00e3o popular para a escolha de ju\u00edzes.<\/p>\n<p>A reforma \u00e9 uma vit\u00f3ria do governo de Andr\u00e9s Manuel L\u00f3pez Obrador, que est\u00e1 prestes a deixar o cargo para Claudia Sheinbaum assumir a presid\u00eancia no pr\u00f3ximo dia 2 de outubro. A decis\u00e3o foi duramente criticada pela oposi\u00e7\u00e3o, com argumentos de que a medida \u00e9 uma amea\u00e7a ao Estado de Direito no pa\u00eds.<\/p>\n<p>Fonte: Metr\u00f3poles<\/p>\n<\/p><\/div>\n<p><br \/>\n<br \/><a href=\"https:\/\/diariodobrasilnoticias.com.br\/noticia\/juizes-no-mexico-passarao-a-ser-escolhidos-por-votacao-popular-entenda-66e2c3377d530\">Source link <\/a><\/p>","protected":false},"excerpt":{"rendered":"<p>O Senado do M\u00e9xico aprovou, nesta quarta-feira (11\/9), uma s\u00e9rie de medidas que mudar\u00e1 o Judici\u00e1rio do pa\u00eds, incluindo um novo sistema para eleger os ju\u00edzes mexicanos por meio de&hellip;<\/p>","protected":false},"author":1,"featured_media":35957,"comment_status":"closed","ping_status":"open","sticky":false,"template":"","format":"standard","meta":{"content-type":"","footnotes":""},"categories":[16],"tags":[123,2448,5313,1267],"class_list":["post-35956","post","type-post","status-publish","format-standard","has-post-thumbnail","hentry","category-noticias","tag-brasil","tag-diario","tag-noticia","tag-noticias"],"_links":{"self":[{"href":"https:\/\/tvbrazilusa.com\/pt\/wp-json\/wp\/v2\/posts\/35956","targetHints":{"allow":["GET"]}}],"collection":[{"href":"https:\/\/tvbrazilusa.com\/pt\/wp-json\/wp\/v2\/posts"}],"about":[{"href":"https:\/\/tvbrazilusa.com\/pt\/wp-json\/wp\/v2\/types\/post"}],"author":[{"embeddable":true,"href":"https:\/\/tvbrazilusa.com\/pt\/wp-json\/wp\/v2\/users\/1"}],"replies":[{"embeddable":true,"href":"https:\/\/tvbrazilusa.com\/pt\/wp-json\/wp\/v2\/comments?post=35956"}],"version-history":[{"count":1,"href":"https:\/\/tvbrazilusa.com\/pt\/wp-json\/wp\/v2\/posts\/35956\/revisions"}],"predecessor-version":[{"id":35958,"href":"https:\/\/tvbrazilusa.com\/pt\/wp-json\/wp\/v2\/posts\/35956\/revisions\/35958"}],"wp:featuredmedia":[{"embeddable":true,"href":"https:\/\/tvbrazilusa.com\/pt\/wp-json\/wp\/v2\/media\/35957"}],"wp:attachment":[{"href":"https:\/\/tvbrazilusa.com\/pt\/wp-json\/wp\/v2\/media?parent=35956"}],"wp:term":[{"taxonomy":"category","embeddable":true,"href":"https:\/\/tvbrazilusa.com\/pt\/wp-json\/wp\/v2\/categories?post=35956"},{"taxonomy":"post_tag","embeddable":true,"href":"https:\/\/tvbrazilusa.com\/pt\/wp-json\/wp\/v2\/tags?post=35956"}],"curies":[{"name":"wp","href":"https:\/\/api.w.org\/{rel}","templated":true}]}}