{"id":35962,"date":"2024-09-12T12:11:46","date_gmt":"2024-09-12T12:11:46","guid":{"rendered":"https:\/\/tvbrazilusa.com\/2024\/09\/12\/associacao-de-jornais-solicita-ao-stf-a-revisao-da-multa-aplicada-a-veiculos-por-acessarem-o-x-via-vpn\/"},"modified":"2024-09-12T12:11:47","modified_gmt":"2024-09-12T12:11:47","slug":"associacao-de-jornais-solicita-ao-stf-a-revisao-da-multa-aplicada-a-veiculos-por-acessarem-o-x-via-vpn","status":"publish","type":"post","link":"https:\/\/tvbrazilusa.com\/pt\/2024\/09\/12\/associacao-de-jornais-solicita-ao-stf-a-revisao-da-multa-aplicada-a-veiculos-por-acessarem-o-x-via-vpn\/","title":{"rendered":"Associa\u00e7\u00e3o de Jornais solicita ao STF a revis\u00e3o da multa aplicada a ve\u00edculos por acessarem o X via VPN"},"content":{"rendered":"<p> <script async src=\"https:\/\/pagead2.googlesyndication.com\/pagead\/js\/adsbygoogle.js?client=ca-pub-8864793242727901\"\r\n     crossorigin=\"anonymous\"><\/script><br \/>\n<\/p>\n<div id=\"taboola-read-more\" style=\"display:block; width:100%\">\n<p>A Associa\u00e7\u00e3o Nacional de Jornais (ANJ) divulgou nesta quarta-feira (11) uma nota manifestando \u201cprofunda preocupa\u00e7\u00e3o\u201d com a multa imposta pelo ministro Alexandre de Moraes, do Supremo Tribunal Federal (STF), a quem acessar o X, por meio do VPN.<\/p>\n<p>Segundo a ANJ, a decis\u00e3o prejudica diretamente os ve\u00edculos de imprensa \u201cque precisam, por for\u00e7ade sua miss\u00e3o, monitorar o que ocorre dentro da plataforma\u201d.<\/p>\n<p>A entidade ainda informou que \u201ctem recebido uma s\u00e9rie de informes de ve\u00edculos e jornalistas que deixaram de ter acesso a vis\u00f5es, relatos e pensamentos de diferentes fontes de not\u00edcias, dentro e fora do Brasil, e que s\u00e3o corriqueiramente distribu\u00eddos por meio da plataforma\u201d.<\/p>\n<p>A ANJ tamb\u00e9m destacou que uma das miss\u00f5es da imprensa \u00e9 \u201cacompanhar o que se passa nas redes e fazer a devida verifica\u00e7\u00e3o de vers\u00f5es e declara\u00e7\u00f5es, confrontando-as com fatos e dados reais\u201d.<\/p>\n<p>\u201cA proibi\u00e7\u00e3o de acesso, portanto, atinge diretamente o dever do jornalismo profissional de restabelecer a verdade dos fatos, quando necess\u00e1rio\u201d, destacou a associa\u00e7\u00e3o.<\/p>\n<p>Por fim, diante das restri\u00e7\u00f5es ao \u201clivre trabalho da imprensa\u201d, a ANJ cobrou que o STF \u201creveja a proibi\u00e7\u00e3o e a eventual puni\u00e7\u00e3o por acesso a qualquer rede social ou outra fonte de not\u00edcias\u201d.<\/p>\n<p>Especialistas ouvidos pela GazetadoPovo s\u00e3o un\u00e2nimes ao afirmar que n\u00e3o h\u00e1 outra plataforma que se compare ao X em termos de fluxo imediato de informa\u00e7\u00f5es e influ\u00eancia pol\u00edtica.<\/p>\n<p>Censura ao X e multa por uso do VPN<br \/>O banimento da rede social aconteceu depois que a plataforma n\u00e3o obedeceu a uma determina\u00e7\u00e3o de Moraes que pedia a indica\u00e7\u00e3o de um respons\u00e1vel legal no Brasil.<\/p>\n<p>A decis\u00e3o faz parte de um inqu\u00e9rito que envolve o empres\u00e1rio Elon Musk, s\u00f3cio do X.<\/p>\n<p>Em abril, Alexandre de Moraes determinou que Musk fosse investigado pelos crimes de obstru\u00e7\u00e3o \u00e0 Justi\u00e7a, organiza\u00e7\u00e3o criminosa e incita\u00e7\u00e3o ao crime.<\/p>\n<p>No dia 2 de setembro, o bloqueio ao X foi confirmado pela Primeira Turma do STF, assim como a aplica\u00e7\u00e3o de multa di\u00e1ria de R$ 50 mil \u201ca pessoas naturais e jur\u00eddicas que incorrerem em condutas no sentido de utiliza\u00e7\u00e3o de subterf\u00fagios tecnol\u00f3gicos para continuidade das comunica\u00e7\u00f5es ocorridas pelo \u2018X\u2019, tal como o uso de VPN (\u2018virtual private network\u2019), sem preju\u00edzo das demais san\u00e7\u00f5es civis e criminais, na forma da lei\u201d.<\/p>\n<p>O VPN \u00e9 um dispositivo utilizado em outros pa\u00edses para driblar censura e vigil\u00e2ncia, que conecta o computador ou aparelho celular do usu\u00e1rio a um provedor fora do pa\u00eds em uma esp\u00e9cie de rede \u00e0 parte.<\/p>\n<p>Fonte: Gazeta do Povo<\/p>\n<\/div>\n<p><br \/>\n<br \/><a href=\"https:\/\/diariodobrasilnoticias.com.br\/noticia\/associacao-de-jornais-solicita-ao-stf-a-revisao-da-multa-aplicada-a-veiculos-por-acessarem-o-x-via-vpn-66e2c58270eb1\">Source link <\/a><\/p>","protected":false},"excerpt":{"rendered":"<p>A Associa\u00e7\u00e3o Nacional de Jornais (ANJ) divulgou nesta quarta-feira (11) uma nota manifestando \u201cprofunda preocupa\u00e7\u00e3o\u201d com a multa imposta pelo ministro Alexandre de Moraes, do Supremo Tribunal Federal (STF), a&hellip;<\/p>","protected":false},"author":1,"featured_media":35963,"comment_status":"closed","ping_status":"open","sticky":false,"template":"","format":"standard","meta":{"content-type":"","footnotes":""},"categories":[16],"tags":[123,2448,5313,1267],"class_list":["post-35962","post","type-post","status-publish","format-standard","has-post-thumbnail","hentry","category-noticias","tag-brasil","tag-diario","tag-noticia","tag-noticias"],"_links":{"self":[{"href":"https:\/\/tvbrazilusa.com\/pt\/wp-json\/wp\/v2\/posts\/35962","targetHints":{"allow":["GET"]}}],"collection":[{"href":"https:\/\/tvbrazilusa.com\/pt\/wp-json\/wp\/v2\/posts"}],"about":[{"href":"https:\/\/tvbrazilusa.com\/pt\/wp-json\/wp\/v2\/types\/post"}],"author":[{"embeddable":true,"href":"https:\/\/tvbrazilusa.com\/pt\/wp-json\/wp\/v2\/users\/1"}],"replies":[{"embeddable":true,"href":"https:\/\/tvbrazilusa.com\/pt\/wp-json\/wp\/v2\/comments?post=35962"}],"version-history":[{"count":1,"href":"https:\/\/tvbrazilusa.com\/pt\/wp-json\/wp\/v2\/posts\/35962\/revisions"}],"predecessor-version":[{"id":35964,"href":"https:\/\/tvbrazilusa.com\/pt\/wp-json\/wp\/v2\/posts\/35962\/revisions\/35964"}],"wp:featuredmedia":[{"embeddable":true,"href":"https:\/\/tvbrazilusa.com\/pt\/wp-json\/wp\/v2\/media\/35963"}],"wp:attachment":[{"href":"https:\/\/tvbrazilusa.com\/pt\/wp-json\/wp\/v2\/media?parent=35962"}],"wp:term":[{"taxonomy":"category","embeddable":true,"href":"https:\/\/tvbrazilusa.com\/pt\/wp-json\/wp\/v2\/categories?post=35962"},{"taxonomy":"post_tag","embeddable":true,"href":"https:\/\/tvbrazilusa.com\/pt\/wp-json\/wp\/v2\/tags?post=35962"}],"curies":[{"name":"wp","href":"https:\/\/api.w.org\/{rel}","templated":true}]}}