{"id":35968,"date":"2024-09-12T12:33:35","date_gmt":"2024-09-12T12:33:35","guid":{"rendered":"https:\/\/tvbrazilusa.com\/2024\/09\/12\/mp-nao-encontra-crime-em-carlos-bolsonaro-por-rachadinha-em-gabinete\/"},"modified":"2024-09-12T12:33:37","modified_gmt":"2024-09-12T12:33:37","slug":"mp-nao-encontra-crime-em-carlos-bolsonaro-por-rachadinha-em-gabinete","status":"publish","type":"post","link":"https:\/\/tvbrazilusa.com\/pt\/2024\/09\/12\/mp-nao-encontra-crime-em-carlos-bolsonaro-por-rachadinha-em-gabinete\/","title":{"rendered":"MP n\u00e3o encontra crime em Carlos Bolsonaro por &#8216;rachadinha&#8217; em gabinete"},"content":{"rendered":"<p> <script async src=\"https:\/\/pagead2.googlesyndication.com\/pagead\/js\/adsbygoogle.js?client=ca-pub-8864793242727901\"\r\n     crossorigin=\"anonymous\"><\/script><br \/>\n<\/p>\n<div id=\"taboola-read-more\" style=\"display:block; width:100%\">\n<p>O MP-RJ (Minist\u00e9rio P\u00fablico do Estado do Rio de Janeiro) arquivou nesta 4\u00aa feira (11.set.2024) o inqu\u00e9rito contra o vereador Carlos Bolsonaro (PL) pelo crime de \u201crachadinha\u201d (repasse de sal\u00e1rios) e denunciou 7 ex-funcion\u00e1rios do filho \u201c02\u201d do ex-presidente Jair Bolsonaro (PL) no caso, dentre elas, o chefe de gabinete Jorge Luiz Fernandes.<\/p>\n<p>Segundo a den\u00fancia, Jorge Luiz Fernandes seria o l\u00edder da organiza\u00e7\u00e3o criminosa e teria desviado R$ 1,7 milh\u00e3o dos cofres municipais de 2005 a 2021. O caso agora ser\u00e1 analisado na 1\u00aa Vara Criminal Especializada da Comarca da Capital do Rio de Janeiro.<\/p>\n<p>Em rela\u00e7\u00e3o a Carlos Bolsonaro, a 3\u00aa Promotoria de Justi\u00e7a de Investiga\u00e7\u00e3o Penal Especializada da Capital concluiu que n\u00e3o existe provas suficientes para sustentar a acusa\u00e7\u00e3o de pr\u00e1tica criminosa contra o vereador no esquema.<\/p>\n<p>\u201cEmbora existam ind\u00edcios de que os assessores n\u00e3o estariam cumprindo corretamente sua jornada de trabalho, sem a devida presta\u00e7\u00e3o de servi\u00e7os, n\u00e3o foi poss\u00edvel identificar nenhum ind\u00edcio de crime, apenas uma infra\u00e7\u00e3o administrativa, o que torna os fatos at\u00edpicos do ponto de vista penal\u201d, diz um trecho da decis\u00e3o.<\/p>\n<p><strong>ENTENDA<\/strong><br \/>O grupo, composto por Juciara da Concei\u00e7\u00e3o Raimundo da Cunha, Alexander Florindo Baptista Junior, Thiago Medeiros da Silva, Jos\u00e9 Francisco dos Santos, Andrea Cristina da Cruz Martins, e Regina C\u00e9lia Sobral Fernandes, teria desviado parte dos sal\u00e1rios para o chefe de gabinete.<\/p>\n<p>A acusa\u00e7\u00e3o afirma que Fernandes usou sua influ\u00eancia e proximidade com a fam\u00edlia Bolsonaro para facilitar a nomea\u00e7\u00e3o dos demais acusados. Estes, por sua vez, repassavam parte de seus ganhos a ele.<\/p>\n<p>Fernandes seria o respons\u00e1vel por gerenciar os valores desviados por meio de uma conta banc\u00e1ria espec\u00edfica.<\/p>\n<p><strong>O QUE DIZ CARLOS BOLSONARO<\/strong><br \/>O vereador do Rio, que tenta a relei\u00e7\u00e3o nestas elei\u00e7\u00f5es municipais, disse que recebeu a not\u00edcia do arquivamento com \u201ctranquilidade\u201d, mas disse manifestar \u201cindigna\u00e7\u00e3o\u201d pela den\u00fancia apresentada contra os ex-funcion\u00e1rios.<\/p>\n<p>\u201cEssa acusa\u00e7\u00e3o \u00e9 baseada, principalmente, em movimenta\u00e7\u00f5es financeiras realizadas entre familiares e entre algumas pessoas que at\u00e9 onde sei sequer foram ouvidas pelo Minist\u00e9rio P\u00fablico, apesar de investigarem cerca de 20 anos de suas vidas\u201c, disse nas redes sociais.<\/p>\n<p>Carlos disse ter \u201cabsoluta certeza\u201d de que os envolvidos ir\u00e3o demonstrar a \u201cfragilidade\u201d das acusa\u00e7\u00f5es e que demonstrar\u00e3o inoc\u00eancia.<\/p>\n<p><strong>Leia a \u00edntegra da nota de Carlos Bolsonaro:<\/strong><\/p>\n<p><em>\u201cApesar do processo sigiloso, recebo com tranquilidade a informa\u00e7\u00e3o de que o Minist\u00e9rio P\u00fablico arquivou uma longa investiga\u00e7\u00e3o contra a minha pessoa que, al\u00e9m de servir para narrativas e ataques contra a minha reputa\u00e7\u00e3o, demonstrou a inexist\u00eancia dos fatos e a minha inoc\u00eancia.<\/em><\/p>\n<p><em>\u201cManifesto indigna\u00e7\u00e3o com a not\u00edcia da den\u00fancia contra alguns integrantes do meu gabinete. Essa acusa\u00e7\u00e3o \u00e9 baseada, principalmente, em movimenta\u00e7\u00f5es financeiras realizadas entre familiares e entre algumas pessoas que at\u00e9 onde sei sequer foram ouvidas pelo Minist\u00e9rio P\u00fablico, apesar de investigarem cerca de 20 anos de suas vidas.<\/em><\/p>\n<p><em>\u201cRegistro ainda que essa investiga\u00e7\u00e3o durou mais de cinco anos, o tal laudo pericial complementar j\u00e1 estava pronto desde agosto de 2023, mas curiosamente o Minist\u00e9rio P\u00fablico somente apresentou essa den\u00fancia faltando poucos dias para as pr\u00f3ximas elei\u00e7\u00f5es municipais. Confio em todos os meus funcion\u00e1rios e tenho absoluta certeza que todos os envolvidos demonstrar\u00e3o a fragilidade da acusa\u00e7\u00e3o e suas inoc\u00eancias.\u201d<\/em><\/p>\n<p>Fonte: Poder360<\/p>\n<\/p><\/div>\n<p><br \/>\n<br \/><a href=\"https:\/\/diariodobrasilnoticias.com.br\/noticia\/mp-nao-encontra-crime-em-carlos-bolsonaro-por-rachadinha-em-gabinete-66e2ccf09f100\">Source link <\/a><\/p>","protected":false},"excerpt":{"rendered":"<p>O MP-RJ (Minist\u00e9rio P\u00fablico do Estado do Rio de Janeiro) arquivou nesta 4\u00aa feira (11.set.2024) o inqu\u00e9rito contra o vereador Carlos Bolsonaro (PL) pelo crime de \u201crachadinha\u201d (repasse de sal\u00e1rios)&hellip;<\/p>","protected":false},"author":1,"featured_media":35969,"comment_status":"closed","ping_status":"open","sticky":false,"template":"","format":"standard","meta":{"content-type":"","footnotes":""},"categories":[16],"tags":[123,2448,5313,1267],"class_list":["post-35968","post","type-post","status-publish","format-standard","has-post-thumbnail","hentry","category-noticias","tag-brasil","tag-diario","tag-noticia","tag-noticias"],"_links":{"self":[{"href":"https:\/\/tvbrazilusa.com\/pt\/wp-json\/wp\/v2\/posts\/35968","targetHints":{"allow":["GET"]}}],"collection":[{"href":"https:\/\/tvbrazilusa.com\/pt\/wp-json\/wp\/v2\/posts"}],"about":[{"href":"https:\/\/tvbrazilusa.com\/pt\/wp-json\/wp\/v2\/types\/post"}],"author":[{"embeddable":true,"href":"https:\/\/tvbrazilusa.com\/pt\/wp-json\/wp\/v2\/users\/1"}],"replies":[{"embeddable":true,"href":"https:\/\/tvbrazilusa.com\/pt\/wp-json\/wp\/v2\/comments?post=35968"}],"version-history":[{"count":1,"href":"https:\/\/tvbrazilusa.com\/pt\/wp-json\/wp\/v2\/posts\/35968\/revisions"}],"predecessor-version":[{"id":35970,"href":"https:\/\/tvbrazilusa.com\/pt\/wp-json\/wp\/v2\/posts\/35968\/revisions\/35970"}],"wp:featuredmedia":[{"embeddable":true,"href":"https:\/\/tvbrazilusa.com\/pt\/wp-json\/wp\/v2\/media\/35969"}],"wp:attachment":[{"href":"https:\/\/tvbrazilusa.com\/pt\/wp-json\/wp\/v2\/media?parent=35968"}],"wp:term":[{"taxonomy":"category","embeddable":true,"href":"https:\/\/tvbrazilusa.com\/pt\/wp-json\/wp\/v2\/categories?post=35968"},{"taxonomy":"post_tag","embeddable":true,"href":"https:\/\/tvbrazilusa.com\/pt\/wp-json\/wp\/v2\/tags?post=35968"}],"curies":[{"name":"wp","href":"https:\/\/api.w.org\/{rel}","templated":true}]}}