{"id":35971,"date":"2024-09-12T12:28:23","date_gmt":"2024-09-12T12:28:23","guid":{"rendered":"https:\/\/tvbrazilusa.com\/2024\/09\/12\/nuvens-vapor-e-tempestades-nesta-quinta-feira-wsvn-7news-noticias-de-miami-clima-esportes-fort-lauderdale\/"},"modified":"2024-09-12T12:38:55","modified_gmt":"2024-09-12T12:38:55","slug":"nuvens-vapor-e-tempestades-nesta-quinta-feira-wsvn-7news-noticias-de-miami-clima-esportes-fort-lauderdale","status":"publish","type":"post","link":"https:\/\/tvbrazilusa.com\/pt\/2024\/09\/12\/nuvens-vapor-e-tempestades-nesta-quinta-feira-wsvn-7news-noticias-de-miami-clima-esportes-fort-lauderdale\/","title":{"rendered":"Nuvens, vapor e tempestades nesta quinta-feira &#8211; WSVN 7News | Not\u00edcias de Miami, clima, esportes | Fort Lauderdale"},"content":{"rendered":"<p> <script async src=\"https:\/\/pagead2.googlesyndication.com\/pagead\/js\/adsbygoogle.js?client=ca-pub-8864793242727901\"\r\n     crossorigin=\"anonymous\"><\/script><br \/>\n<\/p>\n<div itemprop=\"articleBody\">\n<p>O trecho de tempo inst\u00e1vel continuar\u00e1 pelo resto desta semana, j\u00e1 que uma frente parada continua a reter bastante umidade em todo o estado. Com um fluxo de dire\u00e7\u00e3o oeste-noroeste permanecendo dominante no futuro previs\u00edvel, isso favorecer\u00e1 tempestades \u00e0 tarde perto da costa leste do metr\u00f4.<\/p>\n<figure class=\"wp-block-image size-large\"><\/figure>\n<p>Voc\u00ea pode ter notado mais nuvens no c\u00e9u at\u00e9 agora nesta quinta-feira. Isso se deve \u00e0s nuvens superiores que v\u00eam do que foi o furac\u00e3o Francine, agora uma depress\u00e3o tropical que afeta o sudeste dos EUA.<\/p>\n<p>Portanto, espere c\u00e9us nublados com pancadas de chuva e tempestades esparsas \u00e0 tarde. Vai estar quente com m\u00e1ximas previstas na casa dos 32 graus Celsius.<\/p>\n<figure class=\"wp-block-image size-large\"><img fetchpriority=\"high\" decoding=\"async\" width=\"1920\" height=\"1080\" src=\"https:\/\/wsvn.com\/wp-content\/uploads\/sites\/2\/2024\/09\/7_136d9c.png?w=1024\" alt=\"\" class=\"wp-image-1483938\" srcset=\"https:\/\/wsvn.com\/wp-content\/uploads\/sites\/2\/2024\/09\/7_136d9c.png 1920w, https:\/\/wsvn.com\/wp-content\/uploads\/sites\/2\/2024\/09\/7_136d9c.png?resize=300,169 300w, https:\/\/wsvn.com\/wp-content\/uploads\/sites\/2\/2024\/09\/7_136d9c.png?resize=768,432 768w, https:\/\/wsvn.com\/wp-content\/uploads\/sites\/2\/2024\/09\/7_136d9c.png?resize=1024,576 1024w, https:\/\/wsvn.com\/wp-content\/uploads\/sites\/2\/2024\/09\/7_136d9c.png?resize=1536,864 1536w\" sizes=\"(max-width: 1920px) 100vw, 1920px\"\/><\/figure>\n<p>As temperaturas previstas atingir\u00e3o o pico na casa dos 38\u00b0C, o que justifica um alerta de calor para Miami-Dade, Broward e Florida Keys das 10h \u00e0s 18h.<\/p>\n<figure class=\"wp-block-image size-large\"><img loading=\"lazy\" decoding=\"async\" width=\"1920\" height=\"1080\" src=\"https:\/\/wsvn.com\/wp-content\/uploads\/sites\/2\/2024\/09\/8_98d94d.png?w=1024\" alt=\"\" class=\"wp-image-1483939\" srcset=\"https:\/\/wsvn.com\/wp-content\/uploads\/sites\/2\/2024\/09\/8_98d94d.png 1920w, https:\/\/wsvn.com\/wp-content\/uploads\/sites\/2\/2024\/09\/8_98d94d.png?resize=300,169 300w, https:\/\/wsvn.com\/wp-content\/uploads\/sites\/2\/2024\/09\/8_98d94d.png?resize=768,432 768w, https:\/\/wsvn.com\/wp-content\/uploads\/sites\/2\/2024\/09\/8_98d94d.png?resize=1024,576 1024w, https:\/\/wsvn.com\/wp-content\/uploads\/sites\/2\/2024\/09\/8_98d94d.png?resize=1536,864 1536w\" sizes=\"auto, (max-width: 1920px) 100vw, 1920px\"\/><\/figure>\n<p>Mais sol retornar\u00e1 a tempo para sexta-feira e nosso fim de semana, mas tempestades \u00e0 tarde permanecer\u00e3o na previs\u00e3o. Nenhum dos pr\u00f3ximos dias ser\u00e1 um fracasso, felizmente.<\/p>\n<figure class=\"wp-block-image size-large\"><img loading=\"lazy\" decoding=\"async\" width=\"1920\" height=\"1080\" src=\"https:\/\/wsvn.com\/wp-content\/uploads\/sites\/2\/2024\/09\/9_a00a0b.png?w=1024\" alt=\"\" class=\"wp-image-1483940\" srcset=\"https:\/\/wsvn.com\/wp-content\/uploads\/sites\/2\/2024\/09\/9_a00a0b.png 1920w, https:\/\/wsvn.com\/wp-content\/uploads\/sites\/2\/2024\/09\/9_a00a0b.png?resize=300,169 300w, https:\/\/wsvn.com\/wp-content\/uploads\/sites\/2\/2024\/09\/9_a00a0b.png?resize=768,432 768w, https:\/\/wsvn.com\/wp-content\/uploads\/sites\/2\/2024\/09\/9_a00a0b.png?resize=1024,576 1024w, https:\/\/wsvn.com\/wp-content\/uploads\/sites\/2\/2024\/09\/9_a00a0b.png?resize=1536,864 1536w\" sizes=\"auto, (max-width: 1920px) 100vw, 1920px\"\/><\/figure>\n<p>O calor tamb\u00e9m permanecer\u00e1, com a alta press\u00e3o se tornando dominante sobre o Golfo do M\u00e9xico, enviando um vento muito fraco do oeste.<\/p>\n<figure class=\"wp-block-image size-large\"><img loading=\"lazy\" decoding=\"async\" width=\"1920\" height=\"1080\" src=\"https:\/\/wsvn.com\/wp-content\/uploads\/sites\/2\/2024\/09\/9_3d6f95.png?w=1024\" alt=\"\" class=\"wp-image-1483942\" srcset=\"https:\/\/wsvn.com\/wp-content\/uploads\/sites\/2\/2024\/09\/9_3d6f95.png 1920w, https:\/\/wsvn.com\/wp-content\/uploads\/sites\/2\/2024\/09\/9_3d6f95.png?resize=300,169 300w, https:\/\/wsvn.com\/wp-content\/uploads\/sites\/2\/2024\/09\/9_3d6f95.png?resize=768,432 768w, https:\/\/wsvn.com\/wp-content\/uploads\/sites\/2\/2024\/09\/9_3d6f95.png?resize=1024,576 1024w, https:\/\/wsvn.com\/wp-content\/uploads\/sites\/2\/2024\/09\/9_3d6f95.png?resize=1536,864 1536w\" sizes=\"auto, (max-width: 1920px) 100vw, 1920px\"\/><\/figure>\n<p>Indo para a pr\u00f3xima semana, h\u00e1 algumas quest\u00f5es com nossa previs\u00e3o e isso depender\u00e1 de qu\u00e3o longe o ar seco do sul chegar\u00e1 do norte. A partir de agora, chuvas e tempestades dispersas ser\u00e3o poss\u00edveis, mas esta previs\u00e3o pode tender para mais chuvosa ou mais seca. Saberemos mais \u00e0 medida que nos aproximamos da pr\u00f3xima semana.<\/p>\n<figure class=\"wp-block-image size-large\"><img loading=\"lazy\" decoding=\"async\" width=\"1920\" height=\"1080\" src=\"https:\/\/wsvn.com\/wp-content\/uploads\/sites\/2\/2024\/09\/10.png?w=1024\" alt=\"\" class=\"wp-image-1483941\" srcset=\"https:\/\/wsvn.com\/wp-content\/uploads\/sites\/2\/2024\/09\/10.png 1920w, https:\/\/wsvn.com\/wp-content\/uploads\/sites\/2\/2024\/09\/10.png?resize=300,169 300w, https:\/\/wsvn.com\/wp-content\/uploads\/sites\/2\/2024\/09\/10.png?resize=768,432 768w, https:\/\/wsvn.com\/wp-content\/uploads\/sites\/2\/2024\/09\/10.png?resize=1024,576 1024w, https:\/\/wsvn.com\/wp-content\/uploads\/sites\/2\/2024\/09\/10.png?resize=1536,864 1536w\" sizes=\"auto, (max-width: 1920px) 100vw, 1920px\"\/><\/figure>\n<p>Nos tr\u00f3picos, estamos monitorando as depress\u00f5es tropicais Francine e Seven. Francine se tornar\u00e1 uma baixa remanescente mais tarde hoje, enquanto Seven pode se fortalecer em uma tempestade tropical sobre as \u00e1guas abertas do Oceano Atl\u00e2ntico.<\/p>\n<figure class=\"wp-block-image size-large\"><img loading=\"lazy\" decoding=\"async\" width=\"1920\" height=\"1080\" src=\"https:\/\/wsvn.com\/wp-content\/uploads\/sites\/2\/2024\/09\/6_f12723.png?w=1024\" alt=\"\" class=\"wp-image-1483936\" srcset=\"https:\/\/wsvn.com\/wp-content\/uploads\/sites\/2\/2024\/09\/6_f12723.png 1920w, https:\/\/wsvn.com\/wp-content\/uploads\/sites\/2\/2024\/09\/6_f12723.png?resize=300,169 300w, https:\/\/wsvn.com\/wp-content\/uploads\/sites\/2\/2024\/09\/6_f12723.png?resize=768,432 768w, https:\/\/wsvn.com\/wp-content\/uploads\/sites\/2\/2024\/09\/6_f12723.png?resize=1024,576 1024w, https:\/\/wsvn.com\/wp-content\/uploads\/sites\/2\/2024\/09\/6_f12723.png?resize=1536,864 1536w\" sizes=\"auto, (max-width: 1920px) 100vw, 1920px\"\/><\/figure>\n<figure class=\"wp-block-image size-large\"><img loading=\"lazy\" decoding=\"async\" width=\"1920\" height=\"1080\" src=\"https:\/\/wsvn.com\/wp-content\/uploads\/sites\/2\/2024\/09\/5_a323d6.png?w=1024\" alt=\"\" class=\"wp-image-1483937\" srcset=\"https:\/\/wsvn.com\/wp-content\/uploads\/sites\/2\/2024\/09\/5_a323d6.png 1920w, https:\/\/wsvn.com\/wp-content\/uploads\/sites\/2\/2024\/09\/5_a323d6.png?resize=300,169 300w, https:\/\/wsvn.com\/wp-content\/uploads\/sites\/2\/2024\/09\/5_a323d6.png?resize=768,432 768w, https:\/\/wsvn.com\/wp-content\/uploads\/sites\/2\/2024\/09\/5_a323d6.png?resize=1024,576 1024w, https:\/\/wsvn.com\/wp-content\/uploads\/sites\/2\/2024\/09\/5_a323d6.png?resize=1536,864 1536w\" sizes=\"auto, (max-width: 1920px) 100vw, 1920px\"\/><\/figure>\n<p>H\u00e1 tamb\u00e9m duas outras \u00e1reas a serem observadas quanto a poss\u00edvel desenvolvimento: uma futura baixa press\u00e3o na costa sudeste no in\u00edcio da pr\u00f3xima semana e uma baixa press\u00e3o a leste das Pequenas Antilhas, ambas com baixas chances de forma\u00e7\u00e3o.<\/p>\n<figure class=\"wp-block-image size-large\"><img loading=\"lazy\" decoding=\"async\" width=\"1920\" height=\"1080\" src=\"https:\/\/wsvn.com\/wp-content\/uploads\/sites\/2\/2024\/09\/4_c0c807.png?w=1024\" alt=\"\" class=\"wp-image-1483933\" srcset=\"https:\/\/wsvn.com\/wp-content\/uploads\/sites\/2\/2024\/09\/4_c0c807.png 1920w, https:\/\/wsvn.com\/wp-content\/uploads\/sites\/2\/2024\/09\/4_c0c807.png?resize=300,169 300w, https:\/\/wsvn.com\/wp-content\/uploads\/sites\/2\/2024\/09\/4_c0c807.png?resize=768,432 768w, https:\/\/wsvn.com\/wp-content\/uploads\/sites\/2\/2024\/09\/4_c0c807.png?resize=1024,576 1024w, https:\/\/wsvn.com\/wp-content\/uploads\/sites\/2\/2024\/09\/4_c0c807.png?resize=1536,864 1536w\" sizes=\"auto, (max-width: 1920px) 100vw, 1920px\"\/><\/figure>\n<figure class=\"wp-block-image size-large\"><img loading=\"lazy\" decoding=\"async\" width=\"1920\" height=\"1080\" src=\"https:\/\/wsvn.com\/wp-content\/uploads\/sites\/2\/2024\/09\/3_7be77a.png?w=1024\" alt=\"\" class=\"wp-image-1483934\" srcset=\"https:\/\/wsvn.com\/wp-content\/uploads\/sites\/2\/2024\/09\/3_7be77a.png 1920w, https:\/\/wsvn.com\/wp-content\/uploads\/sites\/2\/2024\/09\/3_7be77a.png?resize=300,169 300w, https:\/\/wsvn.com\/wp-content\/uploads\/sites\/2\/2024\/09\/3_7be77a.png?resize=768,432 768w, https:\/\/wsvn.com\/wp-content\/uploads\/sites\/2\/2024\/09\/3_7be77a.png?resize=1024,576 1024w, https:\/\/wsvn.com\/wp-content\/uploads\/sites\/2\/2024\/09\/3_7be77a.png?resize=1536,864 1536w\" sizes=\"auto, (max-width: 1920px) 100vw, 1920px\"\/><\/figure>\n<div class=\"wp-block-newsletter\">\n\t<strong class=\"wp-block-newsletter__title\">Inscreva-se em nossa Newsletter para receber as \u00faltimas not\u00edcias diretamente na sua caixa de entrada<\/strong><\/p>\n<\/div><\/div>\n<p><br \/>\n<br \/><a href=\"https:\/\/wsvn.com\/weather-blog\/clouds-steam-and-storms-this-thursday\/\">Source link <\/a><\/p>","protected":false},"excerpt":{"rendered":"<p>O trecho de tempo inst\u00e1vel continuar\u00e1 pelo resto desta semana, j\u00e1 que uma frente parada continua a reter bastante umidade em todo o estado. Com um fluxo de dire\u00e7\u00e3o oeste-noroeste&hellip;<\/p>","protected":false},"author":1,"featured_media":35972,"comment_status":"closed","ping_status":"open","sticky":false,"template":"","format":"standard","meta":{"content-type":"","footnotes":""},"categories":[1],"tags":[],"class_list":["post-35971","post","type-post","status-publish","format-standard","has-post-thumbnail","hentry","category-uncategorized"],"_links":{"self":[{"href":"https:\/\/tvbrazilusa.com\/pt\/wp-json\/wp\/v2\/posts\/35971","targetHints":{"allow":["GET"]}}],"collection":[{"href":"https:\/\/tvbrazilusa.com\/pt\/wp-json\/wp\/v2\/posts"}],"about":[{"href":"https:\/\/tvbrazilusa.com\/pt\/wp-json\/wp\/v2\/types\/post"}],"author":[{"embeddable":true,"href":"https:\/\/tvbrazilusa.com\/pt\/wp-json\/wp\/v2\/users\/1"}],"replies":[{"embeddable":true,"href":"https:\/\/tvbrazilusa.com\/pt\/wp-json\/wp\/v2\/comments?post=35971"}],"version-history":[{"count":1,"href":"https:\/\/tvbrazilusa.com\/pt\/wp-json\/wp\/v2\/posts\/35971\/revisions"}],"predecessor-version":[{"id":35973,"href":"https:\/\/tvbrazilusa.com\/pt\/wp-json\/wp\/v2\/posts\/35971\/revisions\/35973"}],"wp:featuredmedia":[{"embeddable":true,"href":"https:\/\/tvbrazilusa.com\/pt\/wp-json\/wp\/v2\/media\/35972"}],"wp:attachment":[{"href":"https:\/\/tvbrazilusa.com\/pt\/wp-json\/wp\/v2\/media?parent=35971"}],"wp:term":[{"taxonomy":"category","embeddable":true,"href":"https:\/\/tvbrazilusa.com\/pt\/wp-json\/wp\/v2\/categories?post=35971"},{"taxonomy":"post_tag","embeddable":true,"href":"https:\/\/tvbrazilusa.com\/pt\/wp-json\/wp\/v2\/tags?post=35971"}],"curies":[{"name":"wp","href":"https:\/\/api.w.org\/{rel}","templated":true}]}}