{"id":35977,"date":"2024-09-12T12:52:59","date_gmt":"2024-09-12T12:52:59","guid":{"rendered":"https:\/\/tvbrazilusa.com\/2024\/09\/12\/ex-aluna-de-silvio-almeida-relata-caso-de-assedio-ocorrido-na-universidade\/"},"modified":"2024-09-12T12:53:00","modified_gmt":"2024-09-12T12:53:00","slug":"ex-aluna-de-silvio-almeida-relata-caso-de-assedio-ocorrido-na-universidade","status":"publish","type":"post","link":"https:\/\/tvbrazilusa.com\/pt\/2024\/09\/12\/ex-aluna-de-silvio-almeida-relata-caso-de-assedio-ocorrido-na-universidade\/","title":{"rendered":"Ex-aluna de Silvio Almeida relata caso de ass\u00e9dio ocorrido na universidade"},"content":{"rendered":"<p> <script async src=\"https:\/\/pagead2.googlesyndication.com\/pagead\/js\/adsbygoogle.js?client=ca-pub-8864793242727901\"\r\n     crossorigin=\"anonymous\"><\/script><br \/>\n<\/p>\n<div>\n<figure class=\"post-image\">\n<\/figure>\n<p><span style=\"font-size: 12px\"> Foto: Vinicius Loures \/ C\u00e2mara dos Deputados<\/span><\/p>\n<div id=\"taboola-read-more\" style=\"display:block; width:100%\">\n<p>Uma ex-aluna do ex-ministro dos Direitos Humanos do governo Lula (PT), Silvio Almeida, denunciou nesta ter\u00e7a-feira (10) que sofreu ass\u00e9dio por parte do ent\u00e3o professor, na Universidade S\u00e3o Judas Tadeu, em 2009.<\/p>\n<p>Almeida foi professor de Carla entre os anos de 2005 e 2009 no curso de Direito da institui\u00e7\u00e3o. Mas foi em 2009 que ele comp\u00f4s sua banca de avalia\u00e7\u00e3o para a monografia, o trabalho de conclus\u00e3o do curso. Na ocasi\u00e3o, a aluna recebia liga\u00e7\u00f5es telef\u00f4nicas do ent\u00e3o professor.<\/p>\n<p>\u00a0Acho que a gente devia sair para conversar sobre o seu tema, porque eu n\u00e3o quero que voc\u00ea saia prejudicada \u2013 declarou Silvio Almeida, de acordo com relatos.<\/p>\n<p>A ex-aluna contou n\u00e3o saber de que forma o professor teve acesso ao seu n\u00famero de telefone e revelou que Almeida insistiu em outras liga\u00e7\u00f5es, sempre frisando querer evitar que ela fosse prejudicada.<\/p>\n<p>\u2013 Fiquei com medo dele realmente me prejudicar na monografia \u2013 observou.<\/p>\n<p>Silvio Almeida foi exonerado do cargo de ministro dos Direitos Humanos ap\u00f3s den\u00fancia de ass\u00e9dio sexual contra a ministra da Igualdade Racial, Anielle Franco. Mesmo negando as acusa\u00e7\u00f5es, sua perman\u00eancia ficou insustent\u00e1vel.<\/p>\n<p>Fonte: Pleno News<\/p>\n<\/p><\/div>\n<div class=\"row mt-3\">\n<div class=\"col-sm-6\">\n<p><a href=\"https:\/\/chat.whatsapp.com\/GwURnmOyPiN1XheGYvCspN\" target=\"_blank\" rel=\"noopener\"><br \/>\n<img decoding=\"async\" src=\"https:\/\/diariodobrasilnoticias.com.br\/assets-site\/images\/bot_whatsapp.png\"\/><\/a>\n<\/div>\n<div class=\"col-sm-6\">\n<a href=\"https:\/\/t.me\/+_4gTmi5LKo03OTM5\" target=\"_blank\" rel=\"noopener\"><br \/>\n<img decoding=\"async\" src=\"https:\/\/diariodobrasilnoticias.com.br\/assets-site\/images\/bot_telegram.png\"\/><\/a>\n<\/div>\n<\/div>\n<\/div>\n<p><br \/>\n<br \/><a href=\"https:\/\/diariodobrasilnoticias.com.br\/noticia\/ex-aluna-de-silvio-almeida-relata-caso-de-assedio-ocorrido-na-universidade-66e2c74e1074c\">Source link <\/a><\/p>","protected":false},"excerpt":{"rendered":"<p>Foto: Vinicius Loures \/ C\u00e2mara dos Deputados Uma ex-aluna do ex-ministro dos Direitos Humanos do governo Lula (PT), Silvio Almeida, denunciou nesta ter\u00e7a-feira (10) que sofreu ass\u00e9dio por parte do&hellip;<\/p>","protected":false},"author":1,"featured_media":35978,"comment_status":"closed","ping_status":"open","sticky":false,"template":"","format":"standard","meta":{"content-type":"","footnotes":""},"categories":[16],"tags":[123,2448,5313,1267],"class_list":["post-35977","post","type-post","status-publish","format-standard","has-post-thumbnail","hentry","category-noticias","tag-brasil","tag-diario","tag-noticia","tag-noticias"],"_links":{"self":[{"href":"https:\/\/tvbrazilusa.com\/pt\/wp-json\/wp\/v2\/posts\/35977","targetHints":{"allow":["GET"]}}],"collection":[{"href":"https:\/\/tvbrazilusa.com\/pt\/wp-json\/wp\/v2\/posts"}],"about":[{"href":"https:\/\/tvbrazilusa.com\/pt\/wp-json\/wp\/v2\/types\/post"}],"author":[{"embeddable":true,"href":"https:\/\/tvbrazilusa.com\/pt\/wp-json\/wp\/v2\/users\/1"}],"replies":[{"embeddable":true,"href":"https:\/\/tvbrazilusa.com\/pt\/wp-json\/wp\/v2\/comments?post=35977"}],"version-history":[{"count":1,"href":"https:\/\/tvbrazilusa.com\/pt\/wp-json\/wp\/v2\/posts\/35977\/revisions"}],"predecessor-version":[{"id":35979,"href":"https:\/\/tvbrazilusa.com\/pt\/wp-json\/wp\/v2\/posts\/35977\/revisions\/35979"}],"wp:featuredmedia":[{"embeddable":true,"href":"https:\/\/tvbrazilusa.com\/pt\/wp-json\/wp\/v2\/media\/35978"}],"wp:attachment":[{"href":"https:\/\/tvbrazilusa.com\/pt\/wp-json\/wp\/v2\/media?parent=35977"}],"wp:term":[{"taxonomy":"category","embeddable":true,"href":"https:\/\/tvbrazilusa.com\/pt\/wp-json\/wp\/v2\/categories?post=35977"},{"taxonomy":"post_tag","embeddable":true,"href":"https:\/\/tvbrazilusa.com\/pt\/wp-json\/wp\/v2\/tags?post=35977"}],"curies":[{"name":"wp","href":"https:\/\/api.w.org\/{rel}","templated":true}]}}