{"id":35980,"date":"2024-09-12T12:41:17","date_gmt":"2024-09-12T12:41:17","guid":{"rendered":"https:\/\/tvbrazilusa.com\/2024\/09\/12\/bilionario-da-tecnologia-realiza-a-primeira-caminhada-espacial-privada-bem-acima-da-terra\/"},"modified":"2024-09-12T12:59:18","modified_gmt":"2024-09-12T12:59:18","slug":"bilionario-da-tecnologia-realiza-a-primeira-caminhada-espacial-privada-bem-acima-da-terra","status":"publish","type":"post","link":"https:\/\/tvbrazilusa.com\/pt\/2024\/09\/12\/bilionario-da-tecnologia-realiza-a-primeira-caminhada-espacial-privada-bem-acima-da-terra\/","title":{"rendered":"Bilion\u00e1rio da tecnologia realiza a primeira caminhada espacial privada bem acima da Terra"},"content":{"rendered":"<p> <script async src=\"https:\/\/pagead2.googlesyndication.com\/pagead\/js\/adsbygoogle.js?client=ca-pub-8864793242727901\"\r\n     crossorigin=\"anonymous\"><\/script><br \/>\n<\/p>\n<div id=\"\">\n<header class=\"m-article-header m-article-header--standard\">\n\t\t\t\t\t\t\t\t\t\t\t\t<span id=\"article-header-primary-term\"><br \/>\n\t\t\t\t\t\t\t\t<a class=\"a-term a-term--primary\" href=\"https:\/\/www.boston.com\/tag\/world-news\/\"><\/p>\n<p>\t\t\t\t\t\t\t\tNot\u00edcias do mundo\t\t\t\t\t\t\t\t<\/a><br \/>\n\t\t\t\t\t\t\t<\/span><\/p>\n<h2 class=\"m-article-header__sub-headline\">A caminhada espacial comercial foi o foco principal do voo de cinco dias financiado pela empresa de Jared Isaacman e Elon Musk, e o \u00e1pice de anos de desenvolvimento voltado para a coloniza\u00e7\u00e3o de Marte e outros planetas.<\/h2>\n<figure class=\"a-photo m-article-header__photo\"><figcaption class=\"a-photo__caption\">\n<p>\tEsta imagem feita de um v\u00eddeo da SpaceX mostra o in\u00edcio da primeira caminhada espacial privada liderada pelo bilion\u00e1rio da tecnologia Jared Isaacman na quinta-feira, 12 de setembro de 2024. <em> SpaceX via AP<\/em>\t<\/figcaption><\/figure>\n<div class=\"m-article-header__meta\">\n<div class=\"m-article-header__byline\">\n<p class=\"m-article-header__author\">\n<p>\t\t\t\t\t\t\t\tPor MARCIA DUNN, Associated Press\t\t\t\t\t\t\t<\/p>\n<p>\t\t\t\t\t\t    \t\t\t\t\t\t\t<time class=\"m-article-header__date\"><\/p>\n<p>        \t\t\t\t\t\t\t12 de setembro de 2024 | 8h41    \t\t\t\t\t\t\t<\/time><\/p><\/div>\n<\/p><\/div>\n<\/header>\n<p>CABO CANAVERAL, Fl\u00f3rida (AP) \u2014 Um bilion\u00e1rio da tecnologia realizou a primeira caminhada espacial privada a centenas de quil\u00f4metros acima da Terra na quinta-feira, uma empreitada de alto risco reservada a astronautas profissionais \u2014 at\u00e9 agora.<\/p>\n<p>O empreendedor de tecnologia Jared Isaacman se uniu \u00e0 SpaceX para testar os novos trajes espaciais da empresa em seu voo fretado. A ousada caminhada espacial tamb\u00e9m viu a engenheira da SpaceX Sarah Gillis sair assim que Isaacman estava em seguran\u00e7a de volta para dentro.<\/p>\n<p>Esta caminhada espacial foi simples e r\u00e1pida \u2014 menos de duas horas \u2014 comparada com os assuntos prolongados conduzidos pela NASA. Os astronautas na Esta\u00e7\u00e3o Espacial Internacional frequentemente precisam se mover pelo complexo extenso para reparos, sempre viajando em pares e carregando equipamentos. As caminhadas espaciais da esta\u00e7\u00e3o podem durar de sete a oito horas.<\/p>\n<p>Isaacman saiu primeiro da escotilha, juntando-se a um pequeno grupo de elite de caminhantes espaciais que at\u00e9 ent\u00e3o inclu\u00eda apenas astronautas profissionais de uma d\u00fazia de pa\u00edses.<\/p>\n<p>\u201cDe volta a casa, todos n\u00f3s temos muito trabalho a fazer. Mas daqui, certamente parece um mundo perfeito\u201d, disse Isaacman enquanto a c\u00e1psula voava acima do Pac\u00edfico Sul. C\u00e2meras a bordo capturaram sua silhueta, na altura da cintura na escotilha, com a Terra azul abaixo.<\/p>\n<p>A caminhada espacial comercial foi o foco principal do voo de cinco dias financiado pela empresa de Isaacman e Elon Musk, e o \u00e1pice de anos de desenvolvimento voltado para a coloniza\u00e7\u00e3o de Marte e outros planetas.<\/p>\n<p>Todos os quatro a bordo vestiram os novos trajes de caminhada espacial para se protegerem do v\u00e1cuo severo. Eles foram lan\u00e7ados na ter\u00e7a-feira da Fl\u00f3rida, disparando mais longe da Terra do que qualquer um desde os moonwalkers da NASA. A \u00f3rbita foi reduzida pela metade \u2014 para 460 milhas (740 quil\u00f4metros) \u2014 para a caminhada espacial.<\/p>\n<p>Este primeiro teste de caminhada espacial envolveu mais alongamento do que caminhada. Isaacman manteve uma m\u00e3o ou um p\u00e9 preso a ele o tempo todo enquanto flexionava os bra\u00e7os e as pernas para ver como o novo traje espacial se sustentava. A escotilha ostentava uma estrutura semelhante a um andador para suporte extra.<\/p>\n<p>Ap\u00f3s cerca de 15 minutos fora, Isaacman foi substitu\u00eddo pela engenheira da SpaceX Sarah Gillis para fazer os mesmos movimentos. Gillis balan\u00e7ava para cima e para baixo na aus\u00eancia de peso, n\u00e3o mais alto do que os joelhos para fora da c\u00e1psula, enquanto ela torcia os bra\u00e7os e enviava relat\u00f3rios de volta ao Controle da Miss\u00e3o.<\/p>\n<figure class=\"wp-block-image size-full\"><img fetchpriority=\"high\" decoding=\"async\" width=\"2560\" height=\"1442\" src=\"https:\/\/bdc2020.o0bc.com\/wp-content\/uploads\/2024\/09\/AP24256406259799-66e2de8d8a402-scaled.jpg\" alt=\"A engenheira da SpaceX Sarah Gillis saindo da c\u00e1psula.\" class=\"wp-image-31663982\" srcset=\"https:\/\/bdc2020.o0bc.com\/wp-content\/uploads\/2024\/09\/AP24256406259799-66e2de8d8a402-scaled.jpg?width=200 200w, https:\/\/bdc2020.o0bc.com\/wp-content\/uploads\/2024\/09\/AP24256406259799-66e2de8d8a402-scaled.jpg?width=300 300w, https:\/\/bdc2020.o0bc.com\/wp-content\/uploads\/2024\/09\/AP24256406259799-66e2de8d8a402-scaled.jpg?width=400 400w, https:\/\/bdc2020.o0bc.com\/wp-content\/uploads\/2024\/09\/AP24256406259799-66e2de8d8a402-scaled.jpg?width=500 500w, https:\/\/bdc2020.o0bc.com\/wp-content\/uploads\/2024\/09\/AP24256406259799-66e2de8d8a402-scaled.jpg?width=600 600w, https:\/\/bdc2020.o0bc.com\/wp-content\/uploads\/2024\/09\/AP24256406259799-66e2de8d8a402-scaled.jpg?width=700 700w, https:\/\/bdc2020.o0bc.com\/wp-content\/uploads\/2024\/09\/AP24256406259799-66e2de8d8a402-scaled.jpg?width=800 800w, https:\/\/bdc2020.o0bc.com\/wp-content\/uploads\/2024\/09\/AP24256406259799-66e2de8d8a402-scaled.jpg?width=900 900w\" sizes=\"(max-width: 2560px) 100vw, 2560px\"\/><figcaption class=\"wp-element-caption\">Esta imagem feita de um v\u00eddeo da SpaceX mostra a engenheira da SpaceX Sarah Gillis saindo da c\u00e1psula, quinta-feira, 12 de setembro de 2024. <i> \u2013 SpaceX via AP<\/i><\/figcaption><\/figure>\n<p>Cada um tinha amarras de 3,6 metros (12 p\u00e9s), mas elas n\u00e3o se desenrolavam nem ficavam penduradas nas pontas, diferentemente do que acontece na esta\u00e7\u00e3o espacial, onde os astronautas costumam flutuar em uma \u00f3rbita muito mais baixa.<\/p>\n<p>Mais e mais passageiros ricos est\u00e3o desembolsando grandes somas para viagens a bordo de foguetes particulares para experimentar alguns minutos de aus\u00eancia de peso. Outros gastaram dezenas de milh\u00f5es para ficar no espa\u00e7o por dias ou at\u00e9 semanas. Especialistas espaciais e analistas de risco dizem que \u00e9 inevit\u00e1vel que alguns busquem a emo\u00e7\u00e3o da caminhada espacial, considerada uma das partes mais perigosas do voo espacial ap\u00f3s o lan\u00e7amento e a reentrada, mas tamb\u00e9m a mais emocionante.<\/p>\n<p>Esta opera\u00e7\u00e3o foi planejada at\u00e9 o minuto com pouca margem para erro. Testar novos trajes espaciais de uma nave espacial novata em caminhadas espaciais aumentou o risco. Assim como o fato de que a c\u00e1psula inteira foi exposta ao v\u00e1cuo do espa\u00e7o.<\/p>\n<p>Houve algumas falhas. Isaacman teve que puxar manualmente a escotilha para abrir em vez de apertar um bot\u00e3o a bordo. Antes de sair, Gillis relatou ter visto protuber\u00e2ncias na veda\u00e7\u00e3o da escotilha.<\/p>\n<p>Scott \u201cKidd\u201d Poteet, um ex-piloto do Thunderbird da For\u00e7a A\u00e9rea, e a engenheira da SpaceX Anna Menon permaneceram presos aos seus assentos para monitorar de dentro. Todos os quatro passaram por treinamento intensivo antes da viagem.<\/p>\n<p>Isaacman, 41, CEO e fundador da empresa de processamento de cart\u00e3o de cr\u00e9dito Shift4, se recusou a revelar quanto investiu no voo. Foi o primeiro de tr\u00eas voos em um programa que ele apelidou de Polaris; este foi chamado de Polaris Dawn. Para o voo privado inaugural da SpaceX em 2021, ele escolheu vencedores do concurso e um sobrevivente de c\u00e2ncer.<\/p>\n<p>At\u00e9 quinta-feira, apenas 263 pessoas haviam conduzido uma caminhada espacial, representando 12 pa\u00edses. Alexei Leonov, da Uni\u00e3o Sovi\u00e9tica, deu o pontap\u00e9 inicial em 1965, seguido alguns meses depois por Ed White, da NASA.<\/p>\n<div class=\"m-block m-generic-cta\t m-generic-cta--post-content\t m-generic-cta--dark\t m-generic-cta--homepage\t m-generic-cta--email-signup\t\t m-generic-cta-block-style--default \tt-amp__generic-cta\"><\/p>\n<div class=\"m-generic-cta__wrap\">\n<div class=\"m-generic-cta__content\">\n<h3 class=\"m-generic-cta__title\">Alertas de not\u00edcias extras<\/h3>\n<p class=\"m-generic-cta__subtitle\">Receba atualiza\u00e7\u00f5es de \u00faltima hora assim que elas acontecerem.<\/p>\n<\/p><\/div>\n<\/p><\/div>\n<\/div><\/div>\n<p><script>\n\t\tvar consent=\"grant\";\n\t\t\/* The above code is parsing the JSON data from the local storage and storing it in a variable. *\/\n\t\t\t\t\tconst onetrustStorageConsent = JSON.parse(localStorage.getItem( 'consent_one_trust_bdc' ) );\n\t\t\tif ( ( onetrustStorageConsent !== null ) ) {\n\t\t\t\t\/* Checking to see if the user has consented to the use of cookies.\n\t\t\t\t* If they have not, it is deleting the cookie.\n\t\t\t\t* This will comment for now, until further notice.\n\t\t\t\t*\/\n\t\t\t\t\/\/if ( onetrustStorageConsent.C0002 === false ) {\n\t\t\t\t\/\/\tdocument.cookie=\"_fbp=;expires=Thu, 01 Jan 2010 00:00:00 UTC; path=\/; domain=.boston.com\";\n\t\t\t\t\/\/}\n\t\t\t\t\/* Checking if the user has given consent for the cookie C0002.\n\t\t\t\t* If the user has given consent, the variable consent will be set to 'grant'.\n\t\t\t\t* If the user has not given consent,the variable consent will be set to 'revoke'.\n\t\t\t\t* Documentation https:\/\/developers.facebook.com\/docs\/meta-pixel\/implementation\/gdpr\n\t\t\t\t*\/\n\t\t\t\tif ( onetrustStorageConsent.C0002 !== true ) {\n\t\t\t\t\tconsent=\"revoke\";\n\t\t\t\t}\n\t\t\t}\n\t\t\t\t!function(f,b,e,v,n,t,s)\n\t\t{if(f.fbq)return;n=f.fbq=function(){n.callMethod?\n\t\tn.callMethod.apply(n,arguments):n.queue.push(arguments)};\n\t\tif(!f._fbq)f._fbq=n;n.push=n;n.loaded=!0;n.version='2.0';\n\t\tn.queue=[];t=b.createElement(e);t.async=!0;\n\t\tt.src=v;s=b.getElementsByTagName(e)[0];\n\t\ts.parentNode.insertBefore(t,s)}(window, document,'script',\n\t\t'https:\/\/connect.facebook.net\/en_US\/fbevents.js');\n\t\tfbq('consent', consent);\n\t\tfbq('init', '989222871864976');\n\t\tfbq('track', 'PageView');\n\t<\/script><script type=\"module\">\n\t\tvar consent=\"grant\";\n\t\t\/* The above code is parsing the JSON data from the local storage and storing it in a variable. *\/\n\t\t\tconst onetrustStorageConsent = JSON.parse(localStorage.getItem( 'consent_one_trust_bdc' ) );\n\t\t\t\/* Checking to see if the user has consented to the use of cookies.\n\t\t\t* If they have not, it is deleting the cookie.\n\t\t\t* This will comment for now, until further notice.\n\t\t\t*\/\n\t\t\t\/\/if ( onetrustStorageConsent.C0002 === false ) {\n\t\t\t\/\/\tdocument.cookie=\"_fbp=;expires=Thu, 01 Jan 2010 00:00:00 UTC; path=\/; domain=.boston.com\";\n\t\t\t\/\/}\n\t\t\t\/* Checking if the user has given consent for the cookie C0002.\n\t\t\t* If the user has given consent, the variable consent will be set to 'grant'.\n\t\t\t* If the user has not given consent,the variable consent will be set to 'revoke'.\n\t\t\t* Documentation https:\/\/developers.facebook.com\/docs\/meta-pixel\/implementation\/gdpr\n\t\t\t*\/\n\t\t\tif ( ( onetrustStorageConsent !== null ) && (onetrustStorageConsent.C0002 !== true ) ) {\n\t\t\t\tconsent=\"revoke\";\n\t\t\t}\n\t\t\t\t!function(f,b,e,v,n,t,s){if(f.fbq)return;n=f.fbq=function()\n\t\t{n.callMethod? n.callMethod.apply(n,arguments):n.queue.push(arguments)}\n\t\t;if(!f._fbq)f._fbq=n;\n\t\tn.push=n;n.loaded=!0;n.version='2.0';n.queue=[];t=b.createElement(e);t.async=!0;\n\t\tt.src=v;s=b.getElementsByTagName(e)[0];s.parentNode.insertBefore(t,s)}(window,\n\t\tdocument,'script','https:\/\/connect.facebook.net\/en_US\/fbevents.js');\n\t\tfbq('consent', consent);\n\t\tfbq('init', '813236348753005');\n\t\tfbq('track', \"PageView\");\n\t<\/script><br \/>\n<br \/><br \/>\n<br \/><a href=\"https:\/\/www.boston.com\/news\/world-news\/2024\/09\/12\/tech-billionaire-pulls-off-first-private-spacewalk-high-above-earth\/\">Source link <\/a><\/p>","protected":false},"excerpt":{"rendered":"<p>Not\u00edcias do mundo A caminhada espacial comercial foi o foco principal do voo de cinco dias financiado pela empresa de Jared Isaacman e Elon Musk, e o \u00e1pice de anos&hellip;<\/p>","protected":false},"author":1,"featured_media":35981,"comment_status":"closed","ping_status":"open","sticky":false,"template":"","format":"standard","meta":{"content-type":"","footnotes":""},"categories":[1],"tags":[],"class_list":["post-35980","post","type-post","status-publish","format-standard","has-post-thumbnail","hentry","category-uncategorized"],"_links":{"self":[{"href":"https:\/\/tvbrazilusa.com\/pt\/wp-json\/wp\/v2\/posts\/35980","targetHints":{"allow":["GET"]}}],"collection":[{"href":"https:\/\/tvbrazilusa.com\/pt\/wp-json\/wp\/v2\/posts"}],"about":[{"href":"https:\/\/tvbrazilusa.com\/pt\/wp-json\/wp\/v2\/types\/post"}],"author":[{"embeddable":true,"href":"https:\/\/tvbrazilusa.com\/pt\/wp-json\/wp\/v2\/users\/1"}],"replies":[{"embeddable":true,"href":"https:\/\/tvbrazilusa.com\/pt\/wp-json\/wp\/v2\/comments?post=35980"}],"version-history":[{"count":1,"href":"https:\/\/tvbrazilusa.com\/pt\/wp-json\/wp\/v2\/posts\/35980\/revisions"}],"predecessor-version":[{"id":35982,"href":"https:\/\/tvbrazilusa.com\/pt\/wp-json\/wp\/v2\/posts\/35980\/revisions\/35982"}],"wp:featuredmedia":[{"embeddable":true,"href":"https:\/\/tvbrazilusa.com\/pt\/wp-json\/wp\/v2\/media\/35981"}],"wp:attachment":[{"href":"https:\/\/tvbrazilusa.com\/pt\/wp-json\/wp\/v2\/media?parent=35980"}],"wp:term":[{"taxonomy":"category","embeddable":true,"href":"https:\/\/tvbrazilusa.com\/pt\/wp-json\/wp\/v2\/categories?post=35980"},{"taxonomy":"post_tag","embeddable":true,"href":"https:\/\/tvbrazilusa.com\/pt\/wp-json\/wp\/v2\/tags?post=35980"}],"curies":[{"name":"wp","href":"https:\/\/api.w.org\/{rel}","templated":true}]}}