{"id":35986,"date":"2024-09-12T13:14:11","date_gmt":"2024-09-12T13:14:11","guid":{"rendered":"https:\/\/tvbrazilusa.com\/2024\/09\/12\/lula-homenageia-janja-por-contribuir-ao-bem-estar-dos-brasileiros\/"},"modified":"2024-09-12T13:14:12","modified_gmt":"2024-09-12T13:14:12","slug":"lula-homenageia-janja-por-contribuir-ao-bem-estar-dos-brasileiros","status":"publish","type":"post","link":"https:\/\/tvbrazilusa.com\/pt\/2024\/09\/12\/lula-homenageia-janja-por-contribuir-ao-bem-estar-dos-brasileiros\/","title":{"rendered":"Lula homenageia Janja por contribuir ao &#8216;bem-estar&#8217; dos brasileiros"},"content":{"rendered":"<p> <script async src=\"https:\/\/pagead2.googlesyndication.com\/pagead\/js\/adsbygoogle.js?client=ca-pub-8864793242727901\"\r\n     crossorigin=\"anonymous\"><\/script><br \/>\n<\/p>\n<div id=\"taboola-read-more\" style=\"display:block; width:100%\">\n<p>O presidente Luiz In\u00e1cio Lula da Silva (PT) entregou nesta quarta-feira (11) a medalha de m\u00e9rito Oswaldo Cruz \u00e0 primeira-dama Janja Lula da Silva em cerim\u00f4nia no Pal\u00e1cio do Planalto.<\/p>\n<p>A condecora\u00e7\u00e3o, criada em 1970, reconhece \u201cpessoas e entidades que tenham contribu\u00eddo, direta ou indiretamente, para o bem-estar f\u00edsico e mental dos brasileiros\u201d. A indica\u00e7\u00e3o de Janja foi publicada no Di\u00e1rio Oficial da Uni\u00e3o em 4 de setembro.\u00a0<\/p>\n<p>No decreto assinado por Lula e pela ministra da Sa\u00fade, N\u00edsia Trindade, n\u00e3o h\u00e1 explica\u00e7\u00e3o sobre qual seria a atua\u00e7\u00e3o da primeira-dama em prol do tema.<\/p>\n<p>Ap\u00f3s o evento, Janja publicou um v\u00eddeo em suas redes sociais em que diz ter orgulho de seu trabalho. \u201cMe orgulho muito por ter trabalhado ativamente pelo Movimento Nacional pela Vacina\u00e7\u00e3o, ao lado dos embaixadores Xuxa e Z\u00e9 Gotinha, ter feito live sobre a import\u00e2ncia da vacina\u00e7\u00e3o e, junto com tantas pessoas importantes, ter mobilizado as redes sociais para promover o Dia Nacional da Imuniza\u00e7\u00e3o, com foco em gripe, covid-19 e atualiza\u00e7\u00e3o das vacinas de rotina\u201d, escreveu.<\/p>\n<p>Em discurso no evento, N\u00edsia afirmou que Janja tem tido papel fundamental para disseminar informa\u00e7\u00f5es da \u00e1rea da sa\u00fade por meio de transmiss\u00f5es ao vivo em suas redes sociais. \u201cJanja tem tido papel fundamental em seus compromissos, n\u00e3o s\u00f3 para o Minist\u00e9rio da Sa\u00fade, mas para todos que defendem as pol\u00edticas priorit\u00e1rias do governo. Me sinto honrada em poder homenage\u00e1-la hoje\u201d, disse.<\/p>\n<p>N\u00edsia entregou a medalha \u00e0 Janja que, em seguida, posou para fotos com a condecora\u00e7\u00e3o ao lado do mascote da vacina\u00e7\u00e3o no pa\u00eds, Z\u00e9 Gotinha.<\/p>\n<p>Ao discursar no evento, Lula afirmou que a universaliza\u00e7\u00e3o do SUS (Sistema \u00danico de Sa\u00fade) tem 2 pre\u00e7os: um bom e um ruim. \u201cA universaliza\u00e7\u00e3o tem um pre\u00e7o. O 1\u00ba, o bom de atender toda a humanidade, o 2\u00ba, que ela exige mais recurso. Exige, portanto, mais trabalho e muitas vezes com a quantidade de gente cai um pouco a qualidade, mas isso nunca foi motivo para que a gente desacreditasse o SUS\u201d, disse.<\/p>\n<p>Com informa\u00e7\u00f5es de Poder 360<\/p>\n<\/p><\/div>\n<p><br \/>\n<br \/><a href=\"https:\/\/diariodobrasilnoticias.com.br\/noticia\/lula-homenageia-janja-por-contribuir-ao-bem-estar-dos-brasileiros-66e2cf8dc3846\">Source link <\/a><\/p>","protected":false},"excerpt":{"rendered":"<p>O presidente Luiz In\u00e1cio Lula da Silva (PT) entregou nesta quarta-feira (11) a medalha de m\u00e9rito Oswaldo Cruz \u00e0 primeira-dama Janja Lula da Silva em cerim\u00f4nia no Pal\u00e1cio do Planalto.&hellip;<\/p>","protected":false},"author":1,"featured_media":35987,"comment_status":"closed","ping_status":"open","sticky":false,"template":"","format":"standard","meta":{"content-type":"","footnotes":""},"categories":[16],"tags":[123,2448,5313,1267],"class_list":["post-35986","post","type-post","status-publish","format-standard","has-post-thumbnail","hentry","category-noticias","tag-brasil","tag-diario","tag-noticia","tag-noticias"],"_links":{"self":[{"href":"https:\/\/tvbrazilusa.com\/pt\/wp-json\/wp\/v2\/posts\/35986","targetHints":{"allow":["GET"]}}],"collection":[{"href":"https:\/\/tvbrazilusa.com\/pt\/wp-json\/wp\/v2\/posts"}],"about":[{"href":"https:\/\/tvbrazilusa.com\/pt\/wp-json\/wp\/v2\/types\/post"}],"author":[{"embeddable":true,"href":"https:\/\/tvbrazilusa.com\/pt\/wp-json\/wp\/v2\/users\/1"}],"replies":[{"embeddable":true,"href":"https:\/\/tvbrazilusa.com\/pt\/wp-json\/wp\/v2\/comments?post=35986"}],"version-history":[{"count":1,"href":"https:\/\/tvbrazilusa.com\/pt\/wp-json\/wp\/v2\/posts\/35986\/revisions"}],"predecessor-version":[{"id":35988,"href":"https:\/\/tvbrazilusa.com\/pt\/wp-json\/wp\/v2\/posts\/35986\/revisions\/35988"}],"wp:featuredmedia":[{"embeddable":true,"href":"https:\/\/tvbrazilusa.com\/pt\/wp-json\/wp\/v2\/media\/35987"}],"wp:attachment":[{"href":"https:\/\/tvbrazilusa.com\/pt\/wp-json\/wp\/v2\/media?parent=35986"}],"wp:term":[{"taxonomy":"category","embeddable":true,"href":"https:\/\/tvbrazilusa.com\/pt\/wp-json\/wp\/v2\/categories?post=35986"},{"taxonomy":"post_tag","embeddable":true,"href":"https:\/\/tvbrazilusa.com\/pt\/wp-json\/wp\/v2\/tags?post=35986"}],"curies":[{"name":"wp","href":"https:\/\/api.w.org\/{rel}","templated":true}]}}