{"id":35989,"date":"2024-09-12T13:14:21","date_gmt":"2024-09-12T13:14:21","guid":{"rendered":"https:\/\/tvbrazilusa.com\/2024\/09\/12\/conselho-escolar-de-miami-dade-rejeita-proposta-de-reconhecer-outubro-como-mes-da-historia-lgbtq-pela-terceira-vez-wsvn-7news-noticias-de-miami-clima-esportes-fort-lauderdale\/"},"modified":"2024-09-12T13:21:41","modified_gmt":"2024-09-12T13:21:41","slug":"conselho-escolar-de-miami-dade-rejeita-proposta-de-reconhecer-outubro-como-mes-da-historia-lgbtq-pela-terceira-vez-wsvn-7news-noticias-de-miami-clima-esportes-fort-lauderdale","status":"publish","type":"post","link":"https:\/\/tvbrazilusa.com\/pt\/2024\/09\/12\/conselho-escolar-de-miami-dade-rejeita-proposta-de-reconhecer-outubro-como-mes-da-historia-lgbtq-pela-terceira-vez-wsvn-7news-noticias-de-miami-clima-esportes-fort-lauderdale\/","title":{"rendered":"Conselho escolar de Miami-Dade rejeita proposta de reconhecer outubro como M\u00eas da Hist\u00f3ria LGBTQ pela terceira vez &#8211; WSVN 7News | Not\u00edcias de Miami, Clima, Esportes | Fort Lauderdale"},"content":{"rendered":"<p> <script async src=\"https:\/\/pagead2.googlesyndication.com\/pagead\/js\/adsbygoogle.js?client=ca-pub-8864793242727901\"\r\n     crossorigin=\"anonymous\"><\/script><br \/>\n<\/p>\n<div itemprop=\"articleBody\">\n<p>MIAMI (WSVN) &#8211; Pela terceira vez consecutiva, o Conselho de Escolas P\u00fablicas do Condado de Miami-Dade rejeitou uma proposta para reconhecer o M\u00eas da Hist\u00f3ria LGBTQ. <\/p>\n<p>Aconteceu na quarta-feira \u00e0 noite, durante uma reuni\u00e3o do conselho escolar, por uma maioria de cinco votos, um membro do conselho estava ausente. <\/p>\n<p>Membros do Condado de Miami-Dade expressaram suas opini\u00f5es sobre a pol\u00eamica resolu\u00e7\u00e3o durante a se\u00e7\u00e3o de coment\u00e1rios p\u00fablicos da reuni\u00e3o do conselho escolar.<\/p>\n<p>\u201cA educa\u00e7\u00e3o p\u00fablica deve se concentrar apenas nas principais disciplinas acad\u00eamicas e nas habilidades que preparam os alunos para o futuro\u201d, disse um participante.  <\/p>\n<p>\u201cIsso n\u00e3o significa que seus filhos ser\u00e3o gays\u201d, disse outro. <\/p>\n<p>A sess\u00e3o de coment\u00e1rios p\u00fablicos durou algumas horas, com muitas pessoas a favor da proposta, muitas contra, mas no final, o conselho votou por n\u00e3o reconhecer o feriado.   <\/p>\n<p>\u201cDedicar um m\u00eas inteiro para ensinar a agenda LGBTQ nas escolas p\u00fablicas negligenciar\u00e1 os ensinamentos acad\u00eamicos b\u00e1sicos: matem\u00e1tica, escrita e leitura, etc.\u201d, disse um participante. <\/p>\n<p>\u201cN\u00e3o significa que haja uma mudan\u00e7a no curr\u00edculo. N\u00e3o significa que os alunos n\u00e3o aprender\u00e3o outras mat\u00e9rias\u201d, disse outro.<\/p>\n<p>\u201cAntes de voc\u00ea \u00e9 a maneira perfeita de dizer que sinto muito que voc\u00ea seja tratado dessa forma\u201d, disse outro. <\/p>\n<p>Conhecido como item de resolu\u00e7\u00e3o H-10, com o objetivo de permitir que o M-DCPS reconhe\u00e7a outubro como o M\u00eas da Hist\u00f3ria LGBTQ, o item foi introduzido pela membro do conselho Lucia Baez-Geller. Baez-Geller diz que a resolu\u00e7\u00e3o teria promovido um ambiente onde as fam\u00edlias podem viver suas vidas aut\u00eanticas. <\/p>\n<p>\u201cIsso lhes diz que eles s\u00e3o valorizados, que s\u00e3o vistos e que suas hist\u00f3rias s\u00e3o uma parte essencial da diversidade de Miami-Dade\u201d, disse Baez-Geller. <\/p>\n<p>Enquanto isso, um colega do conselho acreditava que isso violava os direitos dos pais. <\/p>\n<p>\u201cOpor-se a este item como eu fa\u00e7o, apoia os direitos dos nossos pais e previne a sexualiza\u00e7\u00e3o dos nossos filhos. Opor-se a este item n\u00e3o discrimina s\u00f3 porque outras pessoas dizem que o faz e dizer isso \u00e9 ret\u00f3rica divisiva\u201d, disse Danny Espino. <\/p>\n<p>Os votos foram lan\u00e7ados e uma decis\u00e3o foi tomada. A mesma pelo terceiro ano consecutivo.<\/p>\n<p>Se isso fosse votado na quarta-feira \u00e0 noite, teria sido meramente um gesto simb\u00f3lico. N\u00e3o teria mudado o curr\u00edculo da escola.<\/p>\n<p>Na ter\u00e7a-feira, as Escolas P\u00fablicas do Condado de Broward aprovaram que outubro seja comemorado como o M\u00eas da Hist\u00f3ria LGBTQ.<\/p>\n<p><em>Copyright 2024 Sunbeam Television Corp. Todos os direitos reservados. Este material n\u00e3o pode ser publicado, transmitido, reescrito ou redistribu\u00eddo.<\/em><\/p>\n<div class=\"wp-block-newsletter\">\n\t<strong class=\"wp-block-newsletter__title\">Inscreva-se em nossa Newsletter para receber as \u00faltimas not\u00edcias diretamente na sua caixa de entrada<\/strong><\/p>\n<\/div><\/div>\n<p><br \/>\n<br \/><a href=\"https:\/\/wsvn.com\/news\/local\/miami-dade\/miami-dade-school-board-rejects-proposal-to-acknowledge-october-as-lgbtq-history-month-for-a-third-time\/\">Source link <\/a><\/p>","protected":false},"excerpt":{"rendered":"<p>MIAMI (WSVN) &#8211; Pela terceira vez consecutiva, o Conselho de Escolas P\u00fablicas do Condado de Miami-Dade rejeitou uma proposta para reconhecer o M\u00eas da Hist\u00f3ria LGBTQ. Aconteceu na quarta-feira \u00e0&hellip;<\/p>","protected":false},"author":1,"featured_media":35990,"comment_status":"closed","ping_status":"open","sticky":false,"template":"","format":"standard","meta":{"content-type":"","footnotes":""},"categories":[1],"tags":[],"class_list":["post-35989","post","type-post","status-publish","format-standard","has-post-thumbnail","hentry","category-uncategorized"],"_links":{"self":[{"href":"https:\/\/tvbrazilusa.com\/pt\/wp-json\/wp\/v2\/posts\/35989","targetHints":{"allow":["GET"]}}],"collection":[{"href":"https:\/\/tvbrazilusa.com\/pt\/wp-json\/wp\/v2\/posts"}],"about":[{"href":"https:\/\/tvbrazilusa.com\/pt\/wp-json\/wp\/v2\/types\/post"}],"author":[{"embeddable":true,"href":"https:\/\/tvbrazilusa.com\/pt\/wp-json\/wp\/v2\/users\/1"}],"replies":[{"embeddable":true,"href":"https:\/\/tvbrazilusa.com\/pt\/wp-json\/wp\/v2\/comments?post=35989"}],"version-history":[{"count":1,"href":"https:\/\/tvbrazilusa.com\/pt\/wp-json\/wp\/v2\/posts\/35989\/revisions"}],"predecessor-version":[{"id":35991,"href":"https:\/\/tvbrazilusa.com\/pt\/wp-json\/wp\/v2\/posts\/35989\/revisions\/35991"}],"wp:featuredmedia":[{"embeddable":true,"href":"https:\/\/tvbrazilusa.com\/pt\/wp-json\/wp\/v2\/media\/35990"}],"wp:attachment":[{"href":"https:\/\/tvbrazilusa.com\/pt\/wp-json\/wp\/v2\/media?parent=35989"}],"wp:term":[{"taxonomy":"category","embeddable":true,"href":"https:\/\/tvbrazilusa.com\/pt\/wp-json\/wp\/v2\/categories?post=35989"},{"taxonomy":"post_tag","embeddable":true,"href":"https:\/\/tvbrazilusa.com\/pt\/wp-json\/wp\/v2\/tags?post=35989"}],"curies":[{"name":"wp","href":"https:\/\/api.w.org\/{rel}","templated":true}]}}