{"id":35992,"date":"2024-09-12T13:00:51","date_gmt":"2024-09-12T13:00:51","guid":{"rendered":"https:\/\/tvbrazilusa.com\/2024\/09\/12\/navio-frances-que-afundou-em-desastre-de-1856-e-encontrado-na-costa-de-massachusetts\/"},"modified":"2024-09-12T13:22:39","modified_gmt":"2024-09-12T13:22:39","slug":"navio-frances-que-afundou-em-desastre-de-1856-e-encontrado-na-costa-de-massachusetts","status":"publish","type":"post","link":"https:\/\/tvbrazilusa.com\/pt\/2024\/09\/12\/navio-frances-que-afundou-em-desastre-de-1856-e-encontrado-na-costa-de-massachusetts\/","title":{"rendered":"Navio franc\u00eas que afundou em desastre de 1856 \u00e9 encontrado na costa de Massachusetts"},"content":{"rendered":"<p> <script async src=\"https:\/\/pagead2.googlesyndication.com\/pagead\/js\/adsbygoogle.js?client=ca-pub-8864793242727901\"\r\n     crossorigin=\"anonymous\"><\/script><br \/>\n<\/p>\n<div id=\"\">\n<header class=\"m-article-header m-article-header--standard\">\n\t\t\t\t\t\t\t\t\t\t\t\t<span id=\"article-header-primary-term\"><br \/>\n\t\t\t\t\t\t\t\t<a class=\"a-term a-term--primary\" href=\"https:\/\/www.boston.com\/tag\/local-news\/\"><\/p>\n<p>\t\t\t\t\t\t\t\tNot\u00edcias locais\t\t\t\t\t\t\t\t<\/a><br \/>\n\t\t\t\t\t\t\t<\/span><\/p>\n<h2 class=\"m-article-header__sub-headline\">Por mais de um s\u00e9culo e meio, a localiza\u00e7\u00e3o do local de descanso final do navio intrigou os ca\u00e7adores de naufr\u00e1gios.<\/h2>\n<figure class=\"a-photo m-article-header__photo\"><figcaption class=\"a-photo__caption\">\n<p>\tO mergulhador Joe Mazraani desenterrando parte do cordame do naufr\u00e1gio Le Lyonnais no fundo do Oceano Atl\u00e2ntico, cerca de 225 quil\u00f4metros a leste de Nantucket, Massachusetts, em 24 de agosto de 2024. <em> Andrew Donn via The New York Times<\/em>\t<\/figcaption><\/figure>\n<div class=\"m-article-header__meta\">\n<div class=\"m-article-header__byline\">\n<p class=\"m-article-header__author\">\n<p>\t\t\t\t\t\t\t\tPor Hank Sanders, New York Times Service\t\t\t\t\t\t\t<\/p>\n<p>\t\t\t\t\t\t    \t\t\t\t\t\t\t<time class=\"m-article-header__date\"><\/p>\n<p>        \t\t\t\t\t\t\t12 de setembro de 2024 | 9:00 AM    \t\t\t\t\t\t\t<\/time><\/p><\/div>\n<\/p><\/div>\n<\/header>\n<p>Um navio a vapor franc\u00eas de passageiros que afundou em 1856, matando mais de 100 pessoas, foi encontrado no m\u00eas passado no fundo do Oceano Atl\u00e2ntico, disse o D\/V Tenacious, um grupo de ca\u00e7a a naufr\u00e1gios sediado em Nova Jersey.<\/p>\n<p>O navio, Le Lyonnais, constru\u00eddo na Inglaterra em 1855, viajava dos Estados Unidos para a Fran\u00e7a quando colidiu com o Adriatic, um veleiro americano, matando 114 dos 132 passageiros do Le Lyonnais, disse o D\/V Tenacious em 4 de setembro. O Adriatic nunca parou.<\/p>\n<p>Por mais de um s\u00e9culo e meio, a localiza\u00e7\u00e3o do local de descanso final do navio deixou os ca\u00e7adores de naufr\u00e1gios perplexos. Ent\u00e3o, em 24 de agosto, sete ca\u00e7adores de naufr\u00e1gios da D\/V Tenacious confirmaram que encontraram os destro\u00e7os a cerca de 140 milhas a leste de Nantucket, Massachusetts.<\/p>\n<p>\u201cConseguir encontrar este navio me fez sentir como se estivesse encerrando o assunto para as pessoas que sofreram l\u00e1\u201d, disse Jennifer Sellitti, 50. Sellitti \u00e9 advogada e historiadora e escreveu um livro sobre o naufr\u00e1gio do Le Lyonnais chamado \u201c<a href=\"https:\/\/www.amazon.com\/Adriatic-Affair-Hit-Run-Nantucket\/dp\/0764367951\/\">O caso do Adri\u00e1tico: um atropelamento mar\u00edtimo na costa de Nantucket<\/a>.\u201d<\/p>\n<p>A D\/V Tenacious disse que n\u00e3o estava divulgando a localiza\u00e7\u00e3o exata do naufr\u00e1gio porque n\u00e3o queria que outros se aglomerassem no local. Ela planeja retornar ao local de mergulho para aprender mais sobre o navio.<\/p>\n<p>Em 2 de novembro de 1856, os tripulantes do Le Lyonnais e do The Adriatic perceberam tarde demais que estavam prestes a colidir.<\/p>\n<p>\u201cO navio continuou seu curso, que o teria levado pela nossa popa\u201d, escreveu o capit\u00e3o n\u00e3o identificado do Adri\u00e1tico em uma declara\u00e7\u00e3o que estava no <a href=\"https:\/\/timesmachine.nytimes.com\/timesmachine\/1856\/11\/19\/77064596.html?pageNumber=1\">primeira p\u00e1gina <\/a>do The New York Times \u2014 ent\u00e3o chamado de The New-York Daily Times \u2014 em 19 de novembro de 1856. \u201cN\u00f3s tentamos nos salvar virando, mas era tarde demais e em poucos minutos est\u00e1vamos em falta, atingindo o vapor.\u201d<\/p>\n<p>O Adriatic, que teve danos menores na colis\u00e3o, n\u00e3o parou e seguiu para o porto mais pr\u00f3ximo, em Gloucester, Massachusetts, onde acabou dois dias depois, disse o capit\u00e3o. A tripula\u00e7\u00e3o inicialmente n\u00e3o mencionou a colis\u00e3o com o Le Lyonnais, acreditando que os danos ao Le Lyonnais eram insignificantes, disse Sellitti.<\/p>\n<p>Na realidade, o casco do Le Lyonnais foi perfurado, disse Sellitti. Os danos pareciam pequenos buracos, que a tripula\u00e7\u00e3o tentou remendar. Mas a tripula\u00e7\u00e3o lutou para manter o navio em movimento e ele come\u00e7ou a se deslocar lentamente abaixo da superf\u00edcie. No terceiro dia ap\u00f3s a colis\u00e3o, em 5 de novembro, o navio afundou, disse ela.<\/p>\n<p>Na d\u00e9cada de 1850, os construtores de navios estavam mudando de navios movidos a vela para a energia a vapor, explicou Sellitti. O acidente virou not\u00edcia internacional quase instantaneamente porque acendeu debates dif\u00edceis sobre quest\u00f5es tecnol\u00f3gicas e geopol\u00edticas, disse Sellitti.<\/p>\n<p>Quando navios a vela e a vapor se encontram, qual deles tem o direito de passagem? Como dois navios de na\u00e7\u00f5es diferentes se comportam em \u00e1guas internacionais? E o capit\u00e3o do Adri\u00e1tico deve ser responsabilizado?<\/p>\n<figure class=\"wp-block-image size-full\"><img fetchpriority=\"high\" decoding=\"async\" width=\"2560\" height=\"1706\" src=\"https:\/\/bdc2020.o0bc.com\/wp-content\/uploads\/2024\/09\/https___nytapi.wieck_.com_feed-photos_6mT627av-66e2e3018831f-scaled.jpg\" alt=\"\" class=\"wp-image-31664243\" srcset=\"https:\/\/bdc2020.o0bc.com\/wp-content\/uploads\/2024\/09\/https___nytapi.wieck_.com_feed-photos_6mT627av-66e2e3018831f-scaled.jpg?width=200 200w, https:\/\/bdc2020.o0bc.com\/wp-content\/uploads\/2024\/09\/https___nytapi.wieck_.com_feed-photos_6mT627av-66e2e3018831f-scaled.jpg?width=300 300w, https:\/\/bdc2020.o0bc.com\/wp-content\/uploads\/2024\/09\/https___nytapi.wieck_.com_feed-photos_6mT627av-66e2e3018831f-scaled.jpg?width=400 400w, https:\/\/bdc2020.o0bc.com\/wp-content\/uploads\/2024\/09\/https___nytapi.wieck_.com_feed-photos_6mT627av-66e2e3018831f-scaled.jpg?width=500 500w, https:\/\/bdc2020.o0bc.com\/wp-content\/uploads\/2024\/09\/https___nytapi.wieck_.com_feed-photos_6mT627av-66e2e3018831f-scaled.jpg?width=600 600w, https:\/\/bdc2020.o0bc.com\/wp-content\/uploads\/2024\/09\/https___nytapi.wieck_.com_feed-photos_6mT627av-66e2e3018831f-scaled.jpg?width=700 700w, https:\/\/bdc2020.o0bc.com\/wp-content\/uploads\/2024\/09\/https___nytapi.wieck_.com_feed-photos_6mT627av-66e2e3018831f-scaled.jpg?width=800 800w, https:\/\/bdc2020.o0bc.com\/wp-content\/uploads\/2024\/09\/https___nytapi.wieck_.com_feed-photos_6mT627av-66e2e3018831f-scaled.jpg?width=900 900w\" sizes=\"(max-width: 2560px) 100vw, 2560px\"\/><figcaption class=\"wp-element-caption\">Uma parte do cilindro da m\u00e1quina a vapor do Le Lyonnais no fundo do Oceano Atl\u00e2ntico, cerca de 225 quil\u00f4metros a leste de Nantucket, Massachusetts, em 24 de agosto de 2024. <i> \u2013 Andrew Donn via The New York Times<\/i><\/figcaption><\/figure>\n<p>Em 2023, a D\/V Tenacious conduziu pesquisas de sonar do fundo do oceano na \u00e1rea de Georges Bank, no Oceano Atl\u00e2ntico, e encontrou dois naufr\u00e1gios que tinham potencial para ser Le Lyonnais. Em agosto, as equipes conduziram um mergulho em um local, mas rapidamente descobriram que eram os restos de um naufr\u00e1gio completamente diferente.<\/p>\n<p>No mergulho para o segundo local, Joe Mazraani, 46, um advogado de defesa criminal que tamb\u00e9m investiga naufr\u00e1gios, observou que o naufr\u00e1gio tinha o design do Le Lyonnais: uma m\u00e1quina a vapor horizontal, velas e a mesma largura de cilindro do motor.<\/p>\n<p>\u201cEu n\u00e3o imaginava que conseguir\u00edamos resolver isso em menos de tr\u00eas anos\u201d, disse ele.<\/p>\n<p>Mazraani disse que foi &#8220;s\u00e9rio&#8221; passar um tempo com algo que provavelmente n\u00e3o era visto desde o dia em que aconteceu, em um evento catastr\u00f3fico que causou dor e sofrimento incompreens\u00edveis.<\/p>\n<p>\u201cOutra terr\u00edvel calamidade ocorreu no mar\u201d, dizia a primeira p\u00e1gina do The New-York Daily Times em 15 de novembro de 1856. \u201cO capit\u00e3o e cerca de 40 pessoas embarcaram em uma jangada que se acredita ter se despeda\u00e7ado antes do tempo, com muitas vidas perdidas.\u201d<\/p>\n<p><em>Este artigo foi publicado originalmente em <a href=\"https:\/\/www.nytimes.com\/2024\/09\/11\/us\/le-lyonnais-shipwreck-found-massachusetts.html\">O jornal New York Times<\/a>.<\/em><\/p>\n<div class=\"m-block m-generic-cta\t m-generic-cta--post-content\t m-generic-cta--dark\t m-generic-cta--homepage\t m-generic-cta--email-signup\t\t m-generic-cta-block-style--default \tt-amp__generic-cta\"><\/p>\n<div class=\"m-generic-cta__wrap\">\n<div class=\"m-generic-cta__content\">\n<h3 class=\"m-generic-cta__title\">Alertas de not\u00edcias extras<\/h3>\n<p class=\"m-generic-cta__subtitle\">Receba atualiza\u00e7\u00f5es de \u00faltima hora assim que elas acontecerem.<\/p>\n<\/p><\/div>\n<\/p><\/div>\n<\/div><\/div>\n<p><script>\n\t\tvar consent=\"grant\";\n\t\t\/* The above code is parsing the JSON data from the local storage and storing it in a variable. *\/\n\t\t\t\t\tconst onetrustStorageConsent = JSON.parse(localStorage.getItem( 'consent_one_trust_bdc' ) );\n\t\t\tif ( ( onetrustStorageConsent !== null ) ) {\n\t\t\t\t\/* Checking to see if the user has consented to the use of cookies.\n\t\t\t\t* If they have not, it is deleting the cookie.\n\t\t\t\t* This will comment for now, until further notice.\n\t\t\t\t*\/\n\t\t\t\t\/\/if ( onetrustStorageConsent.C0002 === false ) {\n\t\t\t\t\/\/\tdocument.cookie=\"_fbp=;expires=Thu, 01 Jan 2010 00:00:00 UTC; path=\/; domain=.boston.com\";\n\t\t\t\t\/\/}\n\t\t\t\t\/* Checking if the user has given consent for the cookie C0002.\n\t\t\t\t* If the user has given consent, the variable consent will be set to 'grant'.\n\t\t\t\t* If the user has not given consent,the variable consent will be set to 'revoke'.\n\t\t\t\t* Documentation https:\/\/developers.facebook.com\/docs\/meta-pixel\/implementation\/gdpr\n\t\t\t\t*\/\n\t\t\t\tif ( onetrustStorageConsent.C0002 !== true ) {\n\t\t\t\t\tconsent=\"revoke\";\n\t\t\t\t}\n\t\t\t}\n\t\t\t\t!function(f,b,e,v,n,t,s)\n\t\t{if(f.fbq)return;n=f.fbq=function(){n.callMethod?\n\t\tn.callMethod.apply(n,arguments):n.queue.push(arguments)};\n\t\tif(!f._fbq)f._fbq=n;n.push=n;n.loaded=!0;n.version='2.0';\n\t\tn.queue=[];t=b.createElement(e);t.async=!0;\n\t\tt.src=v;s=b.getElementsByTagName(e)[0];\n\t\ts.parentNode.insertBefore(t,s)}(window, document,'script',\n\t\t'https:\/\/connect.facebook.net\/en_US\/fbevents.js');\n\t\tfbq('consent', consent);\n\t\tfbq('init', '989222871864976');\n\t\tfbq('track', 'PageView');\n\t<\/script><script type=\"module\">\n\t\tvar consent=\"grant\";\n\t\t\/* The above code is parsing the JSON data from the local storage and storing it in a variable. *\/\n\t\t\tconst onetrustStorageConsent = JSON.parse(localStorage.getItem( 'consent_one_trust_bdc' ) );\n\t\t\t\/* Checking to see if the user has consented to the use of cookies.\n\t\t\t* If they have not, it is deleting the cookie.\n\t\t\t* This will comment for now, until further notice.\n\t\t\t*\/\n\t\t\t\/\/if ( onetrustStorageConsent.C0002 === false ) {\n\t\t\t\/\/\tdocument.cookie=\"_fbp=;expires=Thu, 01 Jan 2010 00:00:00 UTC; path=\/; domain=.boston.com\";\n\t\t\t\/\/}\n\t\t\t\/* Checking if the user has given consent for the cookie C0002.\n\t\t\t* If the user has given consent, the variable consent will be set to 'grant'.\n\t\t\t* If the user has not given consent,the variable consent will be set to 'revoke'.\n\t\t\t* Documentation https:\/\/developers.facebook.com\/docs\/meta-pixel\/implementation\/gdpr\n\t\t\t*\/\n\t\t\tif ( ( onetrustStorageConsent !== null ) && (onetrustStorageConsent.C0002 !== true ) ) {\n\t\t\t\tconsent=\"revoke\";\n\t\t\t}\n\t\t\t\t!function(f,b,e,v,n,t,s){if(f.fbq)return;n=f.fbq=function()\n\t\t{n.callMethod? n.callMethod.apply(n,arguments):n.queue.push(arguments)}\n\t\t;if(!f._fbq)f._fbq=n;\n\t\tn.push=n;n.loaded=!0;n.version='2.0';n.queue=[];t=b.createElement(e);t.async=!0;\n\t\tt.src=v;s=b.getElementsByTagName(e)[0];s.parentNode.insertBefore(t,s)}(window,\n\t\tdocument,'script','https:\/\/connect.facebook.net\/en_US\/fbevents.js');\n\t\tfbq('consent', consent);\n\t\tfbq('init', '813236348753005');\n\t\tfbq('track', \"PageView\");\n\t<\/script><br \/>\n<br \/><br \/>\n<br \/><a href=\"https:\/\/www.boston.com\/news\/local-news\/2024\/09\/12\/french-ship-that-sank-in-1856-disaster-is-found-off-massachusetts-coast\/\">Source link <\/a><\/p>","protected":false},"excerpt":{"rendered":"<p>Not\u00edcias locais Por mais de um s\u00e9culo e meio, a localiza\u00e7\u00e3o do local de descanso final do navio intrigou os ca\u00e7adores de naufr\u00e1gios. O mergulhador Joe Mazraani desenterrando parte do&hellip;<\/p>","protected":false},"author":1,"featured_media":35993,"comment_status":"closed","ping_status":"open","sticky":false,"template":"","format":"standard","meta":{"content-type":"","footnotes":""},"categories":[1],"tags":[],"class_list":["post-35992","post","type-post","status-publish","format-standard","has-post-thumbnail","hentry","category-uncategorized"],"_links":{"self":[{"href":"https:\/\/tvbrazilusa.com\/pt\/wp-json\/wp\/v2\/posts\/35992","targetHints":{"allow":["GET"]}}],"collection":[{"href":"https:\/\/tvbrazilusa.com\/pt\/wp-json\/wp\/v2\/posts"}],"about":[{"href":"https:\/\/tvbrazilusa.com\/pt\/wp-json\/wp\/v2\/types\/post"}],"author":[{"embeddable":true,"href":"https:\/\/tvbrazilusa.com\/pt\/wp-json\/wp\/v2\/users\/1"}],"replies":[{"embeddable":true,"href":"https:\/\/tvbrazilusa.com\/pt\/wp-json\/wp\/v2\/comments?post=35992"}],"version-history":[{"count":1,"href":"https:\/\/tvbrazilusa.com\/pt\/wp-json\/wp\/v2\/posts\/35992\/revisions"}],"predecessor-version":[{"id":35994,"href":"https:\/\/tvbrazilusa.com\/pt\/wp-json\/wp\/v2\/posts\/35992\/revisions\/35994"}],"wp:featuredmedia":[{"embeddable":true,"href":"https:\/\/tvbrazilusa.com\/pt\/wp-json\/wp\/v2\/media\/35993"}],"wp:attachment":[{"href":"https:\/\/tvbrazilusa.com\/pt\/wp-json\/wp\/v2\/media?parent=35992"}],"wp:term":[{"taxonomy":"category","embeddable":true,"href":"https:\/\/tvbrazilusa.com\/pt\/wp-json\/wp\/v2\/categories?post=35992"},{"taxonomy":"post_tag","embeddable":true,"href":"https:\/\/tvbrazilusa.com\/pt\/wp-json\/wp\/v2\/tags?post=35992"}],"curies":[{"name":"wp","href":"https:\/\/api.w.org\/{rel}","templated":true}]}}