{"id":36001,"date":"2024-09-12T12:02:08","date_gmt":"2024-09-12T12:02:08","guid":{"rendered":"https:\/\/tvbrazilusa.com\/2024\/09\/12\/o-senador-bernie-sanders-disse-que-esta-pronto-para-processar-o-ceo-da-steward-por-desacato\/"},"modified":"2024-09-12T13:46:48","modified_gmt":"2024-09-12T13:46:48","slug":"o-senador-bernie-sanders-disse-que-esta-pronto-para-processar-o-ceo-da-steward-por-desacato","status":"publish","type":"post","link":"https:\/\/tvbrazilusa.com\/pt\/2024\/09\/12\/o-senador-bernie-sanders-disse-que-esta-pronto-para-processar-o-ceo-da-steward-por-desacato\/","title":{"rendered":"O senador Bernie Sanders disse que est\u00e1 pronto para processar o CEO da Steward por desacato"},"content":{"rendered":"<p> <script async src=\"https:\/\/pagead2.googlesyndication.com\/pagead\/js\/adsbygoogle.js?client=ca-pub-8864793242727901\"\r\n     crossorigin=\"anonymous\"><\/script><br \/>\n<\/p>\n<div id=\"\">\n<header class=\"m-article-header m-article-header--standard\">\n\t\t\t\t\t\t\t\t\t\t\t\t<span id=\"article-header-primary-term\"><br \/>\n\t\t\t\t\t\t\t\t<a class=\"a-term a-term--primary\" href=\"https:\/\/www.boston.com\/tag\/politics\/\"><\/p>\n<p>\t\t\t\t\t\t\t\tPol\u00edtica\t\t\t\t\t\t\t\t<\/a><br \/>\n\t\t\t\t\t\t\t<\/span><\/p>\n<h2 class=\"m-article-header__sub-headline\">Sanders disse que de la Torre precisa responder aos americanos sobre como ele conseguiu arrecadar centenas de milh\u00f5es de d\u00f3lares enquanto a Steward Health Care teve que pedir fal\u00eancia.<\/h2>\n<figure class=\"a-photo m-article-header__photo\"><figcaption class=\"a-photo__caption\">\n<p>\tSenador Bernie Sanders, I-Vt.<em> AP Photo\/Damian Dovarganes, Arquivo<\/em>\t<\/figcaption><\/figure>\n<div class=\"m-article-header__meta\">\n<div class=\"m-article-header__byline\">\n<p class=\"m-article-header__author\">\n<p>\t\t\t\t\t\t\t\tPor STEVE LeBLANC, Associated Press\t\t\t\t\t\t\t<\/p>\n<p>\t\t\t\t\t\t    \t\t\t\t\t\t\t<time class=\"m-article-header__date\"><\/p>\n<p>        \t\t\t\t\t\t\t12 de setembro de 2024 | 8h02    \t\t\t\t\t\t\t<\/time><\/p><\/div>\n<\/p><\/div>\n<\/header>\n<p>BOSTON (AP) \u2014 O senador dos EUA de Vermont, Bernie Sanders, disse na quarta-feira que est\u00e1 preparado para prosseguir com as acusa\u00e7\u00f5es de desacato contra a Steward Health Care <a href=\"https:\/\/www.boston.com\/news\/local-news\/2024\/08\/09\/healey-supports-federal-investigation-into-steward-health-cares-de-la-torre\/\">CEO Ralph de la Torre<\/a> se ele n\u00e3o comparecer \u00e0 audi\u00eancia na quinta-feira, apesar de ter recebido uma intima\u00e7\u00e3o.<\/p>\n<p>Sanders disse que de la Torre precisa responder ao povo americano sobre como ele conseguiu arrecadar centenas de milh\u00f5es de d\u00f3lares enquanto <a href=\"https:\/\/www.boston.com\/?s=steward+health+care\">Cuidados de sa\u00fade de administrador<\/a>que operava cerca de 30 hospitais em todo o pa\u00eds, teve que<a href=\"https:\/\/www.boston.com\/news\/business\/2024\/05\/06\/hospital-operator-steward-health-care-files-for-bankruptcy-protection\/\"> pedir fal\u00eancia<\/a> em maio.<\/p>\n<p>\u201cIsso \u00e9 algo que n\u00e3o vai desaparecer\u201d, disse Sanders \u00e0 The Associated Press. \u201cVamos perseguir isso obstinadamente.\u201d<\/p>\n<p>A Steward tem trabalhado para vender mais de meia d\u00fazia de hospitais em Massachusetts, mas recebeu propostas inadequadas para <a href=\"https:\/\/www.boston.com\/news\/health\/2024\/07\/26\/steward-health-care-to-close-hospitals-in-dorchester-and-ayer\/\">dois outros hospitais<\/a> \u2014 Hospital Carney em Boston e Centro M\u00e9dico Nashoba Valley na cidade de Ayer \u2014 ambos com <a href=\"https:\/\/www.boston.com\/news\/local-news\/2024\/08\/05\/heres-how-many-employees-are-slated-to-lose-their-jobs-in-latest-steward-closures\/\">fechado como resultado<\/a>. Um tribunal federal de fal\u00eancias aprovou na semana passada a venda de outros hospitais de Steward em Massachusetts.<\/p>\n<p>\u201cEle decidiu n\u00e3o aparecer porque n\u00e3o quer explicar ao povo americano o qu\u00e3o horr\u00edvel sua gan\u00e2ncia se tornou\u201d, disse Sanders. \u201cConte-me sobre seu iate. Conte-me sobre seu barco de pesca. Quero ouvir sua justificativa para isso. Conte isso \u00e0 comunidade onde funcion\u00e1rios foram demitidos enquanto voc\u00ea ganhava US$ 250 milh\u00f5es.\u201d<\/p>\n<p>Sanders disse que para considerar de la Torre em desacato seria necess\u00e1ria uma vota\u00e7\u00e3o do Comit\u00ea de Sa\u00fade, Educa\u00e7\u00e3o, Trabalho e Pens\u00f5es do Senado, que ele preside, ou \u2014 dependendo da a\u00e7\u00e3o que eles tomarem \u2014 uma vota\u00e7\u00e3o do Senado pleno.<\/p>\n<p>Os advogados de la Torre disseram que ele n\u00e3o testemunhar\u00e1 perante o comit\u00ea que investiga a empresa hospitalar sediada em Dallas porque uma ordem judicial federal o pro\u00edbe de discutir qualquer coisa durante um esfor\u00e7o de reorganiza\u00e7\u00e3o e acordo em andamento.<\/p>\n<p>Sanders disse que h\u00e1 muitas quest\u00f5es que de la Torre ainda pode abordar.<\/p>\n<p>Os advogados de de la Torre tamb\u00e9m acusaram o comit\u00ea de tentar transformar a audi\u00eancia em \u201cum pseudoprocesso criminal no qual eles usam o tempo, n\u00e3o para reunir fatos, mas para condenar o Dr. de la Torre aos olhos da opini\u00e3o p\u00fablica\u201d.<\/p>\n<p>&#8220;N\u00e3o \u00e9 da compet\u00eancia deste Comit\u00ea fazer predetermina\u00e7\u00f5es de suposta m\u00e1 conduta criminosa sob os ausp\u00edcios de um exame dos procedimentos de fal\u00eancia de Steward, e o fato de seus membros j\u00e1 terem feito isso cheira a uma tentativa velada de contornar os direitos constitucionais do Dr. de la Torre&#8221;, disseram os advogados em uma carta a Sanders na semana passada.<\/p>\n<p>De la Torre n\u00e3o descartou testemunhar perante o comit\u00ea em uma data posterior \u2014 uma sugest\u00e3o que Sanders descreveu como \u201c100% uma t\u00e1tica de adiamento\u201d.<\/p>\n<p>Sanders tamb\u00e9m disse que o comit\u00ea n\u00e3o recebeu nenhuma indica\u00e7\u00e3o de que de la Torre mudar\u00e1 de ideia e comparecer\u00e1 \u00e0 audi\u00eancia de quinta-feira, que tamb\u00e9m incluir\u00e1 depoimentos de enfermeiros que trabalharam em dois dos hospitais de propriedade de Steward em Massachusetts.<\/p>\n<p>\u201cVoc\u00ea tem um sujeito se tornando fabulosamente rico enquanto leva hospitais \u00e0 fal\u00eancia e nega \u00e0s pessoas de baixa e m\u00e9dia renda os cuidados de sa\u00fade de que elas tanto precisam\u201d, disse Sanders. Ele disse que mais de uma d\u00fazia de pacientes morreram em hospitais de Steward como resultado de pessoal inadequado ou escassez de equipamentos m\u00e9dicos.<\/p>\n<p>\u201cQuando um hospital fecha em uma comunidade, especialmente uma comunidade de baixa renda, \u00e9 um desastre. Para onde as pessoas v\u00e3o? Onde fica o pronto-socorro mais pr\u00f3ximo?\u201d Sanders acrescentou.<\/p>\n<p>As op\u00e7\u00f5es do comit\u00ea incluem manter de la Torre em desacato criminal, o que pode resultar em julgamento e pris\u00e3o; ou desacato civil, o que resultaria em multas at\u00e9 que ele compare\u00e7a. Ambas exigiriam uma vota\u00e7\u00e3o no Senado.<\/p>\n<p>De la Torre tamb\u00e9m recusou convites para testemunhar em uma audi\u00eancia de campo em Boston no in\u00edcio deste ano, presidida pelo senador Edward Markey, um democrata de Massachusetts e tamb\u00e9m membro do comit\u00ea.<\/p>\n<div class=\"m-block m-generic-cta\t m-generic-cta--post-content\t m-generic-cta--dark\t m-generic-cta--homepage\t m-generic-cta--email-signup\t\t m-generic-cta-block-style--default \tt-amp__generic-cta\"><\/p>\n<div class=\"m-generic-cta__wrap\">\n<div class=\"m-generic-cta__content\">\n<h3 class=\"m-generic-cta__title\">Alertas de not\u00edcias extras<\/h3>\n<p class=\"m-generic-cta__subtitle\">Receba atualiza\u00e7\u00f5es de \u00faltima hora assim que elas acontecerem.<\/p>\n<\/p><\/div>\n<\/p><\/div>\n<\/div><\/div>\n<p><script>\n\t\tvar consent=\"grant\";\n\t\t\/* The above code is parsing the JSON data from the local storage and storing it in a variable. *\/\n\t\t\t\t\tconst onetrustStorageConsent = JSON.parse(localStorage.getItem( 'consent_one_trust_bdc' ) );\n\t\t\tif ( ( onetrustStorageConsent !== null ) ) {\n\t\t\t\t\/* Checking to see if the user has consented to the use of cookies.\n\t\t\t\t* If they have not, it is deleting the cookie.\n\t\t\t\t* This will comment for now, until further notice.\n\t\t\t\t*\/\n\t\t\t\t\/\/if ( onetrustStorageConsent.C0002 === false ) {\n\t\t\t\t\/\/\tdocument.cookie=\"_fbp=;expires=Thu, 01 Jan 2010 00:00:00 UTC; path=\/; domain=.boston.com\";\n\t\t\t\t\/\/}\n\t\t\t\t\/* Checking if the user has given consent for the cookie C0002.\n\t\t\t\t* If the user has given consent, the variable consent will be set to 'grant'.\n\t\t\t\t* If the user has not given consent,the variable consent will be set to 'revoke'.\n\t\t\t\t* Documentation https:\/\/developers.facebook.com\/docs\/meta-pixel\/implementation\/gdpr\n\t\t\t\t*\/\n\t\t\t\tif ( onetrustStorageConsent.C0002 !== true ) {\n\t\t\t\t\tconsent=\"revoke\";\n\t\t\t\t}\n\t\t\t}\n\t\t\t\t!function(f,b,e,v,n,t,s)\n\t\t{if(f.fbq)return;n=f.fbq=function(){n.callMethod?\n\t\tn.callMethod.apply(n,arguments):n.queue.push(arguments)};\n\t\tif(!f._fbq)f._fbq=n;n.push=n;n.loaded=!0;n.version='2.0';\n\t\tn.queue=[];t=b.createElement(e);t.async=!0;\n\t\tt.src=v;s=b.getElementsByTagName(e)[0];\n\t\ts.parentNode.insertBefore(t,s)}(window, document,'script',\n\t\t'https:\/\/connect.facebook.net\/en_US\/fbevents.js');\n\t\tfbq('consent', consent);\n\t\tfbq('init', '989222871864976');\n\t\tfbq('track', 'PageView');\n\t<\/script><script type=\"module\">\n\t\tvar consent=\"grant\";\n\t\t\/* The above code is parsing the JSON data from the local storage and storing it in a variable. *\/\n\t\t\tconst onetrustStorageConsent = JSON.parse(localStorage.getItem( 'consent_one_trust_bdc' ) );\n\t\t\t\/* Checking to see if the user has consented to the use of cookies.\n\t\t\t* If they have not, it is deleting the cookie.\n\t\t\t* This will comment for now, until further notice.\n\t\t\t*\/\n\t\t\t\/\/if ( onetrustStorageConsent.C0002 === false ) {\n\t\t\t\/\/\tdocument.cookie=\"_fbp=;expires=Thu, 01 Jan 2010 00:00:00 UTC; path=\/; domain=.boston.com\";\n\t\t\t\/\/}\n\t\t\t\/* Checking if the user has given consent for the cookie C0002.\n\t\t\t* If the user has given consent, the variable consent will be set to 'grant'.\n\t\t\t* If the user has not given consent,the variable consent will be set to 'revoke'.\n\t\t\t* Documentation https:\/\/developers.facebook.com\/docs\/meta-pixel\/implementation\/gdpr\n\t\t\t*\/\n\t\t\tif ( ( onetrustStorageConsent !== null ) && (onetrustStorageConsent.C0002 !== true ) ) {\n\t\t\t\tconsent=\"revoke\";\n\t\t\t}\n\t\t\t\t!function(f,b,e,v,n,t,s){if(f.fbq)return;n=f.fbq=function()\n\t\t{n.callMethod? n.callMethod.apply(n,arguments):n.queue.push(arguments)}\n\t\t;if(!f._fbq)f._fbq=n;\n\t\tn.push=n;n.loaded=!0;n.version='2.0';n.queue=[];t=b.createElement(e);t.async=!0;\n\t\tt.src=v;s=b.getElementsByTagName(e)[0];s.parentNode.insertBefore(t,s)}(window,\n\t\tdocument,'script','https:\/\/connect.facebook.net\/en_US\/fbevents.js');\n\t\tfbq('consent', consent);\n\t\tfbq('init', '813236348753005');\n\t\tfbq('track', \"PageView\");\n\t<\/script><br \/>\n<br \/><br \/>\n<br \/><a href=\"https:\/\/www.boston.com\/news\/politics\/2024\/09\/12\/sen-bernie-sanders-to-pursue-contempt-charges-against-steward-ceo\/\">Source link <\/a><\/p>","protected":false},"excerpt":{"rendered":"<p>Pol\u00edtica Sanders disse que de la Torre precisa responder aos americanos sobre como ele conseguiu arrecadar centenas de milh\u00f5es de d\u00f3lares enquanto a Steward Health Care teve que pedir fal\u00eancia.&hellip;<\/p>","protected":false},"author":1,"featured_media":36002,"comment_status":"closed","ping_status":"open","sticky":false,"template":"","format":"standard","meta":{"content-type":"","footnotes":""},"categories":[1],"tags":[],"class_list":["post-36001","post","type-post","status-publish","format-standard","has-post-thumbnail","hentry","category-uncategorized"],"_links":{"self":[{"href":"https:\/\/tvbrazilusa.com\/pt\/wp-json\/wp\/v2\/posts\/36001","targetHints":{"allow":["GET"]}}],"collection":[{"href":"https:\/\/tvbrazilusa.com\/pt\/wp-json\/wp\/v2\/posts"}],"about":[{"href":"https:\/\/tvbrazilusa.com\/pt\/wp-json\/wp\/v2\/types\/post"}],"author":[{"embeddable":true,"href":"https:\/\/tvbrazilusa.com\/pt\/wp-json\/wp\/v2\/users\/1"}],"replies":[{"embeddable":true,"href":"https:\/\/tvbrazilusa.com\/pt\/wp-json\/wp\/v2\/comments?post=36001"}],"version-history":[{"count":1,"href":"https:\/\/tvbrazilusa.com\/pt\/wp-json\/wp\/v2\/posts\/36001\/revisions"}],"predecessor-version":[{"id":36003,"href":"https:\/\/tvbrazilusa.com\/pt\/wp-json\/wp\/v2\/posts\/36001\/revisions\/36003"}],"wp:featuredmedia":[{"embeddable":true,"href":"https:\/\/tvbrazilusa.com\/pt\/wp-json\/wp\/v2\/media\/36002"}],"wp:attachment":[{"href":"https:\/\/tvbrazilusa.com\/pt\/wp-json\/wp\/v2\/media?parent=36001"}],"wp:term":[{"taxonomy":"category","embeddable":true,"href":"https:\/\/tvbrazilusa.com\/pt\/wp-json\/wp\/v2\/categories?post=36001"},{"taxonomy":"post_tag","embeddable":true,"href":"https:\/\/tvbrazilusa.com\/pt\/wp-json\/wp\/v2\/tags?post=36001"}],"curies":[{"name":"wp","href":"https:\/\/api.w.org\/{rel}","templated":true}]}}